{"id":130459,"date":"2022-09-05T18:50:00","date_gmt":"2022-09-05T16:50:00","guid":{"rendered":"https:\/\/liked.hu\/old\/?p=130459"},"modified":"2022-09-12T11:17:16","modified_gmt":"2022-09-12T09:17:16","slug":"7-film-amirol-ugy-gondoltuk-hogy-happy-enddel-zarult-de-tevedtunk","status":"publish","type":"post","link":"https:\/\/liked.hu\/old\/filmek-es-tv\/7-film-amirol-ugy-gondoltuk-hogy-happy-enddel-zarult-de-tevedtunk\/","title":{"rendered":"7 film, amir\u0151l \u00fagy gondoltuk, hogy Happy Enddel z\u00e1rult, de t\u00e9vedt\u00fcnk"},"content":{"rendered":"<p>Egyes filmek rendk\u00edv\u00fcl k\u00e9t\u00e9rtelm\u0171ek, ez\u00e9rt a benn\u00fck v\u00e9gbemen\u0151 cselekm\u00e9ny javar\u00e9szt att\u00f3l f\u00fcgg, hogy mi n\u00e9z\u0151k, hogyan \u00e9rtelmezz\u00fck azokat.<\/p>\n\n<div style=\"float:none;margin:0px 0 0px 0;text-align:center;\">\n<div class=\"mobileShowkakettes\"><div class=\"mobileShowka2\"><div style=\"padding-top:0px;padding-bottom:15px;min-height: 300px;\"><div class=\"hirdetes\">HIRDET\u00c9S<\/div>\n<!-- 300lista -->\n<ins class=\"adsbygoogle\"\n     style=\"display:inline-block;width:300px;height:250px\"\n     data-ad-client=\"ca-pub-9424088931673893\"\n     data-ad-slot=\"8471340766\"><\/ins>\n<script async>\n     (adsbygoogle = window.adsbygoogle || []).push({});\n<\/script><\/div><\/div><\/div><\/div>\n\n<p>Az al\u00e1bbi list\u00e1n 7 olyan n\u00e9pszer\u0171 \u00e9s k\u00f6zkedvelt filmet gy\u0171jt\u00f6tt\u00fcnk most \u00f6ssze, melyek egyt\u0151l-egyig \u00fagy \u00e9lnek benn\u00fcnk, mint amelyeknek sz\u00edvmelenget\u0151 happy end lett a v\u00e9ge, pedig ha jobban elmer\u00fcl\u00fcnk a t\u00f6rt\u00e9net\u00fckben, r\u00e1j\u00f6het\u00fcnk, hogy nem is olyan boldog a befejez\u00e9s, mint gondoltuk.<\/p>\n<div id=\"zombify-main-section-front\" class=\"zombify-main-section-front zombify-screen zf-media-full\">\r\n\t<link rel=\"stylesheet\" type=\"text\/css\" href=\"https:\/\/liked.hu\/old\/js\/zombify.css\">\r\n    <link rel=\"stylesheet\" type=\"text\/css\" href=\"https:\/\/liked.hu\/old\/wp-content\/themes\/newsy-child\/style.css\">\r\n\t<div class=\"zf-container\">\r\n\t\t<div id=\"zf-list\" class=\"zf-list zf-numbered\">\r\n\t\t\t<ol class=\"zf-structure-list\">\r\n\t\t\t\t\t\t\t\t\t\t<li class=\"zf-list_item\">\r\n\t\t\t\t\t\t\t<div class=\"zf-list_header\">\r\n\t\t\t\t\t\t\t\t<h3 id=\"listaelem1\" class=\"zf-list_title\">\r\n\t\t\t\t\t\t\t\t\t<span class=\"zf-number\">1<\/span>\r\n\t\t\t\t\t\t\t\t\tTruman Show, 1998\t\t\t\t\t\t\t\t<\/h3>\r\n\t\t\t\t\t\t\t<\/div>\r\n\t\t\t\t\t\t\t\t\t\t\t\t\t\t\t<figure class=\"zf-list_media zf-media-wrapper zf-image zf-type-image\">\r\n\t\t\t\t\t\t\t\t\t<div title=\"Truman Show, 1998\" alt=\"Truman Show, 1998\" class=\"zf-media\">\r\n\t\t\t\t\t\t\t\t\t\t<img width=\"728\" height=\"480\" src=\"https:\/\/liked.hu\/old\/wp-content\/uploads\/2019\/02\/31539115-image2full-1544526362-728-7e8733a583-1548672288.jpg\" class=\"\" alt=\"\" loading=\"lazy\" style=\"\" srcset=\"https:\/\/liked.hu\/old\/wp-content\/uploads\/2019\/02\/31539115-image2full-1544526362-728-7e8733a583-1548672288.jpg 728w, https:\/\/liked.hu\/old\/wp-content\/uploads\/2019\/02\/31539115-image2full-1544526362-728-7e8733a583-1548672288-300x198.jpg 300w, https:\/\/liked.hu\/old\/wp-content\/uploads\/2019\/02\/31539115-image2full-1544526362-728-7e8733a583-1548672288-500x330.jpg 500w, https:\/\/liked.hu\/old\/wp-content\/uploads\/2019\/02\/31539115-image2full-1544526362-728-7e8733a583-1548672288-360x237.jpg 360w, https:\/\/liked.hu\/old\/wp-content\/uploads\/2019\/02\/31539115-image2full-1544526362-728-7e8733a583-1548672288-545x359.jpg 545w\" sizes=\"(max-width: 728px) 100vw, 728px\" \/>\t\t\t\t\t\t\t\t\t\t\t<figcaption class=\"zf-figcaption\">\r\n\t\t\t\t\t\t\t\t\t\t\t\t\t\t\t\t\t\t\t\t\t\t\t\t<cite><\/cite>\r\n\r\n\t\t\t\t\t\t\t\t\t\t\t\t\t\t\t\t\t\t\t\t\t\t\t<\/figcaption>\r\n\t\t\t\t\t\t\t\t\t\t\t\t\t\t\t\t\t\t\t<\/div>\r\n\t\t\t\t\t\t\t\t\t<hr \/>\r\n\t\t\t\t\t\t\t\t<\/figure>\r\n\t\t\t\t\t\t\t\t\t\t\t\t\t\t\t\t<div class=\"zf-list_description\"><p><strong>A film v\u00e9ge:<\/strong> Truman kil\u00e9p abb\u00f3l a telev\u00edzi\u00f3s vil\u00e1gb\u00f3l, amibe bele sz\u00fcletett, \u00e9s amiben az eg\u00e9sz \u00e9let\u00e9t \u00e9lte, a val\u00f3s\u00e1gban pedig egy igazi l\u00e1ny \u00e9s egy \u00faj \u00e9let v\u00e1r r\u00e1.<\/p><p><strong>Lehangol\u00f3 igazs\u00e1g:<\/strong> B\u00e1r Truman val\u00f3ban \u201ekiszabadult\u201d a m\u0171sor fogs\u00e1g\u00e1b\u00f3l, a val\u00f3s\u00e1gban tov\u00e1bbra is h\u00edress\u00e9g maradt, ez\u00e9rt az emberek a m\u0171sorb\u00f3l kiker\u00fclve is k\u00f6vetni fogj\u00e1k \u0151t \u00e9s figyelni minden l\u00e9p\u00e9s\u00e9t. Ebben a tekintetben pedig a f\u0151szerepl\u0151 nyugodt \u00e9s csendes \u00e9let ir\u00e1nti v\u00e1gya egyszer\u0171en lehetetlen.<\/p><\/div>\r\n\t\t\t\t\t\t\t\t\t\t\t\t\t<\/li>\r\n\t\t\t\t\t\t\t\t\t\t\t\t<li class=\"zf-list_item\">\r\n\t\t\t\t\t\t\t<div class=\"zf-list_header\">\r\n\t\t\t\t\t\t\t\t<h3 id=\"listaelem2\" class=\"zf-list_title\">\r\n\t\t\t\t\t\t\t\t\t<span class=\"zf-number\">2<\/span>\r\n\t\t\t\t\t\t\t\t\tVissza a j\u00f6v\u0151be, 1985\t\t\t\t\t\t\t\t<\/h3>\r\n\t\t\t\t\t\t\t<\/div>\r\n\t\t\t\t\t\t\t\t\t\t\t\t\t\t\t<figure class=\"zf-list_media zf-media-wrapper zf-image zf-type-image\">\r\n\t\t\t\t\t\t\t\t\t<div title=\"Vissza a j\u00f6v\u0151be, 1985\" alt=\"Vissza a j\u00f6v\u0151be, 1985\" class=\"zf-media\">\r\n\t\t\t\t\t\t\t\t\t\t<img width=\"728\" height=\"409\" src=\"https:\/\/liked.hu\/old\/wp-content\/uploads\/2019\/02\/Vissza-a-jovobe.jpg\" class=\"\" alt=\"\" loading=\"lazy\" style=\"\" srcset=\"https:\/\/liked.hu\/old\/wp-content\/uploads\/2019\/02\/Vissza-a-jovobe.jpg 728w, https:\/\/liked.hu\/old\/wp-content\/uploads\/2019\/02\/Vissza-a-jovobe-300x169.jpg 300w, https:\/\/liked.hu\/old\/wp-content\/uploads\/2019\/02\/Vissza-a-jovobe-500x281.jpg 500w, https:\/\/liked.hu\/old\/wp-content\/uploads\/2019\/02\/Vissza-a-jovobe-360x202.jpg 360w, https:\/\/liked.hu\/old\/wp-content\/uploads\/2019\/02\/Vissza-a-jovobe-545x306.jpg 545w\" sizes=\"(max-width: 728px) 100vw, 728px\" \/>\t\t\t\t\t\t\t\t\t\t\t<figcaption class=\"zf-figcaption\">\r\n\t\t\t\t\t\t\t\t\t\t\t\t\t\t\t\t\t\t\t\t\t\t\t\t<cite><\/cite>\r\n\r\n\t\t\t\t\t\t\t\t\t\t\t\t\t\t\t\t\t\t\t\t\t\t\t<\/figcaption>\r\n\t\t\t\t\t\t\t\t\t\t\t\t\t\t\t\t\t\t\t<\/div>\r\n\t\t\t\t\t\t\t\t\t<hr \/>\r\n\t\t\t\t\t\t\t\t<\/figure>\r\n\t\t\t\t\t\t\t\t\t\t\t\t\t\t\t\t<div class=\"zf-list_description\"><p><strong>A film v&eacute;ge:<\/strong> Marty McFlynak siker&uuml;l visszat&eacute;rnie a jelenbe, a t&ouml;rt&eacute;nelem megv&aacute;ltoztat&aacute;sa ut&aacute;n pedig sz&uuml;lei gazdagokk&aacute; &eacute;s boldogokk&aacute; v&aacute;lnak.<\/p><p><strong>Lehangol&oacute; igazs&aacute;g:<\/strong> a t&ouml;k&eacute;letes alternat&iacute;v j&ouml;v\u0151 megteremt&eacute;s&eacute;hez a f\u0151szerepl\u0151nek el kellett t&ouml;r&ouml;lnie az eg&eacute;sz m&uacute;ltj&aacute;t. Az anyj&aacute;n &eacute;s az apj&aacute;n k&iacute;v&uuml;l tulajdonk&eacute;ppen az &ouml;sszes bar&aacute;tja &eacute;s ismer\u0151se, akiket kor&aacute;bban ismert, val&oacute;sz&iacute;n\u0171leg teljesen idegenekk&eacute; v&aacute;ltak sz&aacute;m&aacute;ra.<\/p><div style=\"float:none;margin:0px 0 0px 0;text-align:center;\">\n<div class=\"mobileHideke5\"><div style=\"margin-top:25px;\"><div class=\"hirdeteshatter\"><div style=\"display: inline-block;width: 50%;min-width:305px;vertical-align: top;\"><div class=\"hirdetes\">HIRDET\u00c9S<\/div>\n<!-- LikedQ51 -->\n<ins class=\"adsbygoogle\"\n     style=\"display:inline-block;width:300px;height:250px\"\n     data-ad-client=\"ca-pub-9424088931673893\"\n     data-ad-slot=\"8284063326\"><\/ins>\n<script async>\n     (adsbygoogle = window.adsbygoogle || []).push({});\n<\/script><\/div><div style=\"display: inline-block;width: 50%;min-width:305px;vertical-align: top;\"><div class=\"hirdetes\">HIRDET\u00c9S<\/div>\n<!-- LikedQ52 -->\n<ins class=\"adsbygoogle\"\n     style=\"display:inline-block;width:300px;height:250px\"\n     data-ad-client=\"ca-pub-9424088931673893\"\n     data-ad-slot=\"2840164950\"><\/ins>\n<script async>\n     (adsbygoogle = window.adsbygoogle || []).push({});\n<\/script><\/div><\/div><\/div><\/div>\n<div style=\"display:flex;flex-direction:column;\"><div class=\"mobileShowka5\"><div style=\"padding-top:10px;padding-bottom:10px;min-height: 300px;\"><div class=\"hirdetes\">HIRDET\u00c9S<\/div>\n<!-- LikedQ5M -->\n<ins class=\"adsbygoogle\"\n     style=\"display:inline-block;width:300px;height:250px\"\n     data-ad-client=\"ca-pub-9424088931673893\"\n     data-ad-slot=\"9022429928\"><\/ins>\n<script async>\n     (adsbygoogle = window.adsbygoogle || []).push({});\n<\/script><\/div><\/div><\/div><\/div><\/div>\r\n\t\t\t\t\t\t\t\t\t\t\t\t\t<\/li>\r\n\t\t\t\t\t\t\t\t\t\t\t\t<li class=\"zf-list_item\">\r\n\t\t\t\t\t\t\t<div class=\"zf-list_header\">\r\n\t\t\t\t\t\t\t\t<h3 id=\"listaelem3\" class=\"zf-list_title\">\r\n\t\t\t\t\t\t\t\t\t<span class=\"zf-number\">3<\/span>\r\n\t\t\t\t\t\t\t\t\tHarcosok klubja, 1999\t\t\t\t\t\t\t\t<\/h3>\r\n\t\t\t\t\t\t\t<\/div>\r\n\t\t\t\t\t\t\t\t\t\t\t\t\t\t\t<figure class=\"zf-list_media zf-media-wrapper zf-image zf-type-image\">\r\n\t\t\t\t\t\t\t\t\t<div title=\"Harcosok klubja, 1999\" alt=\"Harcosok klubja, 1999\" class=\"zf-media\">\r\n\t\t\t\t\t\t\t\t\t\t<img width=\"728\" height=\"455\" src=\"https:\/\/liked.hu\/old\/wp-content\/uploads\/2019\/02\/31539065-Fight-Club-Wallpaper-1280x800-37761-1543837581-728-35214bfca0-1548672288_5.jpg\" class=\"\" alt=\"\" loading=\"lazy\" style=\"\" srcset=\"https:\/\/liked.hu\/old\/wp-content\/uploads\/2019\/02\/31539065-Fight-Club-Wallpaper-1280x800-37761-1543837581-728-35214bfca0-1548672288_5.jpg 728w, https:\/\/liked.hu\/old\/wp-content\/uploads\/2019\/02\/31539065-Fight-Club-Wallpaper-1280x800-37761-1543837581-728-35214bfca0-1548672288_5-300x188.jpg 300w, https:\/\/liked.hu\/old\/wp-content\/uploads\/2019\/02\/31539065-Fight-Club-Wallpaper-1280x800-37761-1543837581-728-35214bfca0-1548672288_5-500x313.jpg 500w, https:\/\/liked.hu\/old\/wp-content\/uploads\/2019\/02\/31539065-Fight-Club-Wallpaper-1280x800-37761-1543837581-728-35214bfca0-1548672288_5-360x225.jpg 360w, https:\/\/liked.hu\/old\/wp-content\/uploads\/2019\/02\/31539065-Fight-Club-Wallpaper-1280x800-37761-1543837581-728-35214bfca0-1548672288_5-545x341.jpg 545w\" sizes=\"(max-width: 728px) 100vw, 728px\" \/>\t\t\t\t\t\t\t\t\t\t\t<figcaption class=\"zf-figcaption\">\r\n\t\t\t\t\t\t\t\t\t\t\t\t\t\t\t\t\t\t\t\t\t\t\t\t<cite><\/cite>\r\n\r\n\t\t\t\t\t\t\t\t\t\t\t\t\t\t\t\t\t\t\t\t\t\t\t<\/figcaption>\r\n\t\t\t\t\t\t\t\t\t\t\t\t\t\t\t\t\t\t\t<\/div>\r\n\t\t\t\t\t\t\t\t\t<hr \/>\r\n\t\t\t\t\t\t\t\t<\/figure>\r\n\t\t\t\t\t\t\t\t\t\t\t\t\t\t\t\t<div class=\"zf-list_description\"><p><strong>A film v\u00e9ge:<\/strong> Jack r\u00e1j\u00f6n, hogy Tyler az \u0151 altereg\u00f3ja. V\u00e9gre eg\u00e9sz embernek \u00e9rzi mag\u00e1t, a v\u00e9g\u00e9n pedig Marla kez\u00e9t fogja, mik\u00f6zben az ablakon \u00e1t n\u00e9zik, ahogy a v\u00e1ros \u00f6sszeomlik.<\/p><p><strong>Lehangol\u00f3 val\u00f3s\u00e1g:<\/strong> az \u00f6sszes Tyler \u00e1ltal elk\u00f6vetett b\u0171ncselekm\u00e9ny\u00e9rt Jacknek kell majd felelnie, \u00edgy a letart\u00f3ztat\u00e1sa csak id\u0151 k\u00e9rd\u00e9se.<\/p><\/div>\r\n\t\t\t\t\t\t\t\t\t\t\t\t\t<\/li>\r\n\t\t\t\t\t\t\t\t\t\t\t\t<li class=\"zf-list_item\">\r\n\t\t\t\t\t\t\t<div class=\"zf-list_header\">\r\n\t\t\t\t\t\t\t\t<h3 id=\"listaelem4\" class=\"zf-list_title\">\r\n\t\t\t\t\t\t\t\t\t<span class=\"zf-number\">4<\/span>\r\n\t\t\t\t\t\t\t\t\tA fekete ruh\u00e1s n\u0151, 2012\t\t\t\t\t\t\t\t<\/h3>\r\n\t\t\t\t\t\t\t<\/div>\r\n\t\t\t\t\t\t\t\t\t\t\t\t\t\t\t<figure class=\"zf-list_media zf-media-wrapper zf-image zf-type-image\">\r\n\t\t\t\t\t\t\t\t\t<div title=\"A fekete ruh\u00e1s n\u0151, 2012\" alt=\"A fekete ruh\u00e1s n\u0151, 2012\" class=\"zf-media\">\r\n\t\t\t\t\t\t\t\t\t\t<img width=\"728\" height=\"484\" src=\"https:\/\/liked.hu\/old\/wp-content\/uploads\/2019\/02\/31539015-woman_in_black_daniel_radcliffe-1544527608-728-af82ddef90-1548672288_4.jpg\" class=\"\" alt=\"\" loading=\"lazy\" style=\"\" srcset=\"https:\/\/liked.hu\/old\/wp-content\/uploads\/2019\/02\/31539015-woman_in_black_daniel_radcliffe-1544527608-728-af82ddef90-1548672288_4.jpg 728w, https:\/\/liked.hu\/old\/wp-content\/uploads\/2019\/02\/31539015-woman_in_black_daniel_radcliffe-1544527608-728-af82ddef90-1548672288_4-300x199.jpg 300w, https:\/\/liked.hu\/old\/wp-content\/uploads\/2019\/02\/31539015-woman_in_black_daniel_radcliffe-1544527608-728-af82ddef90-1548672288_4-500x332.jpg 500w, https:\/\/liked.hu\/old\/wp-content\/uploads\/2019\/02\/31539015-woman_in_black_daniel_radcliffe-1544527608-728-af82ddef90-1548672288_4-360x239.jpg 360w, https:\/\/liked.hu\/old\/wp-content\/uploads\/2019\/02\/31539015-woman_in_black_daniel_radcliffe-1544527608-728-af82ddef90-1548672288_4-545x362.jpg 545w\" sizes=\"(max-width: 728px) 100vw, 728px\" \/>\t\t\t\t\t\t\t\t\t\t\t<figcaption class=\"zf-figcaption\">\r\n\t\t\t\t\t\t\t\t\t\t\t\t\t\t\t\t\t\t\t\t\t\t\t\t<cite><\/cite>\r\n\r\n\t\t\t\t\t\t\t\t\t\t\t\t\t\t\t\t\t\t\t\t\t\t\t<\/figcaption>\r\n\t\t\t\t\t\t\t\t\t\t\t\t\t\t\t\t\t\t\t<\/div>\r\n\t\t\t\t\t\t\t\t\t<hr \/>\r\n\t\t\t\t\t\t\t\t<\/figure>\r\n\t\t\t\t\t\t\t\t\t\t\t\t\t\t\t\t<div class=\"zf-list_description\"><p><strong>A film v\u00e9ge:<\/strong> a fiatal \u00fcgyv\u00e9d, Arthur \u00fajra egyes\u00fcl a feles\u00e9g\u00e9vel a k\u00f6vetkez\u0151 vil\u00e1gban.<\/p><p><strong>Lehangol\u00f3 val\u00f3s\u00e1g:<\/strong> a f\u0151h\u0151s hal\u00e1l\u00e1t neh\u00e9z happy endnek \u00e9rtelmezni. Re\u00e1lisan n\u00e9zve teh\u00e1t teljesen \u00faj \u00e9rtelmet nyer a film v\u00e9ge.&nbsp;<\/p><\/div>\r\n\t\t\t\t\t\t\t\t\t\t\t\t\t<\/li>\r\n\t\t\t\t\t\t\t\t\t\t\t\t<li class=\"zf-list_item\">\r\n\t\t\t\t\t\t\t<div class=\"zf-list_header\">\r\n\t\t\t\t\t\t\t\t<h3 id=\"listaelem5\" class=\"zf-list_title\">\r\n\t\t\t\t\t\t\t\t\t<span class=\"zf-number\">5<\/span>\r\n\t\t\t\t\t\t\t\t\tTotal Recall \u2013 Az eml\u00e9km\u00e1s, 1990\t\t\t\t\t\t\t\t<\/h3>\r\n\t\t\t\t\t\t\t<\/div>\r\n\t\t\t\t\t\t\t\t\t\t\t\t\t\t\t<figure class=\"zf-list_media zf-media-wrapper zf-image zf-type-image\">\r\n\t\t\t\t\t\t\t\t\t<div title=\"Total Recall \u2013 Az eml\u00e9km\u00e1s, 1990\" alt=\"Total Recall \u2013 Az eml\u00e9km\u00e1s, 1990\" class=\"zf-media\">\r\n\t\t\t\t\t\t\t\t\t\t<img width=\"728\" height=\"393\" src=\"https:\/\/liked.hu\/old\/wp-content\/uploads\/2019\/02\/31538965-totalrecallbdcap4_original1-1546935821-728-495babca2f-1548672288_3.jpg\" class=\"\" alt=\"\" loading=\"lazy\" style=\"\" srcset=\"https:\/\/liked.hu\/old\/wp-content\/uploads\/2019\/02\/31538965-totalrecallbdcap4_original1-1546935821-728-495babca2f-1548672288_3.jpg 728w, https:\/\/liked.hu\/old\/wp-content\/uploads\/2019\/02\/31538965-totalrecallbdcap4_original1-1546935821-728-495babca2f-1548672288_3-300x162.jpg 300w, https:\/\/liked.hu\/old\/wp-content\/uploads\/2019\/02\/31538965-totalrecallbdcap4_original1-1546935821-728-495babca2f-1548672288_3-500x270.jpg 500w, https:\/\/liked.hu\/old\/wp-content\/uploads\/2019\/02\/31538965-totalrecallbdcap4_original1-1546935821-728-495babca2f-1548672288_3-360x194.jpg 360w, https:\/\/liked.hu\/old\/wp-content\/uploads\/2019\/02\/31538965-totalrecallbdcap4_original1-1546935821-728-495babca2f-1548672288_3-545x294.jpg 545w\" sizes=\"(max-width: 728px) 100vw, 728px\" \/>\t\t\t\t\t\t\t\t\t\t\t<figcaption class=\"zf-figcaption\">\r\n\t\t\t\t\t\t\t\t\t\t\t\t\t\t\t\t\t\t\t\t\t\t\t\t<cite><\/cite>\r\n\r\n\t\t\t\t\t\t\t\t\t\t\t\t\t\t\t\t\t\t\t\t\t\t\t<\/figcaption>\r\n\t\t\t\t\t\t\t\t\t\t\t\t\t\t\t\t\t\t\t<\/div>\r\n\t\t\t\t\t\t\t\t\t<hr \/>\r\n\t\t\t\t\t\t\t\t<\/figure>\r\n\t\t\t\t\t\t\t\t\t\t\t\t\t\t\t\t<div class=\"zf-list_description\"><p><strong>A film v&eacute;ge:<\/strong> Douglas Quaid a Marsra megy, ahol siker&uuml;l elind&iacute;tania egy l&eacute;gk&ouml;r-gener&aacute;tort, majd a z&aacute;r&oacute;jelenetben Quaid &eacute;s Melina a marsi leveg\u0151n s&eacute;t&aacute;lnak, &eacute;s cs&oacute;kol&oacute;znak.<\/p><p><strong>A lehangol&oacute; igazs&aacute;g:<\/strong> a legval&oacute;sz&iacute;n\u0171bb, hogy r&ouml;videsen valakit Douglas Quaid ut&aacute;n k&uuml;ldenek a Marsra, hogy meg&ouml;lje \u0151t.<\/p><div style=\"float:none;margin:0px 0 0px 0;text-align:center;\">\n<div class=\"mobileHideke8\"><div style=\"margin-top:25px;\"><div class=\"hirdeteshatter\"><div style=\"display: inline-block;width: 50%;min-width:340px;vertical-align: top;\"><div class=\"hirdetes\">HIRDET\u00c9S<\/div>\n<!-- Liked7Q1 -->\n<ins class=\"adsbygoogle\"\n     style=\"display:inline-block;width:336px;height:280px\"\n     data-ad-client=\"ca-pub-9424088931673893\"\n     data-ad-slot=\"3022062587\"><\/ins>\n<script async>\n     (adsbygoogle = window.adsbygoogle || []).push({});\n<\/script><\/div><div style=\"display: inline-block;width: 50%;min-width:340px;vertical-align: top;\"><div class=\"hirdetes\">HIRDET\u00c9S<\/div>\n<!-- Liked7Q2 -->\n<ins class=\"adsbygoogle\"\n     style=\"display:inline-block;width:336px;height:280px\"\n     data-ad-client=\"ca-pub-9424088931673893\"\n     data-ad-slot=\"3952000871\"><\/ins>\n<script async>\n     (adsbygoogle = window.adsbygoogle || []).push({});\n<\/script><\/div><\/div><\/div><\/div>\n<div style=\"display:flex;flex-direction:column;\"><div class=\"mobileShowka8\"><div style=\"padding-top:15px;margin-bottom:15px;min-height: 300px;\"><div class=\"hirdetes\">HIRDET\u00c9S<\/div>\n<!-- Liked7QMobil -->\n<ins class=\"adsbygoogle\"\n     style=\"display:inline-block;width:336px;height:280px\"\n     data-ad-client=\"ca-pub-9424088931673893\"\n     data-ad-slot=\"5073510857\"><\/ins>\n<script async>\n     (adsbygoogle = window.adsbygoogle || []).push({});\n<\/script><\/div><\/div><\/div><\/div><\/div>\r\n\t\t\t\t\t\t\t\t\t\t\t\t\t<\/li>\r\n\t\t\t\t\t\t\t\t\t\t\t\t<li class=\"zf-list_item\">\r\n\t\t\t\t\t\t\t<div class=\"zf-list_header\">\r\n\t\t\t\t\t\t\t\t<h3 id=\"listaelem6\" class=\"zf-list_title\">\r\n\t\t\t\t\t\t\t\t\t<span class=\"zf-number\">6<\/span>\r\n\t\t\t\t\t\t\t\t\t50 els\u0151 randi, 2004\t\t\t\t\t\t\t\t<\/h3>\r\n\t\t\t\t\t\t\t<\/div>\r\n\t\t\t\t\t\t\t\t\t\t\t\t\t\t\t<figure class=\"zf-list_media zf-media-wrapper zf-image zf-type-image\">\r\n\t\t\t\t\t\t\t\t\t<div title=\"50 els\u0151 randi, 2004\" alt=\"50 els\u0151 randi, 2004\" class=\"zf-media\">\r\n\t\t\t\t\t\t\t\t\t\t<img width=\"728\" height=\"474\" src=\"https:\/\/liked.hu\/old\/wp-content\/uploads\/2019\/02\/31538915-637367-1543836886-728-81007dcc97-1548672288_2.jpg\" class=\"\" alt=\"\" loading=\"lazy\" style=\"\" srcset=\"https:\/\/liked.hu\/old\/wp-content\/uploads\/2019\/02\/31538915-637367-1543836886-728-81007dcc97-1548672288_2.jpg 728w, https:\/\/liked.hu\/old\/wp-content\/uploads\/2019\/02\/31538915-637367-1543836886-728-81007dcc97-1548672288_2-300x195.jpg 300w, https:\/\/liked.hu\/old\/wp-content\/uploads\/2019\/02\/31538915-637367-1543836886-728-81007dcc97-1548672288_2-500x326.jpg 500w, https:\/\/liked.hu\/old\/wp-content\/uploads\/2019\/02\/31538915-637367-1543836886-728-81007dcc97-1548672288_2-360x234.jpg 360w, https:\/\/liked.hu\/old\/wp-content\/uploads\/2019\/02\/31538915-637367-1543836886-728-81007dcc97-1548672288_2-545x355.jpg 545w\" sizes=\"(max-width: 728px) 100vw, 728px\" \/>\t\t\t\t\t\t\t\t\t\t\t<figcaption class=\"zf-figcaption\">\r\n\t\t\t\t\t\t\t\t\t\t\t\t\t\t\t\t\t\t\t\t\t\t\t\t<cite><\/cite>\r\n\r\n\t\t\t\t\t\t\t\t\t\t\t\t\t\t\t\t\t\t\t\t\t\t\t<\/figcaption>\r\n\t\t\t\t\t\t\t\t\t\t\t\t\t\t\t\t\t\t\t<\/div>\r\n\t\t\t\t\t\t\t\t\t<hr \/>\r\n\t\t\t\t\t\t\t\t<\/figure>\r\n\t\t\t\t\t\t\t\t\t\t\t\t\t\t\t\t<div class=\"zf-list_description\"><p><strong>A film v\u00e9ge:<\/strong> Henry r\u00e1j\u00f6n, hogyan seg\u00edthet az amn\u00e9zi\u00e1s l\u00e1nynak: vide\u00f3ra veszi \u00e9let\u00fck legfontosabb pillanatait, \u00e9s minden reggel a kib\u0151v\u00edtett vide\u00f3val kelti a l\u00e1nyt, hogy az nyomon tudja k\u00f6vetni az \u00e9let\u00e9t.<\/p><p><strong>Lehangol\u00f3 igazs\u00e1g:<\/strong> m\u00e9g ha Henry tov\u00e1bbra is vide\u00f3ra r\u00f6gz\u00edt mindent, ez id\u0151r\u0151l-id\u0151re egyre kev\u00e9sb\u00e9 lesz romantikus. Egy reggel Lucy majd terhesen, betegen vagy \u00e9pp \u00f6regen fog fel\u00e9bredni \u00e9s egyre nehezebb lesz megismertetni \u00e9s elfogadtatni vele a m\u00faltj\u00e1t.<\/p><\/div>\r\n\t\t\t\t\t\t\t\t\t\t\t\t\t<\/li>\r\n\t\t\t\t\t\t\t\t\t\t\t\t<li class=\"zf-list_item\">\r\n\t\t\t\t\t\t\t<div class=\"zf-list_header\">\r\n\t\t\t\t\t\t\t\t<h3 id=\"listaelem7\" class=\"zf-list_title\">\r\n\t\t\t\t\t\t\t\t\t<span class=\"zf-number\">7<\/span>\r\n\t\t\t\t\t\t\t\t\tFel!, 2009\t\t\t\t\t\t\t\t<\/h3>\r\n\t\t\t\t\t\t\t<\/div>\r\n\t\t\t\t\t\t\t\t\t\t\t\t\t\t\t<figure class=\"zf-list_media zf-media-wrapper zf-image zf-type-image\">\r\n\t\t\t\t\t\t\t\t\t<div title=\"Fel!, 2009\" alt=\"Fel!, 2009\" class=\"zf-media\">\r\n\t\t\t\t\t\t\t\t\t\t<img width=\"728\" height=\"410\" src=\"https:\/\/liked.hu\/old\/wp-content\/uploads\/2019\/02\/31538665-MV5BMTMyODc0ODI2OF5BMl5BanBnXkFtZTcwODQ5OTIzMw_V1_SY1000_CR0017731000_AL_-1544526491-728-4f34b01712-1548672288_1.jpg\" class=\"\" alt=\"\" loading=\"lazy\" style=\"\" srcset=\"https:\/\/liked.hu\/old\/wp-content\/uploads\/2019\/02\/31538665-MV5BMTMyODc0ODI2OF5BMl5BanBnXkFtZTcwODQ5OTIzMw_V1_SY1000_CR0017731000_AL_-1544526491-728-4f34b01712-1548672288_1.jpg 728w, https:\/\/liked.hu\/old\/wp-content\/uploads\/2019\/02\/31538665-MV5BMTMyODc0ODI2OF5BMl5BanBnXkFtZTcwODQ5OTIzMw_V1_SY1000_CR0017731000_AL_-1544526491-728-4f34b01712-1548672288_1-300x169.jpg 300w, https:\/\/liked.hu\/old\/wp-content\/uploads\/2019\/02\/31538665-MV5BMTMyODc0ODI2OF5BMl5BanBnXkFtZTcwODQ5OTIzMw_V1_SY1000_CR0017731000_AL_-1544526491-728-4f34b01712-1548672288_1-500x282.jpg 500w, https:\/\/liked.hu\/old\/wp-content\/uploads\/2019\/02\/31538665-MV5BMTMyODc0ODI2OF5BMl5BanBnXkFtZTcwODQ5OTIzMw_V1_SY1000_CR0017731000_AL_-1544526491-728-4f34b01712-1548672288_1-360x203.jpg 360w, https:\/\/liked.hu\/old\/wp-content\/uploads\/2019\/02\/31538665-MV5BMTMyODc0ODI2OF5BMl5BanBnXkFtZTcwODQ5OTIzMw_V1_SY1000_CR0017731000_AL_-1544526491-728-4f34b01712-1548672288_1-545x307.jpg 545w\" sizes=\"(max-width: 728px) 100vw, 728px\" \/>\t\t\t\t\t\t\t\t\t\t\t<figcaption class=\"zf-figcaption\">\r\n\t\t\t\t\t\t\t\t\t\t\t\t\t\t\t\t\t\t\t\t\t\t\t\t<cite><\/cite>\r\n\r\n\t\t\t\t\t\t\t\t\t\t\t\t\t\t\t\t\t\t\t\t\t\t\t<\/figcaption>\r\n\t\t\t\t\t\t\t\t\t\t\t\t\t\t\t\t\t\t\t<\/div>\r\n\t\t\t\t\t\t\t\t\t<hr \/>\r\n\t\t\t\t\t\t\t\t<\/figure>\r\n\t\t\t\t\t\t\t\t\t\t\t\t\t\t\t\t<div class=\"zf-list_description\"><p><strong>A film v\u00e9ge:<\/strong> miut\u00e1n a kaland v\u00e9get \u00e9r, Carl \u00e9s Russell \u00fagy \u00e9lnek tov\u00e1bb egy\u00fctt, mint unoka \u00e9s nagypapa.<\/p><p><strong>Szomor\u00fa igazs\u00e1g:<\/strong> ha pesszimist\u00e1n n\u00e9zz\u00fck a filmet, akkor be kell l\u00e1tnunk, hogy az id\u0151s Carl-nak m\u00e1r nincs sok ideje h\u00e1tra, akkor pedig nem lesz, aki gondoskodjon a fiatal Russell-r\u0151l. De mi a Liked.hu-n\u00e1l pozit\u00edvak vagyunk, \u00e9s mivel ez egy mesefilm, ez\u00e9rt hissz\u00fck, hogy minden j\u00f3l alakul! \ud83d\ude0a<\/p><\/div>\r\n\t\t\t\t\t\t\t\t\t\t\t\t\t<\/li>\r\n\t\t\t\t\t\t\t\t\t<\/ol>\r\n\t\t<\/div>\r\n\t<\/div>\r\n\r\n\t<\/div>\r\n\r\n\r\n\n","protected":false},"excerpt":{"rendered":"<p>Egyes filmek rendk\u00edv\u00fcl k\u00e9t\u00e9rtelm\u0171ek, ez\u00e9rt a benn\u00fck v\u00e9gbemen\u0151 cselekm\u00e9ny javar\u00e9szt att\u00f3l f\u00fcgg, hogy mi n\u00e9z\u0151k, hogyan \u00e9rtelmezz\u00fck azokat. Az al\u00e1bbi list\u00e1n 7 olyan n\u00e9pszer\u0171 \u00e9s k\u00f6zkedvelt filmet gy\u0171jt\u00f6tt\u00fcnk most \u00f6ssze, melyek egyt\u0151l-egyig \u00fagy \u00e9lnek benn\u00fcnk, mint amelyeknek sz\u00edvmelenget\u0151 happy end lett a v\u00e9ge, pedig ha jobban elmer\u00fcl\u00fcnk a t\u00f6rt\u00e9net\u00fckben, r\u00e1j\u00f6het\u00fcnk, hogy nem is olyan boldog [&hellip;]<\/p>\n","protected":false},"author":5,"featured_media":130461,"comment_status":"open","ping_status":"closed","sticky":false,"template":"","format":"standard","meta":{"buzzeditor_post_format":""},"categories":[53],"tags":[796,7415,6932,7416],"yoast_head":"<!-- This site is optimized with the Yoast SEO plugin v19.6.1 - https:\/\/yoast.com\/wordpress\/plugins\/seo\/ -->\n<title>7 film, amir\u0151l \u00fagy gondoltuk, hogy Happy Enddel z\u00e1rult, de t\u00e9vedt\u00fcnk<\/title>\n<meta name=\"description\" content=\"Egyes filmek rendk\u00edv\u00fcl k\u00e9t\u00e9rtelm\u0171ek, ez\u00e9rt a benn\u00fck v\u00e9gbemen\u0151 cselekm\u00e9ny javar\u00e9szt att\u00f3l f\u00fcgg, hogy mi n\u00e9z\u0151k, hogyan \u00e9rtelmezz\u00fck azokat. Az al\u00e1bbi list\u00e1n\" \/>\n<meta name=\"robots\" content=\"index, follow, max-snippet:-1, max-image-preview:large, max-video-preview:-1\" \/>\n<link rel=\"canonical\" href=\"https:\/\/liked.hu\/old\/filmek-es-tv\/7-film-amirol-ugy-gondoltuk-hogy-happy-enddel-zarult-de-tevedtunk\/\" \/>\n<meta property=\"og:locale\" content=\"hu_HU\" \/>\n<meta property=\"og:type\" content=\"article\" \/>\n<meta property=\"og:title\" content=\"7 film, amir\u0151l \u00fagy gondoltuk, hogy Happy Enddel z\u00e1rult, de t\u00e9vedt\u00fcnk\" \/>\n<meta property=\"og:description\" content=\"Egyes filmek rendk\u00edv\u00fcl k\u00e9t\u00e9rtelm\u0171ek, ez\u00e9rt a benn\u00fck v\u00e9gbemen\u0151 cselekm\u00e9ny javar\u00e9szt att\u00f3l f\u00fcgg, hogy mi n\u00e9z\u0151k, hogyan \u00e9rtelmezz\u00fck azokat. Az al\u00e1bbi list\u00e1n\" \/>\n<meta property=\"og:url\" content=\"https:\/\/liked.hu\/old\/filmek-es-tv\/7-film-amirol-ugy-gondoltuk-hogy-happy-enddel-zarult-de-tevedtunk\/\" \/>\n<meta property=\"og:site_name\" content=\"Liked.hu\" \/>\n<meta property=\"article:publisher\" content=\"https:\/\/www.facebook.com\/liked.hu\" \/>\n<meta property=\"article:published_time\" content=\"2022-09-05T16:50:00+00:00\" \/>\n<meta property=\"article:modified_time\" content=\"2022-09-12T09:17:16+00:00\" \/>\n<meta property=\"og:image\" content=\"https:\/\/liked.hu\/old\/wp-content\/uploads\/2019\/02\/Teves-happy-enddek.jpg\" \/>\n\t<meta property=\"og:image:width\" content=\"1200\" \/>\n\t<meta property=\"og:image:height\" content=\"630\" \/>\n\t<meta property=\"og:image:type\" content=\"image\/jpeg\" \/>\n<meta name=\"author\" content=\"Sludenkor\" \/>\n<meta name=\"twitter:card\" content=\"summary\" \/>\n<meta name=\"twitter:creator\" content=\"@LikedHu\" \/>\n<meta name=\"twitter:site\" content=\"@LikedHu\" \/>\n<meta name=\"twitter:label1\" content=\"Szerz\u0151:\" \/>\n\t<meta name=\"twitter:data1\" content=\"Sludenkor\" \/>\n\t<meta name=\"twitter:label2\" content=\"Becs\u00fclt olvas\u00e1si id\u0151\" \/>\n\t<meta name=\"twitter:data2\" content=\"1 perc\" \/>\n<script type=\"application\/ld+json\" class=\"yoast-schema-graph\">{\"@context\":\"https:\/\/schema.org\",\"@graph\":[{\"@type\":\"Article\",\"@id\":\"https:\/\/liked.hu\/old\/filmek-es-tv\/7-film-amirol-ugy-gondoltuk-hogy-happy-enddel-zarult-de-tevedtunk\/#article\",\"isPartOf\":{\"@id\":\"https:\/\/liked.hu\/old\/filmek-es-tv\/7-film-amirol-ugy-gondoltuk-hogy-happy-enddel-zarult-de-tevedtunk\/\"},\"author\":{\"name\":\"Sludenkor\",\"@id\":\"https:\/\/liked.hu\/old\/#\/schema\/person\/6650f7130e2154421c3a5cae3435b47c\"},\"headline\":\"7 film, amir\u0151l \u00fagy gondoltuk, hogy Happy Enddel z\u00e1rult, de t\u00e9vedt\u00fcnk\",\"datePublished\":\"2022-09-05T16:50:00+00:00\",\"dateModified\":\"2022-09-12T09:17:16+00:00\",\"mainEntityOfPage\":{\"@id\":\"https:\/\/liked.hu\/old\/filmek-es-tv\/7-film-amirol-ugy-gondoltuk-hogy-happy-enddel-zarult-de-tevedtunk\/\"},\"wordCount\":111,\"commentCount\":1,\"publisher\":{\"@id\":\"https:\/\/liked.hu\/old\/#organization\"},\"keywords\":[\"film\",\"happy end\",\"mozifilmek\",\"v\u00e9gkifejlet\"],\"articleSection\":[\"Filmek \u00e9s TV\"],\"inLanguage\":\"hu\",\"potentialAction\":[{\"@type\":\"CommentAction\",\"name\":\"Comment\",\"target\":[\"https:\/\/liked.hu\/old\/filmek-es-tv\/7-film-amirol-ugy-gondoltuk-hogy-happy-enddel-zarult-de-tevedtunk\/#respond\"]}]},{\"@type\":\"WebPage\",\"@id\":\"https:\/\/liked.hu\/old\/filmek-es-tv\/7-film-amirol-ugy-gondoltuk-hogy-happy-enddel-zarult-de-tevedtunk\/\",\"url\":\"https:\/\/liked.hu\/old\/filmek-es-tv\/7-film-amirol-ugy-gondoltuk-hogy-happy-enddel-zarult-de-tevedtunk\/\",\"name\":\"7 film, amir\u0151l \u00fagy gondoltuk, hogy Happy Enddel z\u00e1rult, de t\u00e9vedt\u00fcnk\",\"isPartOf\":{\"@id\":\"https:\/\/liked.hu\/old\/#website\"},\"datePublished\":\"2022-09-05T16:50:00+00:00\",\"dateModified\":\"2022-09-12T09:17:16+00:00\",\"description\":\"Egyes filmek rendk\u00edv\u00fcl k\u00e9t\u00e9rtelm\u0171ek, ez\u00e9rt a benn\u00fck v\u00e9gbemen\u0151 cselekm\u00e9ny javar\u00e9szt att\u00f3l f\u00fcgg, hogy mi n\u00e9z\u0151k, hogyan \u00e9rtelmezz\u00fck azokat. Az al\u00e1bbi list\u00e1n\",\"breadcrumb\":{\"@id\":\"https:\/\/liked.hu\/old\/filmek-es-tv\/7-film-amirol-ugy-gondoltuk-hogy-happy-enddel-zarult-de-tevedtunk\/#breadcrumb\"},\"inLanguage\":\"hu\",\"potentialAction\":[{\"@type\":\"ReadAction\",\"target\":[\"https:\/\/liked.hu\/old\/filmek-es-tv\/7-film-amirol-ugy-gondoltuk-hogy-happy-enddel-zarult-de-tevedtunk\/\"]}]},{\"@type\":\"BreadcrumbList\",\"@id\":\"https:\/\/liked.hu\/old\/filmek-es-tv\/7-film-amirol-ugy-gondoltuk-hogy-happy-enddel-zarult-de-tevedtunk\/#breadcrumb\",\"itemListElement\":[{\"@type\":\"ListItem\",\"position\":1,\"name\":\"Kezd\u0151lap\",\"item\":\"https:\/\/liked.hu\/old\/\"},{\"@type\":\"ListItem\",\"position\":2,\"name\":\"7 film, amir\u0151l \u00fagy gondoltuk, hogy Happy Enddel z\u00e1rult, de t\u00e9vedt\u00fcnk\"}]},{\"@type\":\"WebSite\",\"@id\":\"https:\/\/liked.hu\/old\/#website\",\"url\":\"https:\/\/liked.hu\/old\/\",\"name\":\"Liked.hu\",\"description\":\"\",\"publisher\":{\"@id\":\"https:\/\/liked.hu\/old\/#organization\"},\"potentialAction\":[{\"@type\":\"SearchAction\",\"target\":{\"@type\":\"EntryPoint\",\"urlTemplate\":\"https:\/\/liked.hu\/old\/?s={search_term_string}\"},\"query-input\":\"required name=search_term_string\"}],\"inLanguage\":\"hu\"},{\"@type\":\"Organization\",\"@id\":\"https:\/\/liked.hu\/old\/#organization\",\"name\":\"Liked.hu\",\"url\":\"https:\/\/liked.hu\/old\/\",\"sameAs\":[\"https:\/\/hu.pinterest.com\/likedhungary\/\",\"https:\/\/www.youtube.com\/channel\/UCPv91dbMoIukYcM9b9nHN6Q\",\"https:\/\/www.facebook.com\/liked.hu\",\"https:\/\/twitter.com\/LikedHu\"],\"logo\":{\"@type\":\"ImageObject\",\"inLanguage\":\"hu\",\"@id\":\"https:\/\/liked.hu\/old\/#\/schema\/logo\/image\/\",\"url\":\"https:\/\/liked.hu\/wp-content\/uploads\/2018\/08\/Liked-icon.png\",\"contentUrl\":\"https:\/\/liked.hu\/wp-content\/uploads\/2018\/08\/Liked-icon.png\",\"width\":512,\"height\":512,\"caption\":\"Liked.hu\"},\"image\":{\"@id\":\"https:\/\/liked.hu\/old\/#\/schema\/logo\/image\/\"}},{\"@type\":\"Person\",\"@id\":\"https:\/\/liked.hu\/old\/#\/schema\/person\/6650f7130e2154421c3a5cae3435b47c\",\"name\":\"Sludenkor\",\"image\":{\"@type\":\"ImageObject\",\"inLanguage\":\"hu\",\"@id\":\"https:\/\/liked.hu\/old\/#\/schema\/person\/image\/\",\"url\":\"https:\/\/liked.hu\/old\/wp-content\/uploads\/avatars\/5\/604de86470f75-bpfull.jpg\",\"contentUrl\":\"https:\/\/liked.hu\/old\/wp-content\/uploads\/avatars\/5\/604de86470f75-bpfull.jpg\",\"caption\":\"Sludenkor\"},\"url\":\"https:\/\/liked.hu\/old\/u\/sludenkor\/\"}]}<\/script>\n<!-- \/ Yoast SEO plugin. -->","yoast_head_json":{"title":"7 film, amir\u0151l \u00fagy gondoltuk, hogy Happy Enddel z\u00e1rult, de t\u00e9vedt\u00fcnk","description":"Egyes filmek rendk\u00edv\u00fcl k\u00e9t\u00e9rtelm\u0171ek, ez\u00e9rt a benn\u00fck v\u00e9gbemen\u0151 cselekm\u00e9ny javar\u00e9szt att\u00f3l f\u00fcgg, hogy mi n\u00e9z\u0151k, hogyan \u00e9rtelmezz\u00fck azokat. Az al\u00e1bbi list\u00e1n","robots":{"index":"index","follow":"follow","max-snippet":"max-snippet:-1","max-image-preview":"max-image-preview:large","max-video-preview":"max-video-preview:-1"},"canonical":"https:\/\/liked.hu\/old\/filmek-es-tv\/7-film-amirol-ugy-gondoltuk-hogy-happy-enddel-zarult-de-tevedtunk\/","og_locale":"hu_HU","og_type":"article","og_title":"7 film, amir\u0151l \u00fagy gondoltuk, hogy Happy Enddel z\u00e1rult, de t\u00e9vedt\u00fcnk","og_description":"Egyes filmek rendk\u00edv\u00fcl k\u00e9t\u00e9rtelm\u0171ek, ez\u00e9rt a benn\u00fck v\u00e9gbemen\u0151 cselekm\u00e9ny javar\u00e9szt att\u00f3l f\u00fcgg, hogy mi n\u00e9z\u0151k, hogyan \u00e9rtelmezz\u00fck azokat. Az al\u00e1bbi list\u00e1n","og_url":"https:\/\/liked.hu\/old\/filmek-es-tv\/7-film-amirol-ugy-gondoltuk-hogy-happy-enddel-zarult-de-tevedtunk\/","og_site_name":"Liked.hu","article_publisher":"https:\/\/www.facebook.com\/liked.hu","article_published_time":"2022-09-05T16:50:00+00:00","article_modified_time":"2022-09-12T09:17:16+00:00","og_image":[{"width":1200,"height":630,"url":"https:\/\/liked.hu\/old\/wp-content\/uploads\/2019\/02\/Teves-happy-enddek.jpg","type":"image\/jpeg"}],"author":"Sludenkor","twitter_card":"summary","twitter_creator":"@LikedHu","twitter_site":"@LikedHu","twitter_misc":{"Szerz\u0151:":"Sludenkor","Becs\u00fclt olvas\u00e1si id\u0151":"1 perc"},"schema":{"@context":"https:\/\/schema.org","@graph":[{"@type":"Article","@id":"https:\/\/liked.hu\/old\/filmek-es-tv\/7-film-amirol-ugy-gondoltuk-hogy-happy-enddel-zarult-de-tevedtunk\/#article","isPartOf":{"@id":"https:\/\/liked.hu\/old\/filmek-es-tv\/7-film-amirol-ugy-gondoltuk-hogy-happy-enddel-zarult-de-tevedtunk\/"},"author":{"name":"Sludenkor","@id":"https:\/\/liked.hu\/old\/#\/schema\/person\/6650f7130e2154421c3a5cae3435b47c"},"headline":"7 film, amir\u0151l \u00fagy gondoltuk, hogy Happy Enddel z\u00e1rult, de t\u00e9vedt\u00fcnk","datePublished":"2022-09-05T16:50:00+00:00","dateModified":"2022-09-12T09:17:16+00:00","mainEntityOfPage":{"@id":"https:\/\/liked.hu\/old\/filmek-es-tv\/7-film-amirol-ugy-gondoltuk-hogy-happy-enddel-zarult-de-tevedtunk\/"},"wordCount":111,"commentCount":1,"publisher":{"@id":"https:\/\/liked.hu\/old\/#organization"},"keywords":["film","happy end","mozifilmek","v\u00e9gkifejlet"],"articleSection":["Filmek \u00e9s TV"],"inLanguage":"hu","potentialAction":[{"@type":"CommentAction","name":"Comment","target":["https:\/\/liked.hu\/old\/filmek-es-tv\/7-film-amirol-ugy-gondoltuk-hogy-happy-enddel-zarult-de-tevedtunk\/#respond"]}]},{"@type":"WebPage","@id":"https:\/\/liked.hu\/old\/filmek-es-tv\/7-film-amirol-ugy-gondoltuk-hogy-happy-enddel-zarult-de-tevedtunk\/","url":"https:\/\/liked.hu\/old\/filmek-es-tv\/7-film-amirol-ugy-gondoltuk-hogy-happy-enddel-zarult-de-tevedtunk\/","name":"7 film, amir\u0151l \u00fagy gondoltuk, hogy Happy Enddel z\u00e1rult, de t\u00e9vedt\u00fcnk","isPartOf":{"@id":"https:\/\/liked.hu\/old\/#website"},"datePublished":"2022-09-05T16:50:00+00:00","dateModified":"2022-09-12T09:17:16+00:00","description":"Egyes filmek rendk\u00edv\u00fcl k\u00e9t\u00e9rtelm\u0171ek, ez\u00e9rt a benn\u00fck v\u00e9gbemen\u0151 cselekm\u00e9ny javar\u00e9szt att\u00f3l f\u00fcgg, hogy mi n\u00e9z\u0151k, hogyan \u00e9rtelmezz\u00fck azokat. Az al\u00e1bbi list\u00e1n","breadcrumb":{"@id":"https:\/\/liked.hu\/old\/filmek-es-tv\/7-film-amirol-ugy-gondoltuk-hogy-happy-enddel-zarult-de-tevedtunk\/#breadcrumb"},"inLanguage":"hu","potentialAction":[{"@type":"ReadAction","target":["https:\/\/liked.hu\/old\/filmek-es-tv\/7-film-amirol-ugy-gondoltuk-hogy-happy-enddel-zarult-de-tevedtunk\/"]}]},{"@type":"BreadcrumbList","@id":"https:\/\/liked.hu\/old\/filmek-es-tv\/7-film-amirol-ugy-gondoltuk-hogy-happy-enddel-zarult-de-tevedtunk\/#breadcrumb","itemListElement":[{"@type":"ListItem","position":1,"name":"Kezd\u0151lap","item":"https:\/\/liked.hu\/old\/"},{"@type":"ListItem","position":2,"name":"7 film, amir\u0151l \u00fagy gondoltuk, hogy Happy Enddel z\u00e1rult, de t\u00e9vedt\u00fcnk"}]},{"@type":"WebSite","@id":"https:\/\/liked.hu\/old\/#website","url":"https:\/\/liked.hu\/old\/","name":"Liked.hu","description":"","publisher":{"@id":"https:\/\/liked.hu\/old\/#organization"},"potentialAction":[{"@type":"SearchAction","target":{"@type":"EntryPoint","urlTemplate":"https:\/\/liked.hu\/old\/?s={search_term_string}"},"query-input":"required name=search_term_string"}],"inLanguage":"hu"},{"@type":"Organization","@id":"https:\/\/liked.hu\/old\/#organization","name":"Liked.hu","url":"https:\/\/liked.hu\/old\/","sameAs":["https:\/\/hu.pinterest.com\/likedhungary\/","https:\/\/www.youtube.com\/channel\/UCPv91dbMoIukYcM9b9nHN6Q","https:\/\/www.facebook.com\/liked.hu","https:\/\/twitter.com\/LikedHu"],"logo":{"@type":"ImageObject","inLanguage":"hu","@id":"https:\/\/liked.hu\/old\/#\/schema\/logo\/image\/","url":"https:\/\/liked.hu\/wp-content\/uploads\/2018\/08\/Liked-icon.png","contentUrl":"https:\/\/liked.hu\/wp-content\/uploads\/2018\/08\/Liked-icon.png","width":512,"height":512,"caption":"Liked.hu"},"image":{"@id":"https:\/\/liked.hu\/old\/#\/schema\/logo\/image\/"}},{"@type":"Person","@id":"https:\/\/liked.hu\/old\/#\/schema\/person\/6650f7130e2154421c3a5cae3435b47c","name":"Sludenkor","image":{"@type":"ImageObject","inLanguage":"hu","@id":"https:\/\/liked.hu\/old\/#\/schema\/person\/image\/","url":"https:\/\/liked.hu\/old\/wp-content\/uploads\/avatars\/5\/604de86470f75-bpfull.jpg","contentUrl":"https:\/\/liked.hu\/old\/wp-content\/uploads\/avatars\/5\/604de86470f75-bpfull.jpg","caption":"Sludenkor"},"url":"https:\/\/liked.hu\/old\/u\/sludenkor\/"}]}},"publishpress_future_action":{"enabled":false,"date":"1970-01-01 01:00:00","action":"","terms":[],"taxonomy":"","browser_timezone_offset":0},"_links":{"self":[{"href":"https:\/\/liked.hu\/old\/wp-json\/wp\/v2\/posts\/130459"}],"collection":[{"href":"https:\/\/liked.hu\/old\/wp-json\/wp\/v2\/posts"}],"about":[{"href":"https:\/\/liked.hu\/old\/wp-json\/wp\/v2\/types\/post"}],"author":[{"embeddable":true,"href":"https:\/\/liked.hu\/old\/wp-json\/wp\/v2\/users\/5"}],"replies":[{"embeddable":true,"href":"https:\/\/liked.hu\/old\/wp-json\/wp\/v2\/comments?post=130459"}],"version-history":[{"count":0,"href":"https:\/\/liked.hu\/old\/wp-json\/wp\/v2\/posts\/130459\/revisions"}],"wp:featuredmedia":[{"embeddable":true,"href":"https:\/\/liked.hu\/old\/wp-json\/wp\/v2\/media\/130461"}],"wp:attachment":[{"href":"https:\/\/liked.hu\/old\/wp-json\/wp\/v2\/media?parent=130459"}],"wp:term":[{"taxonomy":"category","embeddable":true,"href":"https:\/\/liked.hu\/old\/wp-json\/wp\/v2\/categories?post=130459"},{"taxonomy":"post_tag","embeddable":true,"href":"https:\/\/liked.hu\/old\/wp-json\/wp\/v2\/tags?post=130459"}],"curies":[{"name":"wp","href":"https:\/\/api.w.org\/{rel}","templated":true}]}}