{"id":128197,"date":"2019-08-10T22:25:50","date_gmt":"2019-08-10T20:25:50","guid":{"rendered":"https:\/\/liked.hu\/old\/?p=128197"},"modified":"2020-06-07T17:42:42","modified_gmt":"2020-06-07T15:42:42","slug":"tudosok-bebizonyitottak-hogy-a-parok-akik-igazan-szeretik-egymast-hajlamosak-egyutt-hizni","status":"publish","type":"post","link":"https:\/\/liked.hu\/old\/eletmod\/tudosok-bebizonyitottak-hogy-a-parok-akik-igazan-szeretik-egymast-hajlamosak-egyutt-hizni\/","title":{"rendered":"Tud\u00f3sok bebizony\u00edtott\u00e1k, hogy a p\u00e1rok, akik igaz\u00e1n szeretik egym\u00e1st, hajlamosak egy\u00fctt h\u00edzni"},"content":{"rendered":"<p>A feltev\u00e9s, miszerint a boldog p\u00e1rok k\u00f6nnyebben h\u00edznak tal\u00e1n mer\u00e9sz elgondol\u00e1snak t\u0171nik, de b\u00e1rmilyen meglep\u0151 is, l\u00e9tezik r\u00e1 tudom\u00e1nyos magyar\u00e1zat. Sz\u00e1mos tanulm\u00e1ny szerint ugyanis azokra a p\u00e1rokra, akik a kapcsolatukban\/h\u00e1zass\u00e1gukban boldogan \u00e9s el\u00e9gedetten \u00e9lnek, k\u00f6nnyebben szaladnak fel a plusz kil\u00f3k. Megvizsg\u00e1ltunk n\u00e9h\u00e1ny ilyen tanulm\u00e1nyt, \u00e9s a v\u00e9g\u00e9re j\u00e1rtunk, hogy minek is k\u00f6sz\u00f6nhet\u0151 ez a jelens\u00e9g.<\/p>\n<p style=\"text-align: center;\">\n<div style=\"float:none;margin:0px 0 0px 0;text-align:center;\">\n<div class=\"mobileShowkakettes\"><div class=\"mobileShowka2\"><div style=\"padding-top:0px;padding-bottom:15px;min-height: 300px;\"><div class=\"hirdetes\">HIRDET\u00c9S<\/div>\n<!-- 300lista -->\n<ins class=\"adsbygoogle\"\n     style=\"display:inline-block;width:300px;height:250px\"\n     data-ad-client=\"ca-pub-9424088931673893\"\n     data-ad-slot=\"8471340766\"><\/ins>\n<script async>\n     (adsbygoogle = window.adsbygoogle || []).push({});\n<\/script><\/div><\/div><\/div><\/div>\n<div id=\"zombify-main-section-front\" class=\"zombify-main-section-front zombify-screen zf-media-full\">\r\n<link rel=\"stylesheet\" type=\"text\/css\" href=\"https:\/\/liked.hu\/old\/js\/zombify.css\">\r\n    <link rel=\"stylesheet\" type=\"text\/css\" href=\"https:\/\/liked.hu\/old\/wp-content\/themes\/newsy-child\/style.css\">\r\n\t\r\n    <div class=\"zf-container\">\r\n\r\n\r\n        <div id=\"zf-story\" class=\"zf-story\">\r\n            <div class=\"zf-story_item\">\r\n\t<h3 class=\"zf_title\">A h\u00e1zasp\u00e1rok s\u00falya elker\u00fclhetetlen\u00fcl n\u0151<\/h3>\r\n\t\t\t<figure class=\"zf-story_media zf-media-wrapper zf-image zf-type-image\">\r\n\t\t\t<div class=\"zf-media\">\r\n\t\t\t\t<img width=\"750\" height=\"937\" src=\"https:\/\/liked.hu\/old\/wp-content\/uploads\/2019\/01\/36644729_205451146832268_9077226016442679296_n.jpg_nc_htscontent-frx5-1.cdninstagram.jpg\" class=\"\" alt=\"\" loading=\"lazy\" style=\"\" srcset=\"https:\/\/liked.hu\/old\/wp-content\/uploads\/2019\/01\/36644729_205451146832268_9077226016442679296_n.jpg_nc_htscontent-frx5-1.cdninstagram.jpg 750w, https:\/\/liked.hu\/old\/wp-content\/uploads\/2019\/01\/36644729_205451146832268_9077226016442679296_n.jpg_nc_htscontent-frx5-1.cdninstagram-240x300.jpg 240w, https:\/\/liked.hu\/old\/wp-content\/uploads\/2019\/01\/36644729_205451146832268_9077226016442679296_n.jpg_nc_htscontent-frx5-1.cdninstagram-360x450.jpg 360w, https:\/\/liked.hu\/old\/wp-content\/uploads\/2019\/01\/36644729_205451146832268_9077226016442679296_n.jpg_nc_htscontent-frx5-1.cdninstagram-545x681.jpg 545w\" sizes=\"(max-width: 750px) 100vw, 750px\" \/>\t\t\t<\/div>\r\n\t\t<\/figure>\r\n\t\t\t\t\t<div class=\"zf_description\"><p><strong>Az \u00c9szak-Karolinai Egyetem tud\u00f3sai egy 8000 embert vizsg\u00e1l\u00f3 <a href=\"https:\/\/onlinelibrary.wiley.com\/doi\/abs\/10.1038\/oby.2009.97\" rel=\"noopener noreferrer\" target=\"_blank\">kutat\u00e1st<\/a> v\u00e9geztek,<\/strong> \u00e9s arra a k\u00f6vetkeztet\u00e9sre jutottak, hogy egy n\u0151 \u00e1tlagosan 11 kil\u00f3 plusz s\u00falyt szed fel a h\u00e1zass\u00e1g els\u0151 5-6 \u00e9v\u00e9ben. Ezzel szemben azok a n\u0151k, akik csak p\u00e1rkapcsolatban \u00e9lnek 10 kil\u00f3 plusz s\u00falyt szednek fel hasonl\u00f3 id\u0151intervallum alatt, m\u00edg az azonos kor\u00fa szingli n\u0151k csak \u00e1tlagosan 5-6 kil\u00f3val lesznek nehezebbek.<\/p><p>A tanulm\u00e1ny term\u00e9szetesen a f\u00e9rfiakra is kit\u00e9rt, akikn\u00e9l hasonl\u00f3 eredm\u00e9nyek sz\u00fclettek. A boldog p\u00e1rkapcsolatban \u00e9l\u0151 f\u00e9rfiak eset\u00e9ben k\u00e9tszer nagyobb a val\u00f3sz\u00edn\u0171s\u00e9ge, hogy legal\u00e1bb 11 kilogrammos s\u00falygyarapod\u00e1st produk\u00e1lnak, mint a szingli t\u00e1rsaik.<\/p><\/div><\/div><div class=\"zf-story_item\">\r\n\t<h3 class=\"zf_title\"><\/h3>\r\n\t\t\t<figure class=\"zf-story_media zf-media-wrapper zf-image zf-type-image\">\r\n\t\t\t<div class=\"zf-media\">\r\n\t\t\t\t<img width=\"728\" height=\"485\" src=\"https:\/\/liked.hu\/old\/wp-content\/uploads\/2019\/01\/6526510-Depositphotos_33804013_xl-20151-1539000479-728-d14045464c-1539267763.jpg\" class=\"\" alt=\"\" loading=\"lazy\" style=\"\" srcset=\"https:\/\/liked.hu\/old\/wp-content\/uploads\/2019\/01\/6526510-Depositphotos_33804013_xl-20151-1539000479-728-d14045464c-1539267763.jpg 728w, https:\/\/liked.hu\/old\/wp-content\/uploads\/2019\/01\/6526510-Depositphotos_33804013_xl-20151-1539000479-728-d14045464c-1539267763-300x200.jpg 300w, https:\/\/liked.hu\/old\/wp-content\/uploads\/2019\/01\/6526510-Depositphotos_33804013_xl-20151-1539000479-728-d14045464c-1539267763-360x240.jpg 360w, https:\/\/liked.hu\/old\/wp-content\/uploads\/2019\/01\/6526510-Depositphotos_33804013_xl-20151-1539000479-728-d14045464c-1539267763-545x363.jpg 545w\" sizes=\"(max-width: 728px) 100vw, 728px\" \/>\t\t\t<\/div>\r\n\t\t<\/figure>\r\n\t\t\t\t\t<div class=\"zf_description\"><p>A tud&oacute;sok teh&aacute;t egy&eacute;rtelm\u0171en arra a k&ouml;vetkeztet&eacute;sre jutottak, hogy l&eacute;tezik kapcsolat a boldog p&aacute;rkapcsolatok &eacute;s az elh&iacute;z&aacute;s k&ouml;z&ouml;tt. A vizsg&aacute;lt alanyok s&uacute;lygyarapod&aacute;s&aacute;n k&iacute;v&uuml;l azt is megfigyelt&eacute;k, hogy a hossz&uacute;t&aacute;v&uacute; p&aacute;rkapcsolatban &eacute;l\u0151 emberek eset&eacute;ben jelent\u0151sen cs&ouml;kkent a doh&aacute;nyz&aacute;s &eacute;s az alkoholfogyaszt&aacute;s &ndash; ami azt mutatja, hogy a boldog p&aacute;rok hajlamosak eg&eacute;szs&eacute;gesebb &eacute;letm&oacute;dot folytatni.<\/p><p style=\"text-align: center\">\n<div style=\"float:none;margin:0px 0 0px 0;text-align:center;\">\n<div class=\"mobileHideke5\"><div style=\"margin-top:25px;\"><div class=\"hirdeteshatter\"><div style=\"display: inline-block;width: 50%;min-width:305px;vertical-align: top;\"><div class=\"hirdetes\">HIRDET\u00c9S<\/div>\n<!-- LikedQ51 -->\n<ins class=\"adsbygoogle\"\n     style=\"display:inline-block;width:300px;height:250px\"\n     data-ad-client=\"ca-pub-9424088931673893\"\n     data-ad-slot=\"8284063326\"><\/ins>\n<script async>\n     (adsbygoogle = window.adsbygoogle || []).push({});\n<\/script><\/div><div style=\"display: inline-block;width: 50%;min-width:305px;vertical-align: top;\"><div class=\"hirdetes\">HIRDET\u00c9S<\/div>\n<!-- LikedQ52 -->\n<ins class=\"adsbygoogle\"\n     style=\"display:inline-block;width:300px;height:250px\"\n     data-ad-client=\"ca-pub-9424088931673893\"\n     data-ad-slot=\"2840164950\"><\/ins>\n<script async>\n     (adsbygoogle = window.adsbygoogle || []).push({});\n<\/script><\/div><\/div><\/div><\/div>\n<div style=\"display:flex;flex-direction:column;\"><div class=\"mobileShowka5\"><div style=\"padding-top:10px;padding-bottom:10px;min-height: 300px;\"><div class=\"hirdetes\">HIRDET\u00c9S<\/div>\n<!-- LikedQ5M -->\n<ins class=\"adsbygoogle\"\n     style=\"display:inline-block;width:300px;height:250px\"\n     data-ad-client=\"ca-pub-9424088931673893\"\n     data-ad-slot=\"9022429928\"><\/ins>\n<script async>\n     (adsbygoogle = window.adsbygoogle || []).push({});\n<\/script><\/div><\/div><\/div><\/div><\/div><\/div><div class=\"zf-story_item\">\r\n\t<h3 class=\"zf_title\">Friss h\u00e1zasok<\/h3>\r\n\t\t\t<figure class=\"zf-story_media zf-media-wrapper zf-image zf-type-image\">\r\n\t\t\t<div class=\"zf-media\">\r\n\t\t\t\t<img width=\"750\" height=\"750\" src=\"https:\/\/liked.hu\/old\/wp-content\/uploads\/2019\/01\/30604483_163874167629082_5378500417074233344_n.jpg_nc_htscontent-frx5-1.cdninstagram.jpg\" class=\"\" alt=\"\" loading=\"lazy\" style=\"\" srcset=\"https:\/\/liked.hu\/old\/wp-content\/uploads\/2019\/01\/30604483_163874167629082_5378500417074233344_n.jpg_nc_htscontent-frx5-1.cdninstagram.jpg 750w, https:\/\/liked.hu\/old\/wp-content\/uploads\/2019\/01\/30604483_163874167629082_5378500417074233344_n.jpg_nc_htscontent-frx5-1.cdninstagram-150x150.jpg 150w, https:\/\/liked.hu\/old\/wp-content\/uploads\/2019\/01\/30604483_163874167629082_5378500417074233344_n.jpg_nc_htscontent-frx5-1.cdninstagram-300x300.jpg 300w, https:\/\/liked.hu\/old\/wp-content\/uploads\/2019\/01\/30604483_163874167629082_5378500417074233344_n.jpg_nc_htscontent-frx5-1.cdninstagram-400x400.jpg 400w, https:\/\/liked.hu\/old\/wp-content\/uploads\/2019\/01\/30604483_163874167629082_5378500417074233344_n.jpg_nc_htscontent-frx5-1.cdninstagram-360x360.jpg 360w, https:\/\/liked.hu\/old\/wp-content\/uploads\/2019\/01\/30604483_163874167629082_5378500417074233344_n.jpg_nc_htscontent-frx5-1.cdninstagram-545x545.jpg 545w, https:\/\/liked.hu\/old\/wp-content\/uploads\/2019\/01\/30604483_163874167629082_5378500417074233344_n.jpg_nc_htscontent-frx5-1.cdninstagram-350x350.jpg 350w\" sizes=\"(max-width: 750px) 100vw, 750px\" \/>\t\t\t<\/div>\r\n\t\t<\/figure>\r\n\t\t\t\t\t<div class=\"zf_description\"><p>Az amerikai Eg\u00e9szs\u00e9g\u00fcgyi Int\u00e9zet is <a href=\"https:\/\/www.ncbi.nlm.nih.gov\/pubmed\/23477578\" rel=\"noopener noreferrer\" target=\"_blank\">kutat\u00e1sokat<\/a> v\u00e9gzett a t\u00e9m\u00e1ban \u2013 \u0151k azt vizsg\u00e1lt\u00e1k, hogy a s\u00falygyarapod\u00e1s a pozit\u00edv vagy negat\u00edv p\u00e1rkapcsolati hat\u00e1sok \u201emell\u00e9kterm\u00e9ke\u201d. A szakemberek legal\u00e1bb 4 \u00e9ve p\u00e1rkapcsolatban \u00e9l\u0151 emberek \u00e9rzelmi eg\u00e9szs\u00e9g\u00e9t \u00e9s ment\u00e1lis \u00e1llapot\u00e1t vizsg\u00e1lt\u00e1k. Kider\u00fclt, hogy a boldog h\u00e1zasok eset\u00e9ben k\u00e9tszer nagyobb a val\u00f3sz\u00edn\u0171s\u00e9ge az elh\u00edz\u00e1snak, mint a p\u00e1rkapcsolatukkal el\u00e9gedetlen t\u00e1rsaik eset\u00e9ben.<\/p><\/div><\/div><div class=\"zf-story_item\">\r\n\t<h3 class=\"zf_title\"><\/h3>\r\n\t\t\t<figure class=\"zf-story_media zf-media-wrapper zf-image zf-type-image\">\r\n\t\t\t<div class=\"zf-media\">\r\n\t\t\t\t<img width=\"728\" height=\"495\" src=\"https:\/\/liked.hu\/old\/wp-content\/uploads\/2019\/01\/6526560-Depositphotos_31825947_xl-20151-1539000699-728-8096d8ef56-1539267763.jpg\" class=\"\" alt=\"\" loading=\"lazy\" style=\"\" srcset=\"https:\/\/liked.hu\/old\/wp-content\/uploads\/2019\/01\/6526560-Depositphotos_31825947_xl-20151-1539000699-728-8096d8ef56-1539267763.jpg 728w, https:\/\/liked.hu\/old\/wp-content\/uploads\/2019\/01\/6526560-Depositphotos_31825947_xl-20151-1539000699-728-8096d8ef56-1539267763-300x204.jpg 300w, https:\/\/liked.hu\/old\/wp-content\/uploads\/2019\/01\/6526560-Depositphotos_31825947_xl-20151-1539000699-728-8096d8ef56-1539267763-360x245.jpg 360w, https:\/\/liked.hu\/old\/wp-content\/uploads\/2019\/01\/6526560-Depositphotos_31825947_xl-20151-1539000699-728-8096d8ef56-1539267763-545x371.jpg 545w\" sizes=\"(max-width: 728px) 100vw, 728px\" \/>\t\t\t<\/div>\r\n\t\t<\/figure>\r\n\t\t\t\t\t<div class=\"zf_description\"><p>A szakemberek \u00edgy h\u00e1t arra a k\u00f6vetkeztet\u00e9sre jutottak, hogy a boldog p\u00e1rok k\u00f6z\u00f6s elh\u00edz\u00e1sa m\u00f6g\u00f6tt legf\u0151k\u00e9ppen az a jelens\u00e9g \u00e1ll, hogy a p\u00e1roknak nincs sz\u00fcks\u00e9g\u00fck a m\u00e1sik f\u00e9l figyelm\u00e9nek felkelt\u00e9s\u00e9re ahhoz, hogy boldognak \u00e9rezz\u00e9k magukat. Ezzel szemben azok a p\u00e1rok, akik boldogtalan kapcsolatban \u00e9lnek egyszer\u0171en nem k\u00e9pesek elh\u00edzni a folyamatos stressz \u00e9s probl\u00e9m\u00e1k miatt.<\/p><\/div><\/div><div class=\"zf-story_item\">\r\n\t<h3 class=\"zf_title\"><\/h3>\r\n\t\t\t<figure class=\"zf-story_media zf-media-wrapper zf-image zf-type-image\">\r\n\t\t\t<div class=\"zf-media\">\r\n\t\t\t\t<img width=\"750\" height=\"750\" src=\"https:\/\/liked.hu\/old\/wp-content\/uploads\/2019\/01\/42388784_2676071899284929_4294789766924463389_n.jpg_nc_htscontent-frx5-1.cdninstagram.jpg\" class=\"\" alt=\"\" loading=\"lazy\" style=\"\" srcset=\"https:\/\/liked.hu\/old\/wp-content\/uploads\/2019\/01\/42388784_2676071899284929_4294789766924463389_n.jpg_nc_htscontent-frx5-1.cdninstagram.jpg 750w, https:\/\/liked.hu\/old\/wp-content\/uploads\/2019\/01\/42388784_2676071899284929_4294789766924463389_n.jpg_nc_htscontent-frx5-1.cdninstagram-150x150.jpg 150w, https:\/\/liked.hu\/old\/wp-content\/uploads\/2019\/01\/42388784_2676071899284929_4294789766924463389_n.jpg_nc_htscontent-frx5-1.cdninstagram-300x300.jpg 300w, https:\/\/liked.hu\/old\/wp-content\/uploads\/2019\/01\/42388784_2676071899284929_4294789766924463389_n.jpg_nc_htscontent-frx5-1.cdninstagram-400x400.jpg 400w, https:\/\/liked.hu\/old\/wp-content\/uploads\/2019\/01\/42388784_2676071899284929_4294789766924463389_n.jpg_nc_htscontent-frx5-1.cdninstagram-360x360.jpg 360w, https:\/\/liked.hu\/old\/wp-content\/uploads\/2019\/01\/42388784_2676071899284929_4294789766924463389_n.jpg_nc_htscontent-frx5-1.cdninstagram-545x545.jpg 545w, https:\/\/liked.hu\/old\/wp-content\/uploads\/2019\/01\/42388784_2676071899284929_4294789766924463389_n.jpg_nc_htscontent-frx5-1.cdninstagram-350x350.jpg 350w\" sizes=\"(max-width: 750px) 100vw, 750px\" \/>\t\t\t<\/div>\r\n\t\t<\/figure>\r\n\t\t\t<\/div><div class=\"zf-story_item\">\r\n    <h3 class=\"zf_title\">Az elh\u00edz\u00e1s rag\u00e1lyos<\/h3>\r\n    <div class=\"zf_description\">\r\n        <p>A New England Journal of Medicine &aacute;ltal v&eacute;gzett <a href=\"https:\/\/www.nejm.org\/doi\/full\/10.1056\/NEJMsa066082??eaf=\" rel=\"noopener noreferrer\" target=\"_blank\">tanulm&aacute;ny<\/a> kimutatta, hogy a h&aacute;zass&aacute;gban &eacute;l\u0151 emberek elh&iacute;z&aacute;sa rag&aacute;lyos lehet. Ha az egyik f&eacute;l s&uacute;lya n\u0151, az a partner&eacute;re is hat&aacute;ssal van, akinek &iacute;gy 37%-kal megn\u0151 az es&eacute;lye az elh&iacute;z&aacute;sra. Ez f\u0151k&eacute;nt annak k&ouml;sz&ouml;nhet\u0151, hogy a boldog, egym&aacute;ssal sok id\u0151t t&ouml;lt\u0151 p&aacute;rok alkalmazkodnak egym&aacute;shoz &ndash; az &eacute;tkez&eacute;si szok&aacute;saik tekintet&eacute;ben is. Ezzel szemben a boldogtalan p&aacute;rkapcsolatban &eacute;l\u0151k ker&uuml;lik az egy&uuml;tt t&ouml;lt&ouml;tt id\u0151t, ennek k&ouml;sz&ouml;nhet\u0151en pedig r&aacute;juk kev&eacute;sb&eacute; vannak hat&aacute;ssal a partner&uuml;k &eacute;letm&oacute;dj&aacute;ban bek&ouml;vetkez\u0151 v&aacute;ltoz&aacute;sok - p&eacute;ld&aacute;ul az elh&iacute;z&aacute;s.<\/p><p style=\"text-align: center\">\n<div style=\"float:none;margin:0px 0 0px 0;text-align:center;\">\n<div class=\"mobileHideke8\"><div style=\"margin-top:25px;\"><div class=\"hirdeteshatter\"><div style=\"display: inline-block;width: 50%;min-width:340px;vertical-align: top;\"><div class=\"hirdetes\">HIRDET\u00c9S<\/div>\n<!-- Liked7Q1 -->\n<ins class=\"adsbygoogle\"\n     style=\"display:inline-block;width:336px;height:280px\"\n     data-ad-client=\"ca-pub-9424088931673893\"\n     data-ad-slot=\"3022062587\"><\/ins>\n<script async>\n     (adsbygoogle = window.adsbygoogle || []).push({});\n<\/script><\/div><div style=\"display: inline-block;width: 50%;min-width:340px;vertical-align: top;\"><div class=\"hirdetes\">HIRDET\u00c9S<\/div>\n<!-- Liked7Q2 -->\n<ins class=\"adsbygoogle\"\n     style=\"display:inline-block;width:336px;height:280px\"\n     data-ad-client=\"ca-pub-9424088931673893\"\n     data-ad-slot=\"3952000871\"><\/ins>\n<script async>\n     (adsbygoogle = window.adsbygoogle || []).push({});\n<\/script><\/div><\/div><\/div><\/div>\n<div style=\"display:flex;flex-direction:column;\"><div class=\"mobileShowka8\"><div style=\"padding-top:15px;margin-bottom:15px;min-height: 300px;\"><div class=\"hirdetes\">HIRDET\u00c9S<\/div>\n<!-- Liked7QMobil -->\n<ins class=\"adsbygoogle\"\n     style=\"display:inline-block;width:336px;height:280px\"\n     data-ad-client=\"ca-pub-9424088931673893\"\n     data-ad-slot=\"5073510857\"><\/ins>\n<script async>\n     (adsbygoogle = window.adsbygoogle || []).push({});\n<\/script><\/div><\/div><\/div><\/div>    <\/div>\r\n<\/div><div class=\"zf-story_item\">\r\n\t<h3 class=\"zf_title\"><\/h3>\r\n\t\t\t<figure class=\"zf-story_media zf-media-wrapper zf-image zf-type-image\">\r\n\t\t\t<div class=\"zf-media\">\r\n\t\t\t\t<img width=\"728\" height=\"584\" src=\"https:\/\/liked.hu\/old\/wp-content\/uploads\/2019\/01\/6526860-image-crop-4180x3358-1539000823-728-43343555ce-1539267763.jpg\" class=\"\" alt=\"\" loading=\"lazy\" style=\"\" srcset=\"https:\/\/liked.hu\/old\/wp-content\/uploads\/2019\/01\/6526860-image-crop-4180x3358-1539000823-728-43343555ce-1539267763.jpg 728w, https:\/\/liked.hu\/old\/wp-content\/uploads\/2019\/01\/6526860-image-crop-4180x3358-1539000823-728-43343555ce-1539267763-300x241.jpg 300w, https:\/\/liked.hu\/old\/wp-content\/uploads\/2019\/01\/6526860-image-crop-4180x3358-1539000823-728-43343555ce-1539267763-360x289.jpg 360w, https:\/\/liked.hu\/old\/wp-content\/uploads\/2019\/01\/6526860-image-crop-4180x3358-1539000823-728-43343555ce-1539267763-545x437.jpg 545w\" sizes=\"(max-width: 728px) 100vw, 728px\" \/>\t\t\t<\/div>\r\n\t\t<\/figure>\r\n\t\t\t\t\t<div class=\"zf_description\"><p>A kutat\u00e1st v\u00e9gz\u0151 szakemberek elemezt\u00e9k a p\u00e1rok t\u00e1rsadalmi k\u00f6rnyezet\u00e9t, szok\u00e1sait \u00e9s egy\u00fctt v\u00e9gzett tev\u00e9kenys\u00e9geit, melynek kapcs\u00e1n arra a k\u00f6vetkeztet\u00e9sre jutottak, hogy a k\u00f6lcs\u00f6n\u00f6s elh\u00edz\u00e1s jelens\u00e9ge m\u00f6g\u00f6tt a p\u00e1rok k\u00f6lcs\u00f6n\u00f6s pszichol\u00f3giai befoly\u00e1sol\u00e1sa \u00e1ll.<\/p><\/div><\/div><div class=\"zf-story_item\">\r\n\t<h3 class=\"zf_title\"><\/h3>\r\n\t\t\t<figure class=\"zf-story_media zf-media-wrapper zf-image zf-type-image\">\r\n\t\t\t<div class=\"zf-media\">\r\n\t\t\t\t<img width=\"750\" height=\"937\" src=\"https:\/\/liked.hu\/old\/wp-content\/uploads\/2019\/01\/36632303_229879214300246_8962206921104818176_n.jpg_nc_htscontent-frx5-1.cdninstagram.jpg\" class=\"\" alt=\"\" loading=\"lazy\" style=\"\" srcset=\"https:\/\/liked.hu\/old\/wp-content\/uploads\/2019\/01\/36632303_229879214300246_8962206921104818176_n.jpg_nc_htscontent-frx5-1.cdninstagram.jpg 750w, https:\/\/liked.hu\/old\/wp-content\/uploads\/2019\/01\/36632303_229879214300246_8962206921104818176_n.jpg_nc_htscontent-frx5-1.cdninstagram-240x300.jpg 240w, https:\/\/liked.hu\/old\/wp-content\/uploads\/2019\/01\/36632303_229879214300246_8962206921104818176_n.jpg_nc_htscontent-frx5-1.cdninstagram-360x450.jpg 360w, https:\/\/liked.hu\/old\/wp-content\/uploads\/2019\/01\/36632303_229879214300246_8962206921104818176_n.jpg_nc_htscontent-frx5-1.cdninstagram-545x681.jpg 545w\" sizes=\"(max-width: 750px) 100vw, 750px\" \/>\t\t\t<\/div>\r\n\t\t<\/figure>\r\n\t\t\t\t\t<div class=\"zf_description\"><p>Fontos szem el\u0151tt tartani, hogy noha ezek profi szakemberek \u00e1ltal k\u00e9sz\u00edtett tanulm\u00e1nyok, nem \u00e1ltal\u00e1nos\u00edthat\u00f3k az eg\u00e9sz emberis\u00e9gre \u00e9s minden egyes h\u00e1zass\u00e1gra. Mint minden esetben, itt is vannak kiv\u00e9telek. Ha teh\u00e1t Te \u00e9s a p\u00e1rod nem tapasztaltatok magatokon l\u00e1tv\u00e1nyos s\u00falyn\u00f6veked\u00e9st az egy\u00fctt t\u00f6lt\u00f6tt id\u0151 alatt, az m\u00e9g nem jelenti azt, hogy a p\u00e1rkapcsolatotok haldokolna. Ezeket a vizsg\u00e1latokat f\u0151k\u00e9nt a p\u00e1rkapcsolatban \u00e9l\u0151 szem\u00e9lyek \u00e9let\u00e9nek meg\u00e9rt\u00e9se \u00e9s az elh\u00edz\u00e1s elleni k\u00fczdelem c\u00e9lj\u00e1b\u00f3l k\u00e9sz\u00edtett\u00e9k \u2013 ami \u00edgy minden embern\u00e9l \u00e9s minden p\u00e1rkapcsolatban m\u00e1s-m\u00e1s alakot tud \u00f6lteni.<\/p><p>B\u00e1rmennyire is boldog kapcsolatban \u00e9l\u00fcnk, ett\u0151l f\u00fcggetlen\u00fcl \u00e9rdemes odafigyelni az elh\u00edz\u00e1s visszaszor\u00edt\u00e1s\u00e1ra \u00e9s az eg\u00e9szs\u00e9ges \u00e9letm\u00f3d k\u00f6vet\u00e9s\u00e9re, hogy min\u00e9l tov\u00e1bb \u00e9lvezhess\u00fck egym\u00e1s t\u00e1rsas\u00e1g\u00e1t a partner\u00fcnkkel.<\/p><\/div><\/div>        <\/div>\r\n    <\/div>\r\n\r\n    <\/div>\r\n\r\n\r\n\n","protected":false},"excerpt":{"rendered":"<p>A feltev\u00e9s, miszerint a boldog p\u00e1rok k\u00f6nnyebben h\u00edznak tal\u00e1n mer\u00e9sz elgondol\u00e1snak t\u0171nik, de b\u00e1rmilyen meglep\u0151 is, l\u00e9tezik r\u00e1 tudom\u00e1nyos magyar\u00e1zat. Sz\u00e1mos tanulm\u00e1ny szerint ugyanis azokra a p\u00e1rokra, akik a kapcsolatukban\/h\u00e1zass\u00e1gukban boldogan \u00e9s el\u00e9gedetten \u00e9lnek, k\u00f6nnyebben szaladnak fel a plusz kil\u00f3k. Megvizsg\u00e1ltunk n\u00e9h\u00e1ny ilyen tanulm\u00e1nyt, \u00e9s a v\u00e9g\u00e9re j\u00e1rtunk, hogy minek is k\u00f6sz\u00f6nhet\u0151 ez a jelens\u00e9g.<\/p>\n","protected":false},"author":4,"featured_media":209324,"comment_status":"open","ping_status":"closed","sticky":false,"template":"","format":"standard","meta":{"buzzeditor_post_format":""},"categories":[49],"tags":[7136,1033,7134,7132,7130,7131,7135,7133,2465],"yoast_head":"<!-- This site is optimized with the Yoast SEO plugin v19.6.1 - https:\/\/yoast.com\/wordpress\/plugins\/seo\/ -->\n<title>Tud\u00f3sok bebizony\u00edtott\u00e1k, hogy a p\u00e1rok, akik igaz\u00e1n szeretik egym\u00e1st, hajlamosak egy\u00fctt h\u00edzni<\/title>\n<meta name=\"description\" content=\"A feltev\u00e9s, miszerint a boldog p\u00e1rok k\u00f6nnyebben h\u00edznak tal\u00e1n mer\u00e9sz elgondol\u00e1snak t\u0171nik, de b\u00e1rmilyen meglep\u0151 is, l\u00e9tezik r\u00e1 tudom\u00e1nyos magyar\u00e1zat. Sz\u00e1mos\" \/>\n<meta name=\"robots\" content=\"index, follow, max-snippet:-1, max-image-preview:large, max-video-preview:-1\" \/>\n<link rel=\"canonical\" href=\"https:\/\/liked.hu\/old\/eletmod\/tudosok-bebizonyitottak-hogy-a-parok-akik-igazan-szeretik-egymast-hajlamosak-egyutt-hizni\/\" \/>\n<meta property=\"og:locale\" content=\"hu_HU\" \/>\n<meta property=\"og:type\" content=\"article\" \/>\n<meta property=\"og:title\" content=\"Tud\u00f3sok bebizony\u00edtott\u00e1k, hogy a p\u00e1rok, akik igaz\u00e1n szeretik egym\u00e1st, hajlamosak egy\u00fctt h\u00edzni\" \/>\n<meta property=\"og:description\" content=\"A feltev\u00e9s, miszerint a boldog p\u00e1rok k\u00f6nnyebben h\u00edznak tal\u00e1n mer\u00e9sz elgondol\u00e1snak t\u0171nik, de b\u00e1rmilyen meglep\u0151 is, l\u00e9tezik r\u00e1 tudom\u00e1nyos magyar\u00e1zat. Sz\u00e1mos\" \/>\n<meta property=\"og:url\" content=\"https:\/\/liked.hu\/old\/eletmod\/tudosok-bebizonyitottak-hogy-a-parok-akik-igazan-szeretik-egymast-hajlamosak-egyutt-hizni\/\" \/>\n<meta property=\"og:site_name\" content=\"Liked.hu\" \/>\n<meta property=\"article:publisher\" content=\"https:\/\/www.facebook.com\/liked.hu\" \/>\n<meta property=\"article:published_time\" content=\"2019-08-10T20:25:50+00:00\" \/>\n<meta property=\"article:modified_time\" content=\"2020-06-07T15:42:42+00:00\" \/>\n<meta property=\"og:image\" content=\"https:\/\/liked.hu\/old\/wp-content\/uploads\/2019\/08\/Egyutt-hizo-parok.jpg\" \/>\n\t<meta property=\"og:image:width\" content=\"1200\" \/>\n\t<meta property=\"og:image:height\" content=\"630\" \/>\n\t<meta property=\"og:image:type\" content=\"image\/jpeg\" \/>\n<meta name=\"author\" content=\"Simbakim\" \/>\n<meta name=\"twitter:card\" content=\"summary\" \/>\n<meta name=\"twitter:creator\" content=\"@LikedHu\" \/>\n<meta name=\"twitter:site\" content=\"@LikedHu\" \/>\n<meta name=\"twitter:label1\" content=\"Szerz\u0151:\" \/>\n\t<meta name=\"twitter:data1\" content=\"Simbakim\" \/>\n<script type=\"application\/ld+json\" class=\"yoast-schema-graph\">{\"@context\":\"https:\/\/schema.org\",\"@graph\":[{\"@type\":\"Article\",\"@id\":\"https:\/\/liked.hu\/old\/eletmod\/tudosok-bebizonyitottak-hogy-a-parok-akik-igazan-szeretik-egymast-hajlamosak-egyutt-hizni\/#article\",\"isPartOf\":{\"@id\":\"https:\/\/liked.hu\/old\/eletmod\/tudosok-bebizonyitottak-hogy-a-parok-akik-igazan-szeretik-egymast-hajlamosak-egyutt-hizni\/\"},\"author\":{\"name\":\"Simbakim\",\"@id\":\"https:\/\/liked.hu\/old\/#\/schema\/person\/e8b79b280dc82c4ac9b973eedc274b75\"},\"headline\":\"Tud\u00f3sok bebizony\u00edtott\u00e1k, hogy a p\u00e1rok, akik igaz\u00e1n szeretik egym\u00e1st, hajlamosak egy\u00fctt h\u00edzni\",\"datePublished\":\"2019-08-10T20:25:50+00:00\",\"dateModified\":\"2020-06-07T15:42:42+00:00\",\"mainEntityOfPage\":{\"@id\":\"https:\/\/liked.hu\/old\/eletmod\/tudosok-bebizonyitottak-hogy-a-parok-akik-igazan-szeretik-egymast-hajlamosak-egyutt-hizni\/\"},\"wordCount\":110,\"commentCount\":0,\"publisher\":{\"@id\":\"https:\/\/liked.hu\/old\/#organization\"},\"keywords\":[\"h\u00e1zas elh\u00edz\u00e1s\",\"h\u00e1zass\u00e1g\",\"h\u00e1zass\u00e1gban elh\u00edz\u00e1s\",\"k\u00f6lcs\u00f6n\u00f6s elh\u00edz\u00e1s\",\"p\u00e1rkapcsolat elh\u00edz\u00e1s\",\"p\u00e1rok elh\u00edz\u00e1sa\",\"p\u00e1ros elh\u00edz\u00e1s\",\"rag\u00e1lyos elh\u00edz\u00e1s\",\"sztori\"],\"articleSection\":[\"\u00c9letm\u00f3d\"],\"inLanguage\":\"hu\",\"potentialAction\":[{\"@type\":\"CommentAction\",\"name\":\"Comment\",\"target\":[\"https:\/\/liked.hu\/old\/eletmod\/tudosok-bebizonyitottak-hogy-a-parok-akik-igazan-szeretik-egymast-hajlamosak-egyutt-hizni\/#respond\"]}]},{\"@type\":\"WebPage\",\"@id\":\"https:\/\/liked.hu\/old\/eletmod\/tudosok-bebizonyitottak-hogy-a-parok-akik-igazan-szeretik-egymast-hajlamosak-egyutt-hizni\/\",\"url\":\"https:\/\/liked.hu\/old\/eletmod\/tudosok-bebizonyitottak-hogy-a-parok-akik-igazan-szeretik-egymast-hajlamosak-egyutt-hizni\/\",\"name\":\"Tud\u00f3sok bebizony\u00edtott\u00e1k, hogy a p\u00e1rok, akik igaz\u00e1n szeretik egym\u00e1st, hajlamosak egy\u00fctt h\u00edzni\",\"isPartOf\":{\"@id\":\"https:\/\/liked.hu\/old\/#website\"},\"datePublished\":\"2019-08-10T20:25:50+00:00\",\"dateModified\":\"2020-06-07T15:42:42+00:00\",\"description\":\"A feltev\u00e9s, miszerint a boldog p\u00e1rok k\u00f6nnyebben h\u00edznak tal\u00e1n mer\u00e9sz elgondol\u00e1snak t\u0171nik, de b\u00e1rmilyen meglep\u0151 is, l\u00e9tezik r\u00e1 tudom\u00e1nyos magyar\u00e1zat. Sz\u00e1mos\",\"breadcrumb\":{\"@id\":\"https:\/\/liked.hu\/old\/eletmod\/tudosok-bebizonyitottak-hogy-a-parok-akik-igazan-szeretik-egymast-hajlamosak-egyutt-hizni\/#breadcrumb\"},\"inLanguage\":\"hu\",\"potentialAction\":[{\"@type\":\"ReadAction\",\"target\":[\"https:\/\/liked.hu\/old\/eletmod\/tudosok-bebizonyitottak-hogy-a-parok-akik-igazan-szeretik-egymast-hajlamosak-egyutt-hizni\/\"]}]},{\"@type\":\"BreadcrumbList\",\"@id\":\"https:\/\/liked.hu\/old\/eletmod\/tudosok-bebizonyitottak-hogy-a-parok-akik-igazan-szeretik-egymast-hajlamosak-egyutt-hizni\/#breadcrumb\",\"itemListElement\":[{\"@type\":\"ListItem\",\"position\":1,\"name\":\"Kezd\u0151lap\",\"item\":\"https:\/\/liked.hu\/old\/\"},{\"@type\":\"ListItem\",\"position\":2,\"name\":\"Tud\u00f3sok bebizony\u00edtott\u00e1k, hogy a p\u00e1rok, akik igaz\u00e1n szeretik egym\u00e1st, hajlamosak egy\u00fctt h\u00edzni\"}]},{\"@type\":\"WebSite\",\"@id\":\"https:\/\/liked.hu\/old\/#website\",\"url\":\"https:\/\/liked.hu\/old\/\",\"name\":\"Liked.hu\",\"description\":\"\",\"publisher\":{\"@id\":\"https:\/\/liked.hu\/old\/#organization\"},\"potentialAction\":[{\"@type\":\"SearchAction\",\"target\":{\"@type\":\"EntryPoint\",\"urlTemplate\":\"https:\/\/liked.hu\/old\/?s={search_term_string}\"},\"query-input\":\"required name=search_term_string\"}],\"inLanguage\":\"hu\"},{\"@type\":\"Organization\",\"@id\":\"https:\/\/liked.hu\/old\/#organization\",\"name\":\"Liked.hu\",\"url\":\"https:\/\/liked.hu\/old\/\",\"sameAs\":[\"https:\/\/hu.pinterest.com\/likedhungary\/\",\"https:\/\/www.youtube.com\/channel\/UCPv91dbMoIukYcM9b9nHN6Q\",\"https:\/\/www.facebook.com\/liked.hu\",\"https:\/\/twitter.com\/LikedHu\"],\"logo\":{\"@type\":\"ImageObject\",\"inLanguage\":\"hu\",\"@id\":\"https:\/\/liked.hu\/old\/#\/schema\/logo\/image\/\",\"url\":\"https:\/\/liked.hu\/wp-content\/uploads\/2018\/08\/Liked-icon.png\",\"contentUrl\":\"https:\/\/liked.hu\/wp-content\/uploads\/2018\/08\/Liked-icon.png\",\"width\":512,\"height\":512,\"caption\":\"Liked.hu\"},\"image\":{\"@id\":\"https:\/\/liked.hu\/old\/#\/schema\/logo\/image\/\"}},{\"@type\":\"Person\",\"@id\":\"https:\/\/liked.hu\/old\/#\/schema\/person\/e8b79b280dc82c4ac9b973eedc274b75\",\"name\":\"Simbakim\",\"image\":{\"@type\":\"ImageObject\",\"inLanguage\":\"hu\",\"@id\":\"https:\/\/liked.hu\/old\/#\/schema\/person\/image\/\",\"url\":\"https:\/\/secure.gravatar.com\/avatar\/?s=96&d=mm&r=pg\",\"contentUrl\":\"https:\/\/secure.gravatar.com\/avatar\/?s=96&d=mm&r=pg\",\"caption\":\"Simbakim\"},\"url\":\"https:\/\/liked.hu\/old\/u\/simbakim\/\"}]}<\/script>\n<!-- \/ Yoast SEO plugin. -->","yoast_head_json":{"title":"Tud\u00f3sok bebizony\u00edtott\u00e1k, hogy a p\u00e1rok, akik igaz\u00e1n szeretik egym\u00e1st, hajlamosak egy\u00fctt h\u00edzni","description":"A feltev\u00e9s, miszerint a boldog p\u00e1rok k\u00f6nnyebben h\u00edznak tal\u00e1n mer\u00e9sz elgondol\u00e1snak t\u0171nik, de b\u00e1rmilyen meglep\u0151 is, l\u00e9tezik r\u00e1 tudom\u00e1nyos magyar\u00e1zat. Sz\u00e1mos","robots":{"index":"index","follow":"follow","max-snippet":"max-snippet:-1","max-image-preview":"max-image-preview:large","max-video-preview":"max-video-preview:-1"},"canonical":"https:\/\/liked.hu\/old\/eletmod\/tudosok-bebizonyitottak-hogy-a-parok-akik-igazan-szeretik-egymast-hajlamosak-egyutt-hizni\/","og_locale":"hu_HU","og_type":"article","og_title":"Tud\u00f3sok bebizony\u00edtott\u00e1k, hogy a p\u00e1rok, akik igaz\u00e1n szeretik egym\u00e1st, hajlamosak egy\u00fctt h\u00edzni","og_description":"A feltev\u00e9s, miszerint a boldog p\u00e1rok k\u00f6nnyebben h\u00edznak tal\u00e1n mer\u00e9sz elgondol\u00e1snak t\u0171nik, de b\u00e1rmilyen meglep\u0151 is, l\u00e9tezik r\u00e1 tudom\u00e1nyos magyar\u00e1zat. Sz\u00e1mos","og_url":"https:\/\/liked.hu\/old\/eletmod\/tudosok-bebizonyitottak-hogy-a-parok-akik-igazan-szeretik-egymast-hajlamosak-egyutt-hizni\/","og_site_name":"Liked.hu","article_publisher":"https:\/\/www.facebook.com\/liked.hu","article_published_time":"2019-08-10T20:25:50+00:00","article_modified_time":"2020-06-07T15:42:42+00:00","og_image":[{"width":1200,"height":630,"url":"https:\/\/liked.hu\/old\/wp-content\/uploads\/2019\/08\/Egyutt-hizo-parok.jpg","type":"image\/jpeg"}],"author":"Simbakim","twitter_card":"summary","twitter_creator":"@LikedHu","twitter_site":"@LikedHu","twitter_misc":{"Szerz\u0151:":"Simbakim"},"schema":{"@context":"https:\/\/schema.org","@graph":[{"@type":"Article","@id":"https:\/\/liked.hu\/old\/eletmod\/tudosok-bebizonyitottak-hogy-a-parok-akik-igazan-szeretik-egymast-hajlamosak-egyutt-hizni\/#article","isPartOf":{"@id":"https:\/\/liked.hu\/old\/eletmod\/tudosok-bebizonyitottak-hogy-a-parok-akik-igazan-szeretik-egymast-hajlamosak-egyutt-hizni\/"},"author":{"name":"Simbakim","@id":"https:\/\/liked.hu\/old\/#\/schema\/person\/e8b79b280dc82c4ac9b973eedc274b75"},"headline":"Tud\u00f3sok bebizony\u00edtott\u00e1k, hogy a p\u00e1rok, akik igaz\u00e1n szeretik egym\u00e1st, hajlamosak egy\u00fctt h\u00edzni","datePublished":"2019-08-10T20:25:50+00:00","dateModified":"2020-06-07T15:42:42+00:00","mainEntityOfPage":{"@id":"https:\/\/liked.hu\/old\/eletmod\/tudosok-bebizonyitottak-hogy-a-parok-akik-igazan-szeretik-egymast-hajlamosak-egyutt-hizni\/"},"wordCount":110,"commentCount":0,"publisher":{"@id":"https:\/\/liked.hu\/old\/#organization"},"keywords":["h\u00e1zas elh\u00edz\u00e1s","h\u00e1zass\u00e1g","h\u00e1zass\u00e1gban elh\u00edz\u00e1s","k\u00f6lcs\u00f6n\u00f6s elh\u00edz\u00e1s","p\u00e1rkapcsolat elh\u00edz\u00e1s","p\u00e1rok elh\u00edz\u00e1sa","p\u00e1ros elh\u00edz\u00e1s","rag\u00e1lyos elh\u00edz\u00e1s","sztori"],"articleSection":["\u00c9letm\u00f3d"],"inLanguage":"hu","potentialAction":[{"@type":"CommentAction","name":"Comment","target":["https:\/\/liked.hu\/old\/eletmod\/tudosok-bebizonyitottak-hogy-a-parok-akik-igazan-szeretik-egymast-hajlamosak-egyutt-hizni\/#respond"]}]},{"@type":"WebPage","@id":"https:\/\/liked.hu\/old\/eletmod\/tudosok-bebizonyitottak-hogy-a-parok-akik-igazan-szeretik-egymast-hajlamosak-egyutt-hizni\/","url":"https:\/\/liked.hu\/old\/eletmod\/tudosok-bebizonyitottak-hogy-a-parok-akik-igazan-szeretik-egymast-hajlamosak-egyutt-hizni\/","name":"Tud\u00f3sok bebizony\u00edtott\u00e1k, hogy a p\u00e1rok, akik igaz\u00e1n szeretik egym\u00e1st, hajlamosak egy\u00fctt h\u00edzni","isPartOf":{"@id":"https:\/\/liked.hu\/old\/#website"},"datePublished":"2019-08-10T20:25:50+00:00","dateModified":"2020-06-07T15:42:42+00:00","description":"A feltev\u00e9s, miszerint a boldog p\u00e1rok k\u00f6nnyebben h\u00edznak tal\u00e1n mer\u00e9sz elgondol\u00e1snak t\u0171nik, de b\u00e1rmilyen meglep\u0151 is, l\u00e9tezik r\u00e1 tudom\u00e1nyos magyar\u00e1zat. Sz\u00e1mos","breadcrumb":{"@id":"https:\/\/liked.hu\/old\/eletmod\/tudosok-bebizonyitottak-hogy-a-parok-akik-igazan-szeretik-egymast-hajlamosak-egyutt-hizni\/#breadcrumb"},"inLanguage":"hu","potentialAction":[{"@type":"ReadAction","target":["https:\/\/liked.hu\/old\/eletmod\/tudosok-bebizonyitottak-hogy-a-parok-akik-igazan-szeretik-egymast-hajlamosak-egyutt-hizni\/"]}]},{"@type":"BreadcrumbList","@id":"https:\/\/liked.hu\/old\/eletmod\/tudosok-bebizonyitottak-hogy-a-parok-akik-igazan-szeretik-egymast-hajlamosak-egyutt-hizni\/#breadcrumb","itemListElement":[{"@type":"ListItem","position":1,"name":"Kezd\u0151lap","item":"https:\/\/liked.hu\/old\/"},{"@type":"ListItem","position":2,"name":"Tud\u00f3sok bebizony\u00edtott\u00e1k, hogy a p\u00e1rok, akik igaz\u00e1n szeretik egym\u00e1st, hajlamosak egy\u00fctt h\u00edzni"}]},{"@type":"WebSite","@id":"https:\/\/liked.hu\/old\/#website","url":"https:\/\/liked.hu\/old\/","name":"Liked.hu","description":"","publisher":{"@id":"https:\/\/liked.hu\/old\/#organization"},"potentialAction":[{"@type":"SearchAction","target":{"@type":"EntryPoint","urlTemplate":"https:\/\/liked.hu\/old\/?s={search_term_string}"},"query-input":"required name=search_term_string"}],"inLanguage":"hu"},{"@type":"Organization","@id":"https:\/\/liked.hu\/old\/#organization","name":"Liked.hu","url":"https:\/\/liked.hu\/old\/","sameAs":["https:\/\/hu.pinterest.com\/likedhungary\/","https:\/\/www.youtube.com\/channel\/UCPv91dbMoIukYcM9b9nHN6Q","https:\/\/www.facebook.com\/liked.hu","https:\/\/twitter.com\/LikedHu"],"logo":{"@type":"ImageObject","inLanguage":"hu","@id":"https:\/\/liked.hu\/old\/#\/schema\/logo\/image\/","url":"https:\/\/liked.hu\/wp-content\/uploads\/2018\/08\/Liked-icon.png","contentUrl":"https:\/\/liked.hu\/wp-content\/uploads\/2018\/08\/Liked-icon.png","width":512,"height":512,"caption":"Liked.hu"},"image":{"@id":"https:\/\/liked.hu\/old\/#\/schema\/logo\/image\/"}},{"@type":"Person","@id":"https:\/\/liked.hu\/old\/#\/schema\/person\/e8b79b280dc82c4ac9b973eedc274b75","name":"Simbakim","image":{"@type":"ImageObject","inLanguage":"hu","@id":"https:\/\/liked.hu\/old\/#\/schema\/person\/image\/","url":"https:\/\/secure.gravatar.com\/avatar\/?s=96&d=mm&r=pg","contentUrl":"https:\/\/secure.gravatar.com\/avatar\/?s=96&d=mm&r=pg","caption":"Simbakim"},"url":"https:\/\/liked.hu\/old\/u\/simbakim\/"}]}},"publishpress_future_action":{"enabled":false,"date":"1970-01-01 01:00:00","action":"","terms":[],"taxonomy":"","browser_timezone_offset":0},"_links":{"self":[{"href":"https:\/\/liked.hu\/old\/wp-json\/wp\/v2\/posts\/128197"}],"collection":[{"href":"https:\/\/liked.hu\/old\/wp-json\/wp\/v2\/posts"}],"about":[{"href":"https:\/\/liked.hu\/old\/wp-json\/wp\/v2\/types\/post"}],"author":[{"embeddable":true,"href":"https:\/\/liked.hu\/old\/wp-json\/wp\/v2\/users\/4"}],"replies":[{"embeddable":true,"href":"https:\/\/liked.hu\/old\/wp-json\/wp\/v2\/comments?post=128197"}],"version-history":[{"count":0,"href":"https:\/\/liked.hu\/old\/wp-json\/wp\/v2\/posts\/128197\/revisions"}],"wp:featuredmedia":[{"embeddable":true,"href":"https:\/\/liked.hu\/old\/wp-json\/wp\/v2\/media\/209324"}],"wp:attachment":[{"href":"https:\/\/liked.hu\/old\/wp-json\/wp\/v2\/media?parent=128197"}],"wp:term":[{"taxonomy":"category","embeddable":true,"href":"https:\/\/liked.hu\/old\/wp-json\/wp\/v2\/categories?post=128197"},{"taxonomy":"post_tag","embeddable":true,"href":"https:\/\/liked.hu\/old\/wp-json\/wp\/v2\/tags?post=128197"}],"curies":[{"name":"wp","href":"https:\/\/api.w.org\/{rel}","templated":true}]}}