{"id":125320,"date":"2019-01-05T04:14:40","date_gmt":"2019-01-05T03:14:40","guid":{"rendered":"https:\/\/liked.hu\/old\/?p=125320"},"modified":"2022-09-05T18:48:33","modified_gmt":"2022-09-05T16:48:33","slug":"te-sem-szeretsz-fogorvoshoz-jarni-akkor-nezd-meg-hogyan-dolgoztak-a-multban","status":"publish","type":"post","link":"https:\/\/liked.hu\/old\/erdekes\/te-sem-szeretsz-fogorvoshoz-jarni-akkor-nezd-meg-hogyan-dolgoztak-a-multban\/","title":{"rendered":"Te sem szeretsz fogorvoshoz j\u00e1rni? Akkor n\u00e9zd meg, hogyan dolgoztak a m\u00faltban"},"content":{"rendered":"<p>Senki sem \u00f6nk\u00e9nt \u00e9s dalol\u00e1szva keresi fel a fogorvos\u00e1t. \u00c1ltal\u00e1ban m\u00e1r csak a legv\u00e9gs\u0151 esetekben d\u00f6nt\u00fcnk \u00fagy, hogy az irgalmatlan f\u00e1jdalmak enyh\u00edt\u00e9se v\u00e9gett hivat\u00e1sos szakemberre b\u00edzzuk a fogainkat.<\/p>\n\n<div style=\"float:none;margin:0px 0 0px 0;text-align:center;\">\n<div class=\"mobileShowkakettes\"><div class=\"mobileShowka2\"><div style=\"padding-top:0px;padding-bottom:15px;min-height: 300px;\"><div class=\"hirdetes\">HIRDET\u00c9S<\/div>\n<!-- 300lista -->\n<ins class=\"adsbygoogle\"\n     style=\"display:inline-block;width:300px;height:250px\"\n     data-ad-client=\"ca-pub-9424088931673893\"\n     data-ad-slot=\"8471340766\"><\/ins>\n<script async>\n     (adsbygoogle = window.adsbygoogle || []).push({});\n<\/script><\/div><\/div><\/div><\/div>\n\n<p>B\u00e1rmennyire is ijeszt\u0151 vagy f\u00e1jdalmas is azonban egy ilyen beavatkoz\u00e1s, h\u00e1l\u00e1t adhatunk az \u00e9gnek, hogy napjainkban ott tart a technika \u00e9s az orvostudom\u00e1ny ahol, hiszen nem is olyan r\u00e9gen m\u00e9g enn\u00e9l is sokkal borzaszt\u00f3bbak voltak a fogorvosi beavatkoz\u00e1sok.<\/p>\n<div id=\"zombify-main-section-front\" class=\"zombify-main-section-front zombify-screen zf-media-full\">\r\n<link rel=\"stylesheet\" type=\"text\/css\" href=\"https:\/\/liked.hu\/old\/js\/zombify.css\">\r\n    <link rel=\"stylesheet\" type=\"text\/css\" href=\"https:\/\/liked.hu\/old\/wp-content\/themes\/newsy-child\/style.css\">\r\n\t\r\n    <div class=\"zf-container\">\r\n\r\n\r\n        <div id=\"zf-story\" class=\"zf-story\">\r\n            <div class=\"zf-story_item\">\r\n\t<h3 class=\"zf_title\">K\u00e9zzel faragott m\u0171fogsor 1790-b\u0151l. A fogprot\u00e9zis speci\u00e1lis rug\u00f3k seg\u00edts\u00e9g\u00e9vel volt a beteg sz\u00e1j\u00e1ba r\u00f6gz\u00edtve.<\/h3>\r\n\t\t\t<figure class=\"zf-story_media zf-media-wrapper zf-image zf-type-image\">\r\n\t\t\t<div class=\"zf-media\">\r\n\t\t\t\t<img width=\"740\" height=\"493\" src=\"https:\/\/liked.hu\/old\/wp-content\/uploads\/2019\/01\/1-52.jpg\" class=\"\" alt=\"\" loading=\"lazy\" style=\"\" srcset=\"https:\/\/liked.hu\/old\/wp-content\/uploads\/2019\/01\/1-52.jpg 740w, https:\/\/liked.hu\/old\/wp-content\/uploads\/2019\/01\/1-52-300x200.jpg 300w, https:\/\/liked.hu\/old\/wp-content\/uploads\/2019\/01\/1-52-360x240.jpg 360w, https:\/\/liked.hu\/old\/wp-content\/uploads\/2019\/01\/1-52-545x363.jpg 545w\" sizes=\"(max-width: 740px) 100vw, 740px\" \/>\t\t\t<\/div>\r\n\t\t<\/figure>\r\n\t\t\t\t\t<div class=\"zf_description\"><p>&nbsp;&nbsp;<\/p><\/div><\/div><div class=\"zf-story_item\">\r\n\t<h3 class=\"zf_title\">\u0150si etruszk fog\u00e1szat.<\/h3>\r\n\t\t\t<figure class=\"zf-story_media zf-media-wrapper zf-image zf-type-image\">\r\n\t\t\t<div class=\"zf-media\">\r\n\t\t\t\t<img width=\"740\" height=\"602\" src=\"https:\/\/liked.hu\/old\/wp-content\/uploads\/2019\/01\/2-52.jpg\" class=\"\" alt=\"\" loading=\"lazy\" style=\"\" srcset=\"https:\/\/liked.hu\/old\/wp-content\/uploads\/2019\/01\/2-52.jpg 740w, https:\/\/liked.hu\/old\/wp-content\/uploads\/2019\/01\/2-52-300x244.jpg 300w, https:\/\/liked.hu\/old\/wp-content\/uploads\/2019\/01\/2-52-360x293.jpg 360w, https:\/\/liked.hu\/old\/wp-content\/uploads\/2019\/01\/2-52-545x443.jpg 545w\" sizes=\"(max-width: 740px) 100vw, 740px\" \/>\t\t\t<\/div>\r\n\t\t<\/figure>\r\n\t\t\t\t\t<div class=\"zf_description\"><p>&nbsp;&nbsp;<\/p><\/div><\/div><div class=\"zf-story_item\">\r\n\t<h3 class=\"zf_title\"><\/h3>\r\n\t\t\t<figure class=\"zf-story_media zf-media-wrapper zf-image zf-type-image\">\r\n\t\t\t<div class=\"zf-media\">\r\n\t\t\t\t<img width=\"740\" height=\"493\" src=\"https:\/\/liked.hu\/old\/wp-content\/uploads\/2019\/01\/3-52.jpg\" class=\"\" alt=\"\" loading=\"lazy\" style=\"\" srcset=\"https:\/\/liked.hu\/old\/wp-content\/uploads\/2019\/01\/3-52.jpg 740w, https:\/\/liked.hu\/old\/wp-content\/uploads\/2019\/01\/3-52-300x200.jpg 300w, https:\/\/liked.hu\/old\/wp-content\/uploads\/2019\/01\/3-52-360x240.jpg 360w, https:\/\/liked.hu\/old\/wp-content\/uploads\/2019\/01\/3-52-545x363.jpg 545w\" sizes=\"(max-width: 740px) 100vw, 740px\" \/>\t\t\t<\/div>\r\n\t\t<\/figure>\r\n\t\t\t<\/div><div class=\"zf-story_item\">\r\n\t<h3 class=\"zf_title\">J\u00e1de k\u00f6vekkel dekor\u00e1lt fogak. M\u00e9g akkor is a d\u00edszes dekor\u00e1ci\u00f3ra t\u00f6rekedtek, amikor a fogaik egy\u00e9bk\u00e9nt siralmas \u00e1llapotban voltak - vagy \u00e9pp n\u00e9melyik hi\u00e1nyzott.<\/h3>\r\n\t\t\t<figure class=\"zf-story_media zf-media-wrapper zf-image zf-type-image\">\r\n\t\t\t<div class=\"zf-media\">\r\n\t\t\t\t<img width=\"740\" height=\"493\" src=\"https:\/\/liked.hu\/old\/wp-content\/uploads\/2019\/01\/4-50.jpg\" class=\"\" alt=\"\" loading=\"lazy\" style=\"\" srcset=\"https:\/\/liked.hu\/old\/wp-content\/uploads\/2019\/01\/4-50.jpg 740w, https:\/\/liked.hu\/old\/wp-content\/uploads\/2019\/01\/4-50-300x200.jpg 300w, https:\/\/liked.hu\/old\/wp-content\/uploads\/2019\/01\/4-50-360x240.jpg 360w, https:\/\/liked.hu\/old\/wp-content\/uploads\/2019\/01\/4-50-545x363.jpg 545w\" sizes=\"(max-width: 740px) 100vw, 740px\" \/>\t\t\t<\/div>\r\n\t\t<\/figure>\r\n\t\t\t<\/div><div class=\"zf-story_item\">\r\n\t<h3 class=\"zf_title\"><\/h3>\r\n\t\t\t<figure class=\"zf-story_media zf-media-wrapper zf-image zf-type-image\">\r\n\t\t\t<div class=\"zf-media\">\r\n\t\t\t\t<img width=\"740\" height=\"493\" src=\"https:\/\/liked.hu\/old\/wp-content\/uploads\/2019\/01\/5-49.jpg\" class=\"\" alt=\"\" loading=\"lazy\" style=\"\" srcset=\"https:\/\/liked.hu\/old\/wp-content\/uploads\/2019\/01\/5-49.jpg 740w, https:\/\/liked.hu\/old\/wp-content\/uploads\/2019\/01\/5-49-300x200.jpg 300w, https:\/\/liked.hu\/old\/wp-content\/uploads\/2019\/01\/5-49-360x240.jpg 360w, https:\/\/liked.hu\/old\/wp-content\/uploads\/2019\/01\/5-49-545x363.jpg 545w\" sizes=\"(max-width: 740px) 100vw, 740px\" \/>\t\t\t<\/div>\r\n\t\t<\/figure>\r\n\t\t\t<\/div><div class=\"zf-story_item\">\r\n\t<h3 class=\"zf_title\">Az \u00e9kszerekkel dekor\u00e1lt fogakat a fels\u0151 oszt\u00e1ly kiv\u00e1lts\u00e1g\u00e1nak tartott\u00e1k.<\/h3>\r\n\t\t\t<figure class=\"zf-story_media zf-media-wrapper zf-image zf-type-image\">\r\n\t\t\t<div class=\"zf-media\">\r\n\t\t\t\t<img width=\"740\" height=\"493\" src=\"https:\/\/liked.hu\/old\/wp-content\/uploads\/2019\/01\/6-49.jpg\" class=\"\" alt=\"\" loading=\"lazy\" style=\"\" srcset=\"https:\/\/liked.hu\/old\/wp-content\/uploads\/2019\/01\/6-49.jpg 740w, https:\/\/liked.hu\/old\/wp-content\/uploads\/2019\/01\/6-49-300x200.jpg 300w, https:\/\/liked.hu\/old\/wp-content\/uploads\/2019\/01\/6-49-360x240.jpg 360w, https:\/\/liked.hu\/old\/wp-content\/uploads\/2019\/01\/6-49-545x363.jpg 545w\" sizes=\"(max-width: 740px) 100vw, 740px\" \/>\t\t\t<\/div>\r\n\t\t<\/figure>\r\n\t\t\t<\/div><div class=\"zf-story_item\">\r\n\t<h3 class=\"zf_title\">Ennek a Teotihuacan-i romv\u00e1rosban tal\u00e1lt n\u0151nek m\u00e9g a kihullott fog\u00e1t is egy komplett j\u00e1de k\u0151vel p\u00f3tolt\u00e1k, melyet az als\u00f3 \u00e1llkapcs\u00e1hoz ragasztottak.<\/h3>\r\n\t\t\t<figure class=\"zf-story_media zf-media-wrapper zf-image zf-type-image\">\r\n\t\t\t<div class=\"zf-media\">\r\n\t\t\t\t<img width=\"740\" height=\"493\" src=\"https:\/\/liked.hu\/old\/wp-content\/uploads\/2019\/01\/7-49.jpg\" class=\"\" alt=\"\" loading=\"lazy\" style=\"\" srcset=\"https:\/\/liked.hu\/old\/wp-content\/uploads\/2019\/01\/7-49.jpg 740w, https:\/\/liked.hu\/old\/wp-content\/uploads\/2019\/01\/7-49-300x200.jpg 300w, https:\/\/liked.hu\/old\/wp-content\/uploads\/2019\/01\/7-49-360x240.jpg 360w, https:\/\/liked.hu\/old\/wp-content\/uploads\/2019\/01\/7-49-545x363.jpg 545w\" sizes=\"(max-width: 740px) 100vw, 740px\" \/>\t\t\t<\/div>\r\n\t\t<\/figure>\r\n\t\t\t<\/div><div class=\"zf-story_item\">\r\n\t<h3 class=\"zf_title\">Dr\u00e1gak\u00f6vekb\u0151l k\u00e9sz\u00fclt m\u0171fogsor.<\/h3>\r\n\t\t\t<figure class=\"zf-story_media zf-media-wrapper zf-image zf-type-image\">\r\n\t\t\t<div class=\"zf-media\">\r\n\t\t\t\t<img width=\"740\" height=\"493\" src=\"https:\/\/liked.hu\/old\/wp-content\/uploads\/2019\/01\/8-49.jpg\" class=\"\" alt=\"\" loading=\"lazy\" style=\"\" srcset=\"https:\/\/liked.hu\/old\/wp-content\/uploads\/2019\/01\/8-49.jpg 740w, https:\/\/liked.hu\/old\/wp-content\/uploads\/2019\/01\/8-49-300x200.jpg 300w, https:\/\/liked.hu\/old\/wp-content\/uploads\/2019\/01\/8-49-360x240.jpg 360w, https:\/\/liked.hu\/old\/wp-content\/uploads\/2019\/01\/8-49-545x363.jpg 545w\" sizes=\"(max-width: 740px) 100vw, 740px\" \/>\t\t\t<\/div>\r\n\t\t<\/figure>\r\n\t\t\t<\/div><div class=\"zf-story_item\">\r\n\t<h3 class=\"zf_title\">Az \u00f3kori egyiptomiak a fogaikat m\u00e1s emberekt\u0151l sz\u00e1rmaz\u00f3 \u00fan. donorfogakkal p\u00f3tolt\u00e1k, melyeket aranyhuzal seg\u00edts\u00e9g\u00e9vel er\u0151s\u00edtettek a saj\u00e1t fogaikhoz.<\/h3>\r\n\t\t\t<figure class=\"zf-story_media zf-media-wrapper zf-image zf-type-image\">\r\n\t\t\t<div class=\"zf-media\">\r\n\t\t\t\t<img width=\"740\" height=\"493\" src=\"https:\/\/liked.hu\/old\/wp-content\/uploads\/2019\/01\/9-50.jpg\" class=\"\" alt=\"\" loading=\"lazy\" style=\"\" srcset=\"https:\/\/liked.hu\/old\/wp-content\/uploads\/2019\/01\/9-50.jpg 740w, https:\/\/liked.hu\/old\/wp-content\/uploads\/2019\/01\/9-50-300x200.jpg 300w, https:\/\/liked.hu\/old\/wp-content\/uploads\/2019\/01\/9-50-360x240.jpg 360w, https:\/\/liked.hu\/old\/wp-content\/uploads\/2019\/01\/9-50-545x363.jpg 545w\" sizes=\"(max-width: 740px) 100vw, 740px\" \/>\t\t\t<\/div>\r\n\t\t<\/figure>\r\n\t\t\t<\/div><div class=\"zf-story_item\">\r\n\t<h3 class=\"zf_title\"><\/h3>\r\n\t\t\t<figure class=\"zf-story_media zf-media-wrapper zf-image zf-type-image\">\r\n\t\t\t<div class=\"zf-media\">\r\n\t\t\t\t<img width=\"740\" height=\"493\" src=\"https:\/\/liked.hu\/old\/wp-content\/uploads\/2019\/01\/10-48.jpg\" class=\"\" alt=\"\" loading=\"lazy\" style=\"\" srcset=\"https:\/\/liked.hu\/old\/wp-content\/uploads\/2019\/01\/10-48.jpg 740w, https:\/\/liked.hu\/old\/wp-content\/uploads\/2019\/01\/10-48-300x200.jpg 300w, https:\/\/liked.hu\/old\/wp-content\/uploads\/2019\/01\/10-48-360x240.jpg 360w, https:\/\/liked.hu\/old\/wp-content\/uploads\/2019\/01\/10-48-545x363.jpg 545w\" sizes=\"(max-width: 740px) 100vw, 740px\" \/>\t\t\t<\/div>\r\n\t\t<\/figure>\r\n\t\t\t<\/div><div class=\"zf-story_item\">\r\n\t<h3 class=\"zf_title\">A csat\u00e1kban elhunyt katon\u00e1k fogait kih\u00fazt\u00e1k \u00e9s m\u0171fogsorokat k\u00e9sz\u00edtettek bel\u0151l\u00fck.<\/h3>\r\n\t\t\t<figure class=\"zf-story_media zf-media-wrapper zf-image zf-type-image\">\r\n\t\t\t<div class=\"zf-media\">\r\n\t\t\t\t<img width=\"740\" height=\"493\" src=\"https:\/\/liked.hu\/old\/wp-content\/uploads\/2019\/01\/11-46.jpg\" class=\"\" alt=\"\" loading=\"lazy\" style=\"\" srcset=\"https:\/\/liked.hu\/old\/wp-content\/uploads\/2019\/01\/11-46.jpg 740w, https:\/\/liked.hu\/old\/wp-content\/uploads\/2019\/01\/11-46-300x200.jpg 300w, https:\/\/liked.hu\/old\/wp-content\/uploads\/2019\/01\/11-46-360x240.jpg 360w, https:\/\/liked.hu\/old\/wp-content\/uploads\/2019\/01\/11-46-545x363.jpg 545w\" sizes=\"(max-width: 740px) 100vw, 740px\" \/>\t\t\t<\/div>\r\n\t\t<\/figure>\r\n\t\t\t<\/div><div class=\"zf-story_item\">\r\n\t<h3 class=\"zf_title\">Az ilyen prot\u00e9ziseket \"Waterloo teeth\"-nek nevezt\u00e9k. A v\u00e1z\u00e1t v\u00edzilovak csontj\u00e1b\u00f3l k\u00e9sz\u00edtett\u00e9k, a fogakat hozz\u00e1 pedig a Waterloon\u00e1l elhunyt katon\u00e1kt\u00f3l szerezt\u00e9k. Ekkoriban vir\u00e1gzott az elhunyt katon\u00e1k fogaira p\u00e1ly\u00e1z\u00f3 hullarabl\u00f3 biznisz.<\/h3>\r\n\t\t\t<figure class=\"zf-story_media zf-media-wrapper zf-image zf-type-image\">\r\n\t\t\t<div class=\"zf-media\">\r\n\t\t\t\t<img width=\"740\" height=\"493\" src=\"https:\/\/liked.hu\/old\/wp-content\/uploads\/2019\/01\/12-47.jpg\" class=\"\" alt=\"\" loading=\"lazy\" style=\"\" srcset=\"https:\/\/liked.hu\/old\/wp-content\/uploads\/2019\/01\/12-47.jpg 740w, https:\/\/liked.hu\/old\/wp-content\/uploads\/2019\/01\/12-47-300x200.jpg 300w, https:\/\/liked.hu\/old\/wp-content\/uploads\/2019\/01\/12-47-360x240.jpg 360w, https:\/\/liked.hu\/old\/wp-content\/uploads\/2019\/01\/12-47-545x363.jpg 545w\" sizes=\"(max-width: 740px) 100vw, 740px\" \/>\t\t\t<\/div>\r\n\t\t<\/figure>\r\n\t\t\t<\/div><div class=\"zf-story_item\">\r\n\t<h3 class=\"zf_title\">Nem csak emberi, de \u00e1llati fogakb\u00f3l is k\u00e9sz\u00edtettek m\u0171fogsort. Ez a k\u00e9pen l\u00e1that\u00f3 darab az i. e. 4. sz\u00e1zadb\u00f3l sz\u00e1rmazik \u00e9s arany dr\u00f3ttal r\u00f6gz\u00edtett \u00e1llati eredet\u0171 fogakat tartalmaz.<\/h3>\r\n\t\t\t<figure class=\"zf-story_media zf-media-wrapper zf-image zf-type-image\">\r\n\t\t\t<div class=\"zf-media\">\r\n\t\t\t\t<img width=\"740\" height=\"493\" src=\"https:\/\/liked.hu\/old\/wp-content\/uploads\/2019\/01\/13-47.jpg\" class=\"\" alt=\"\" loading=\"lazy\" style=\"\" srcset=\"https:\/\/liked.hu\/old\/wp-content\/uploads\/2019\/01\/13-47.jpg 740w, https:\/\/liked.hu\/old\/wp-content\/uploads\/2019\/01\/13-47-300x200.jpg 300w, https:\/\/liked.hu\/old\/wp-content\/uploads\/2019\/01\/13-47-360x240.jpg 360w, https:\/\/liked.hu\/old\/wp-content\/uploads\/2019\/01\/13-47-545x363.jpg 545w\" sizes=\"(max-width: 740px) 100vw, 740px\" \/>\t\t\t<\/div>\r\n\t\t<\/figure>\r\n\t\t\t<\/div><div class=\"zf-story_item\">\r\n\t<h3 class=\"zf_title\">Az etruszkok m\u00e1r az i. e. 7. sz\u00e1zadban is k\u00e9sz\u00edtettek m\u0171fogsorokat.<\/h3>\r\n\t\t\t<figure class=\"zf-story_media zf-media-wrapper zf-image zf-type-image\">\r\n\t\t\t<div class=\"zf-media\">\r\n\t\t\t\t<img width=\"740\" height=\"493\" src=\"https:\/\/liked.hu\/old\/wp-content\/uploads\/2019\/01\/14-48.jpg\" class=\"\" alt=\"\" loading=\"lazy\" style=\"\" srcset=\"https:\/\/liked.hu\/old\/wp-content\/uploads\/2019\/01\/14-48.jpg 740w, https:\/\/liked.hu\/old\/wp-content\/uploads\/2019\/01\/14-48-300x200.jpg 300w, https:\/\/liked.hu\/old\/wp-content\/uploads\/2019\/01\/14-48-360x240.jpg 360w, https:\/\/liked.hu\/old\/wp-content\/uploads\/2019\/01\/14-48-545x363.jpg 545w\" sizes=\"(max-width: 740px) 100vw, 740px\" \/>\t\t\t<\/div>\r\n\t\t<\/figure>\r\n\t\t\t<\/div><div class=\"zf-story_item\">\r\n\t<h3 class=\"zf_title\">Antik m\u0171fogsor arannyal \u00e9s zom\u00e1nccal d\u00edsz\u00edtve. Ilyen t\u00e9nyleg csak a leggazdagabbaknak volt.<\/h3>\r\n\t\t\t<figure class=\"zf-story_media zf-media-wrapper zf-image zf-type-image\">\r\n\t\t\t<div class=\"zf-media\">\r\n\t\t\t\t<img width=\"740\" height=\"563\" src=\"https:\/\/liked.hu\/old\/wp-content\/uploads\/2019\/01\/15-48.jpg\" class=\"\" alt=\"\" loading=\"lazy\" style=\"\" srcset=\"https:\/\/liked.hu\/old\/wp-content\/uploads\/2019\/01\/15-48.jpg 740w, https:\/\/liked.hu\/old\/wp-content\/uploads\/2019\/01\/15-48-300x228.jpg 300w, https:\/\/liked.hu\/old\/wp-content\/uploads\/2019\/01\/15-48-360x274.jpg 360w, https:\/\/liked.hu\/old\/wp-content\/uploads\/2019\/01\/15-48-545x415.jpg 545w\" sizes=\"(max-width: 740px) 100vw, 740px\" \/>\t\t\t<\/div>\r\n\t\t<\/figure>\r\n\t\t\t<\/div><div class=\"zf-story_item\">\r\n\t<h3 class=\"zf_title\">Ezt a fogprot\u00e9zist 1829 k\u00f6r\u00fcl k\u00e9sz\u00edtett\u00e9k. Az el\u00fcls\u0151 fogakat porcel\u00e1nb\u00f3l, m\u00edg a h\u00e1ts\u00f3, kev\u00e9sb\u00e9 l\u00e1tsz\u00f3d\u00f3 fogakat elef\u00e1ntcsontb\u00f3l faragt\u00e1k.<\/h3>\r\n\t\t\t<figure class=\"zf-story_media zf-media-wrapper zf-image zf-type-image\">\r\n\t\t\t<div class=\"zf-media\">\r\n\t\t\t\t<img width=\"740\" height=\"493\" src=\"https:\/\/liked.hu\/old\/wp-content\/uploads\/2019\/01\/16-47.jpg\" class=\"\" alt=\"\" loading=\"lazy\" style=\"\" srcset=\"https:\/\/liked.hu\/old\/wp-content\/uploads\/2019\/01\/16-47.jpg 740w, https:\/\/liked.hu\/old\/wp-content\/uploads\/2019\/01\/16-47-300x200.jpg 300w, https:\/\/liked.hu\/old\/wp-content\/uploads\/2019\/01\/16-47-360x240.jpg 360w, https:\/\/liked.hu\/old\/wp-content\/uploads\/2019\/01\/16-47-545x363.jpg 545w\" sizes=\"(max-width: 740px) 100vw, 740px\" \/>\t\t\t<\/div>\r\n\t\t<\/figure>\r\n\t\t\t<\/div><div class=\"zf-story_item\">\r\n\t<h3 class=\"zf_title\">George Washington m\u0171fogsor\u00e1t elef\u00e1nt \u00e9s v\u00edzil\u00f3 csontokb\u00f3l k\u00e9sz\u00edtett\u00e9k, melyet arany rug\u00f3k tartottak az eln\u00f6k sz\u00e1j\u00e1ban.<\/h3>\r\n\t\t\t<figure class=\"zf-story_media zf-media-wrapper zf-image zf-type-image\">\r\n\t\t\t<div class=\"zf-media\">\r\n\t\t\t\t<img width=\"740\" height=\"555\" src=\"https:\/\/liked.hu\/old\/wp-content\/uploads\/2019\/01\/17-44.jpg\" class=\"\" alt=\"\" loading=\"lazy\" style=\"\" srcset=\"https:\/\/liked.hu\/old\/wp-content\/uploads\/2019\/01\/17-44.jpg 740w, https:\/\/liked.hu\/old\/wp-content\/uploads\/2019\/01\/17-44-300x225.jpg 300w, https:\/\/liked.hu\/old\/wp-content\/uploads\/2019\/01\/17-44-200x150.jpg 200w, https:\/\/liked.hu\/old\/wp-content\/uploads\/2019\/01\/17-44-360x270.jpg 360w, https:\/\/liked.hu\/old\/wp-content\/uploads\/2019\/01\/17-44-545x409.jpg 545w\" sizes=\"(max-width: 740px) 100vw, 740px\" \/>\t\t\t<\/div>\r\n\t\t<\/figure>\r\n\t\t\t<\/div><div class=\"zf-story_item\">\r\n\t<h3 class=\"zf_title\">IV. Vilmos brit kir\u00e1ly r\u00e9szleges prot\u00e9zise a 19. sz\u00e1zadb\u00f3l.<\/h3>\r\n\t\t\t<figure class=\"zf-story_media zf-media-wrapper zf-image zf-type-image\">\r\n\t\t\t<div class=\"zf-media\">\r\n\t\t\t\t<img width=\"740\" height=\"493\" src=\"https:\/\/liked.hu\/old\/wp-content\/uploads\/2019\/01\/18-40.jpg\" class=\"\" alt=\"\" loading=\"lazy\" style=\"\" srcset=\"https:\/\/liked.hu\/old\/wp-content\/uploads\/2019\/01\/18-40.jpg 740w, https:\/\/liked.hu\/old\/wp-content\/uploads\/2019\/01\/18-40-300x200.jpg 300w, https:\/\/liked.hu\/old\/wp-content\/uploads\/2019\/01\/18-40-360x240.jpg 360w, https:\/\/liked.hu\/old\/wp-content\/uploads\/2019\/01\/18-40-545x363.jpg 545w\" sizes=\"(max-width: 740px) 100vw, 740px\" \/>\t\t\t<\/div>\r\n\t\t<\/figure>\r\n\t\t\t<\/div><div class=\"zf-story_item\">\r\n\t<h3 class=\"zf_title\">A 19. sz\u00e1zad prot\u00e9ziseit r\u00e9z\u00f6tv\u00f6zetb\u0151l k\u00e9sz\u00fclt lemezre r\u00f6gz\u00edtett porcel\u00e1n fogak alkott\u00e1k.<\/h3>\r\n\t\t\t<figure class=\"zf-story_media zf-media-wrapper zf-image zf-type-image\">\r\n\t\t\t<div class=\"zf-media\">\r\n\t\t\t\t<img width=\"740\" height=\"493\" src=\"https:\/\/liked.hu\/old\/wp-content\/uploads\/2019\/01\/19-36.jpg\" class=\"\" alt=\"\" loading=\"lazy\" style=\"\" srcset=\"https:\/\/liked.hu\/old\/wp-content\/uploads\/2019\/01\/19-36.jpg 740w, https:\/\/liked.hu\/old\/wp-content\/uploads\/2019\/01\/19-36-300x200.jpg 300w, https:\/\/liked.hu\/old\/wp-content\/uploads\/2019\/01\/19-36-360x240.jpg 360w, https:\/\/liked.hu\/old\/wp-content\/uploads\/2019\/01\/19-36-545x363.jpg 545w\" sizes=\"(max-width: 740px) 100vw, 740px\" \/>\t\t\t<\/div>\r\n\t\t<\/figure>\r\n\t\t\t<\/div><div class=\"zf-story_item\">\r\n\t<h3 class=\"zf_title\">T\u00f6r\u00f6tt \u00e1llkapocs helyreigaz\u00edt\u00e1s\u00e1ra szolg\u00e1l\u00f3 szerkezet a 19. sz\u00e1zadb\u00f3l.<\/h3>\r\n\t\t\t<figure class=\"zf-story_media zf-media-wrapper zf-image zf-type-image\">\r\n\t\t\t<div class=\"zf-media\">\r\n\t\t\t\t<img width=\"740\" height=\"775\" src=\"https:\/\/liked.hu\/old\/wp-content\/uploads\/2019\/01\/20-30.jpg\" class=\"\" alt=\"\" loading=\"lazy\" style=\"\" srcset=\"https:\/\/liked.hu\/old\/wp-content\/uploads\/2019\/01\/20-30.jpg 740w, https:\/\/liked.hu\/old\/wp-content\/uploads\/2019\/01\/20-30-286x300.jpg 286w, https:\/\/liked.hu\/old\/wp-content\/uploads\/2019\/01\/20-30-360x377.jpg 360w, https:\/\/liked.hu\/old\/wp-content\/uploads\/2019\/01\/20-30-545x571.jpg 545w\" sizes=\"(max-width: 740px) 100vw, 740px\" \/>\t\t\t<\/div>\r\n\t\t<\/figure>\r\n\t\t\t<\/div><div class=\"zf-story_item\">\r\n\t<h3 class=\"zf_title\">Fogorvosi beavatkoz\u00e1s a 20. sz\u00e1zad elej\u00e9n.<\/h3>\r\n\t\t\t<figure class=\"zf-story_media zf-media-wrapper zf-image zf-type-image\">\r\n\t\t\t<div class=\"zf-media\">\r\n\t\t\t\t<img width=\"740\" height=\"631\" src=\"https:\/\/liked.hu\/old\/wp-content\/uploads\/2019\/01\/21-25.jpg\" class=\"\" alt=\"\" loading=\"lazy\" style=\"\" srcset=\"https:\/\/liked.hu\/old\/wp-content\/uploads\/2019\/01\/21-25.jpg 740w, https:\/\/liked.hu\/old\/wp-content\/uploads\/2019\/01\/21-25-300x256.jpg 300w, https:\/\/liked.hu\/old\/wp-content\/uploads\/2019\/01\/21-25-360x307.jpg 360w, https:\/\/liked.hu\/old\/wp-content\/uploads\/2019\/01\/21-25-545x465.jpg 545w\" sizes=\"(max-width: 740px) 100vw, 740px\" \/>\t\t\t<\/div>\r\n\t\t<\/figure>\r\n\t\t\t<\/div><div class=\"zf-story_item\">\r\n\t<h3 class=\"zf_title\"><\/h3>\r\n\t\t\t<figure class=\"zf-story_media zf-media-wrapper zf-image zf-type-image\">\r\n\t\t\t<div class=\"zf-media\">\r\n\t\t\t\t<img width=\"740\" height=\"493\" src=\"https:\/\/liked.hu\/old\/wp-content\/uploads\/2019\/01\/22-21.jpg\" class=\"\" alt=\"\" loading=\"lazy\" style=\"\" srcset=\"https:\/\/liked.hu\/old\/wp-content\/uploads\/2019\/01\/22-21.jpg 740w, https:\/\/liked.hu\/old\/wp-content\/uploads\/2019\/01\/22-21-300x200.jpg 300w, https:\/\/liked.hu\/old\/wp-content\/uploads\/2019\/01\/22-21-360x240.jpg 360w, https:\/\/liked.hu\/old\/wp-content\/uploads\/2019\/01\/22-21-545x363.jpg 545w\" sizes=\"(max-width: 740px) 100vw, 740px\" \/>\t\t\t<\/div>\r\n\t\t<\/figure>\r\n\t\t\t<\/div><div class=\"zf-story_item\">\r\n\t<h3 class=\"zf_title\">V\u00e9gezet\u00fcl pedig n\u00e9h\u00e1ny antik fogorvosi sz\u00e9k.<\/h3>\r\n\t\t\t<figure class=\"zf-story_media zf-media-wrapper zf-image zf-type-image\">\r\n\t\t\t<div class=\"zf-media\">\r\n\t\t\t\t<img width=\"740\" height=\"493\" src=\"https:\/\/liked.hu\/old\/wp-content\/uploads\/2019\/01\/23-18.jpg\" class=\"\" alt=\"\" loading=\"lazy\" style=\"\" srcset=\"https:\/\/liked.hu\/old\/wp-content\/uploads\/2019\/01\/23-18.jpg 740w, https:\/\/liked.hu\/old\/wp-content\/uploads\/2019\/01\/23-18-300x200.jpg 300w, https:\/\/liked.hu\/old\/wp-content\/uploads\/2019\/01\/23-18-360x240.jpg 360w, https:\/\/liked.hu\/old\/wp-content\/uploads\/2019\/01\/23-18-545x363.jpg 545w\" sizes=\"(max-width: 740px) 100vw, 740px\" \/>\t\t\t<\/div>\r\n\t\t<\/figure>\r\n\t\t\t<\/div><div class=\"zf-story_item\">\r\n\t<h3 class=\"zf_title\"><\/h3>\r\n\t\t\t<figure class=\"zf-story_media zf-media-wrapper zf-image zf-type-image\">\r\n\t\t\t<div class=\"zf-media\">\r\n\t\t\t\t<img width=\"740\" height=\"493\" src=\"https:\/\/liked.hu\/old\/wp-content\/uploads\/2019\/01\/24-14.jpg\" class=\"\" alt=\"\" loading=\"lazy\" style=\"\" srcset=\"https:\/\/liked.hu\/old\/wp-content\/uploads\/2019\/01\/24-14.jpg 740w, https:\/\/liked.hu\/old\/wp-content\/uploads\/2019\/01\/24-14-300x200.jpg 300w, https:\/\/liked.hu\/old\/wp-content\/uploads\/2019\/01\/24-14-360x240.jpg 360w, https:\/\/liked.hu\/old\/wp-content\/uploads\/2019\/01\/24-14-545x363.jpg 545w\" sizes=\"(max-width: 740px) 100vw, 740px\" \/>\t\t\t<\/div>\r\n\t\t<\/figure>\r\n\t\t\t<\/div>        <\/div>\r\n    <\/div>\r\n\r\n    <\/div>\r\n\r\n\r\n\n","protected":false},"excerpt":{"rendered":"<p>Senki sem \u00f6nk\u00e9nt \u00e9s dalol\u00e1szva keresi fel a fogorvos\u00e1t. \u00c1ltal\u00e1ban m\u00e1r csak a legv\u00e9gs\u0151 esetekben d\u00f6nt\u00fcnk \u00fagy, hogy az irgalmatlan f\u00e1jdalmak enyh\u00edt\u00e9se v\u00e9gett hivat\u00e1sos szakemberre b\u00edzzuk a fogainkat. B\u00e1rmennyire is ijeszt\u0151 vagy f\u00e1jdalmas is azonban egy ilyen beavatkoz\u00e1s, h\u00e1l\u00e1t adhatunk az \u00e9gnek, hogy napjainkban ott tart a technika \u00e9s az orvostudom\u00e1ny ahol, hiszen nem is [&hellip;]<\/p>\n","protected":false},"author":13,"featured_media":125323,"comment_status":"open","ping_status":"closed","sticky":false,"template":"","format":"standard","meta":{"buzzeditor_post_format":""},"categories":[23],"tags":[6559,6558,6560,6561,2465,3848],"yoast_head":"<!-- This site is optimized with the Yoast SEO plugin v19.6.1 - https:\/\/yoast.com\/wordpress\/plugins\/seo\/ -->\n<title>Te sem szeretsz fogorvoshoz j\u00e1rni? Akkor n\u00e9zd meg, hogyan dolgoztak a m\u00faltban<\/title>\n<meta name=\"description\" content=\"Senki sem \u00f6nk\u00e9nt \u00e9s dalol\u00e1szva keresi fel a fogorvos\u00e1t. \u00c1ltal\u00e1ban m\u00e1r csak a legv\u00e9gs\u0151 esetekben d\u00f6nt\u00fcnk \u00fagy, hogy az irgalmatlan f\u00e1jdalmak enyh\u00edt\u00e9se\" \/>\n<meta name=\"robots\" content=\"index, follow, max-snippet:-1, max-image-preview:large, max-video-preview:-1\" \/>\n<link rel=\"canonical\" href=\"https:\/\/liked.hu\/old\/erdekes\/te-sem-szeretsz-fogorvoshoz-jarni-akkor-nezd-meg-hogyan-dolgoztak-a-multban\/\" \/>\n<meta property=\"og:locale\" content=\"hu_HU\" \/>\n<meta property=\"og:type\" content=\"article\" \/>\n<meta property=\"og:title\" content=\"Te sem szeretsz fogorvoshoz j\u00e1rni? Akkor n\u00e9zd meg, hogyan dolgoztak a m\u00faltban\" \/>\n<meta property=\"og:description\" content=\"Senki sem \u00f6nk\u00e9nt \u00e9s dalol\u00e1szva keresi fel a fogorvos\u00e1t. \u00c1ltal\u00e1ban m\u00e1r csak a legv\u00e9gs\u0151 esetekben d\u00f6nt\u00fcnk \u00fagy, hogy az irgalmatlan f\u00e1jdalmak enyh\u00edt\u00e9se\" \/>\n<meta property=\"og:url\" content=\"https:\/\/liked.hu\/old\/erdekes\/te-sem-szeretsz-fogorvoshoz-jarni-akkor-nezd-meg-hogyan-dolgoztak-a-multban\/\" \/>\n<meta property=\"og:site_name\" content=\"Liked.hu\" \/>\n<meta property=\"article:publisher\" content=\"https:\/\/www.facebook.com\/liked.hu\" \/>\n<meta property=\"article:published_time\" content=\"2019-01-05T03:14:40+00:00\" \/>\n<meta property=\"article:modified_time\" content=\"2022-09-05T16:48:33+00:00\" \/>\n<meta property=\"og:image\" content=\"https:\/\/liked.hu\/old\/wp-content\/uploads\/2019\/01\/Fogorvosi-beavatkozasok-regen.jpg\" \/>\n\t<meta property=\"og:image:width\" content=\"1200\" \/>\n\t<meta property=\"og:image:height\" content=\"630\" \/>\n\t<meta property=\"og:image:type\" content=\"image\/jpeg\" \/>\n<meta name=\"author\" content=\"Klingstrom\" \/>\n<meta name=\"twitter:card\" content=\"summary\" \/>\n<meta name=\"twitter:creator\" content=\"@LikedHu\" \/>\n<meta name=\"twitter:site\" content=\"@LikedHu\" \/>\n<meta name=\"twitter:label1\" content=\"Szerz\u0151:\" \/>\n\t<meta name=\"twitter:data1\" content=\"Klingstrom\" \/>\n\t<meta name=\"twitter:label2\" content=\"Becs\u00fclt olvas\u00e1si id\u0151\" \/>\n\t<meta name=\"twitter:data2\" content=\"1 perc\" \/>\n<script type=\"application\/ld+json\" class=\"yoast-schema-graph\">{\"@context\":\"https:\/\/schema.org\",\"@graph\":[{\"@type\":\"Article\",\"@id\":\"https:\/\/liked.hu\/old\/erdekes\/te-sem-szeretsz-fogorvoshoz-jarni-akkor-nezd-meg-hogyan-dolgoztak-a-multban\/#article\",\"isPartOf\":{\"@id\":\"https:\/\/liked.hu\/old\/erdekes\/te-sem-szeretsz-fogorvoshoz-jarni-akkor-nezd-meg-hogyan-dolgoztak-a-multban\/\"},\"author\":{\"name\":\"Klingstrom\",\"@id\":\"https:\/\/liked.hu\/old\/#\/schema\/person\/1c8d3f8764991e8dcd6572a7de72da8a\"},\"headline\":\"Te sem szeretsz fogorvoshoz j\u00e1rni? Akkor n\u00e9zd meg, hogyan dolgoztak a m\u00faltban\",\"datePublished\":\"2019-01-05T03:14:40+00:00\",\"dateModified\":\"2022-09-05T16:48:33+00:00\",\"mainEntityOfPage\":{\"@id\":\"https:\/\/liked.hu\/old\/erdekes\/te-sem-szeretsz-fogorvoshoz-jarni-akkor-nezd-meg-hogyan-dolgoztak-a-multban\/\"},\"wordCount\":110,\"commentCount\":0,\"publisher\":{\"@id\":\"https:\/\/liked.hu\/old\/#organization\"},\"keywords\":[\"fogorvos\",\"fogorvosi beavatkoz\u00e1sok r\u00e9gen\",\"r\u00e9gi fog\u00e1szat\",\"r\u00e9gi fogszab\u00e1lyoz\u00e1s\",\"sztori\",\"t\u00f6rt\u00e9nelmi fot\u00f3k\"],\"articleSection\":[\"\u00c9rdekess\u00e9gek\"],\"inLanguage\":\"hu\",\"potentialAction\":[{\"@type\":\"CommentAction\",\"name\":\"Comment\",\"target\":[\"https:\/\/liked.hu\/old\/erdekes\/te-sem-szeretsz-fogorvoshoz-jarni-akkor-nezd-meg-hogyan-dolgoztak-a-multban\/#respond\"]}]},{\"@type\":\"WebPage\",\"@id\":\"https:\/\/liked.hu\/old\/erdekes\/te-sem-szeretsz-fogorvoshoz-jarni-akkor-nezd-meg-hogyan-dolgoztak-a-multban\/\",\"url\":\"https:\/\/liked.hu\/old\/erdekes\/te-sem-szeretsz-fogorvoshoz-jarni-akkor-nezd-meg-hogyan-dolgoztak-a-multban\/\",\"name\":\"Te sem szeretsz fogorvoshoz j\u00e1rni? Akkor n\u00e9zd meg, hogyan dolgoztak a m\u00faltban\",\"isPartOf\":{\"@id\":\"https:\/\/liked.hu\/old\/#website\"},\"datePublished\":\"2019-01-05T03:14:40+00:00\",\"dateModified\":\"2022-09-05T16:48:33+00:00\",\"description\":\"Senki sem \u00f6nk\u00e9nt \u00e9s dalol\u00e1szva keresi fel a fogorvos\u00e1t. \u00c1ltal\u00e1ban m\u00e1r csak a legv\u00e9gs\u0151 esetekben d\u00f6nt\u00fcnk \u00fagy, hogy az irgalmatlan f\u00e1jdalmak enyh\u00edt\u00e9se\",\"breadcrumb\":{\"@id\":\"https:\/\/liked.hu\/old\/erdekes\/te-sem-szeretsz-fogorvoshoz-jarni-akkor-nezd-meg-hogyan-dolgoztak-a-multban\/#breadcrumb\"},\"inLanguage\":\"hu\",\"potentialAction\":[{\"@type\":\"ReadAction\",\"target\":[\"https:\/\/liked.hu\/old\/erdekes\/te-sem-szeretsz-fogorvoshoz-jarni-akkor-nezd-meg-hogyan-dolgoztak-a-multban\/\"]}]},{\"@type\":\"BreadcrumbList\",\"@id\":\"https:\/\/liked.hu\/old\/erdekes\/te-sem-szeretsz-fogorvoshoz-jarni-akkor-nezd-meg-hogyan-dolgoztak-a-multban\/#breadcrumb\",\"itemListElement\":[{\"@type\":\"ListItem\",\"position\":1,\"name\":\"Kezd\u0151lap\",\"item\":\"https:\/\/liked.hu\/old\/\"},{\"@type\":\"ListItem\",\"position\":2,\"name\":\"Te sem szeretsz fogorvoshoz j\u00e1rni? Akkor n\u00e9zd meg, hogyan dolgoztak a m\u00faltban\"}]},{\"@type\":\"WebSite\",\"@id\":\"https:\/\/liked.hu\/old\/#website\",\"url\":\"https:\/\/liked.hu\/old\/\",\"name\":\"Liked.hu\",\"description\":\"\",\"publisher\":{\"@id\":\"https:\/\/liked.hu\/old\/#organization\"},\"potentialAction\":[{\"@type\":\"SearchAction\",\"target\":{\"@type\":\"EntryPoint\",\"urlTemplate\":\"https:\/\/liked.hu\/old\/?s={search_term_string}\"},\"query-input\":\"required name=search_term_string\"}],\"inLanguage\":\"hu\"},{\"@type\":\"Organization\",\"@id\":\"https:\/\/liked.hu\/old\/#organization\",\"name\":\"Liked.hu\",\"url\":\"https:\/\/liked.hu\/old\/\",\"sameAs\":[\"https:\/\/hu.pinterest.com\/likedhungary\/\",\"https:\/\/www.youtube.com\/channel\/UCPv91dbMoIukYcM9b9nHN6Q\",\"https:\/\/www.facebook.com\/liked.hu\",\"https:\/\/twitter.com\/LikedHu\"],\"logo\":{\"@type\":\"ImageObject\",\"inLanguage\":\"hu\",\"@id\":\"https:\/\/liked.hu\/old\/#\/schema\/logo\/image\/\",\"url\":\"https:\/\/liked.hu\/wp-content\/uploads\/2018\/08\/Liked-icon.png\",\"contentUrl\":\"https:\/\/liked.hu\/wp-content\/uploads\/2018\/08\/Liked-icon.png\",\"width\":512,\"height\":512,\"caption\":\"Liked.hu\"},\"image\":{\"@id\":\"https:\/\/liked.hu\/old\/#\/schema\/logo\/image\/\"}},{\"@type\":\"Person\",\"@id\":\"https:\/\/liked.hu\/old\/#\/schema\/person\/1c8d3f8764991e8dcd6572a7de72da8a\",\"name\":\"Klingstrom\",\"image\":{\"@type\":\"ImageObject\",\"inLanguage\":\"hu\",\"@id\":\"https:\/\/liked.hu\/old\/#\/schema\/person\/image\/\",\"url\":\"https:\/\/liked.hu\/old\/wp-content\/uploads\/avatars\/13\/604de88bd578a-bpfull.jpg\",\"contentUrl\":\"https:\/\/liked.hu\/old\/wp-content\/uploads\/avatars\/13\/604de88bd578a-bpfull.jpg\",\"caption\":\"Klingstrom\"},\"url\":\"https:\/\/liked.hu\/old\/u\/klingstrom\/\"}]}<\/script>\n<!-- \/ Yoast SEO plugin. -->","yoast_head_json":{"title":"Te sem szeretsz fogorvoshoz j\u00e1rni? Akkor n\u00e9zd meg, hogyan dolgoztak a m\u00faltban","description":"Senki sem \u00f6nk\u00e9nt \u00e9s dalol\u00e1szva keresi fel a fogorvos\u00e1t. \u00c1ltal\u00e1ban m\u00e1r csak a legv\u00e9gs\u0151 esetekben d\u00f6nt\u00fcnk \u00fagy, hogy az irgalmatlan f\u00e1jdalmak enyh\u00edt\u00e9se","robots":{"index":"index","follow":"follow","max-snippet":"max-snippet:-1","max-image-preview":"max-image-preview:large","max-video-preview":"max-video-preview:-1"},"canonical":"https:\/\/liked.hu\/old\/erdekes\/te-sem-szeretsz-fogorvoshoz-jarni-akkor-nezd-meg-hogyan-dolgoztak-a-multban\/","og_locale":"hu_HU","og_type":"article","og_title":"Te sem szeretsz fogorvoshoz j\u00e1rni? Akkor n\u00e9zd meg, hogyan dolgoztak a m\u00faltban","og_description":"Senki sem \u00f6nk\u00e9nt \u00e9s dalol\u00e1szva keresi fel a fogorvos\u00e1t. \u00c1ltal\u00e1ban m\u00e1r csak a legv\u00e9gs\u0151 esetekben d\u00f6nt\u00fcnk \u00fagy, hogy az irgalmatlan f\u00e1jdalmak enyh\u00edt\u00e9se","og_url":"https:\/\/liked.hu\/old\/erdekes\/te-sem-szeretsz-fogorvoshoz-jarni-akkor-nezd-meg-hogyan-dolgoztak-a-multban\/","og_site_name":"Liked.hu","article_publisher":"https:\/\/www.facebook.com\/liked.hu","article_published_time":"2019-01-05T03:14:40+00:00","article_modified_time":"2022-09-05T16:48:33+00:00","og_image":[{"width":1200,"height":630,"url":"https:\/\/liked.hu\/old\/wp-content\/uploads\/2019\/01\/Fogorvosi-beavatkozasok-regen.jpg","type":"image\/jpeg"}],"author":"Klingstrom","twitter_card":"summary","twitter_creator":"@LikedHu","twitter_site":"@LikedHu","twitter_misc":{"Szerz\u0151:":"Klingstrom","Becs\u00fclt olvas\u00e1si id\u0151":"1 perc"},"schema":{"@context":"https:\/\/schema.org","@graph":[{"@type":"Article","@id":"https:\/\/liked.hu\/old\/erdekes\/te-sem-szeretsz-fogorvoshoz-jarni-akkor-nezd-meg-hogyan-dolgoztak-a-multban\/#article","isPartOf":{"@id":"https:\/\/liked.hu\/old\/erdekes\/te-sem-szeretsz-fogorvoshoz-jarni-akkor-nezd-meg-hogyan-dolgoztak-a-multban\/"},"author":{"name":"Klingstrom","@id":"https:\/\/liked.hu\/old\/#\/schema\/person\/1c8d3f8764991e8dcd6572a7de72da8a"},"headline":"Te sem szeretsz fogorvoshoz j\u00e1rni? Akkor n\u00e9zd meg, hogyan dolgoztak a m\u00faltban","datePublished":"2019-01-05T03:14:40+00:00","dateModified":"2022-09-05T16:48:33+00:00","mainEntityOfPage":{"@id":"https:\/\/liked.hu\/old\/erdekes\/te-sem-szeretsz-fogorvoshoz-jarni-akkor-nezd-meg-hogyan-dolgoztak-a-multban\/"},"wordCount":110,"commentCount":0,"publisher":{"@id":"https:\/\/liked.hu\/old\/#organization"},"keywords":["fogorvos","fogorvosi beavatkoz\u00e1sok r\u00e9gen","r\u00e9gi fog\u00e1szat","r\u00e9gi fogszab\u00e1lyoz\u00e1s","sztori","t\u00f6rt\u00e9nelmi fot\u00f3k"],"articleSection":["\u00c9rdekess\u00e9gek"],"inLanguage":"hu","potentialAction":[{"@type":"CommentAction","name":"Comment","target":["https:\/\/liked.hu\/old\/erdekes\/te-sem-szeretsz-fogorvoshoz-jarni-akkor-nezd-meg-hogyan-dolgoztak-a-multban\/#respond"]}]},{"@type":"WebPage","@id":"https:\/\/liked.hu\/old\/erdekes\/te-sem-szeretsz-fogorvoshoz-jarni-akkor-nezd-meg-hogyan-dolgoztak-a-multban\/","url":"https:\/\/liked.hu\/old\/erdekes\/te-sem-szeretsz-fogorvoshoz-jarni-akkor-nezd-meg-hogyan-dolgoztak-a-multban\/","name":"Te sem szeretsz fogorvoshoz j\u00e1rni? Akkor n\u00e9zd meg, hogyan dolgoztak a m\u00faltban","isPartOf":{"@id":"https:\/\/liked.hu\/old\/#website"},"datePublished":"2019-01-05T03:14:40+00:00","dateModified":"2022-09-05T16:48:33+00:00","description":"Senki sem \u00f6nk\u00e9nt \u00e9s dalol\u00e1szva keresi fel a fogorvos\u00e1t. \u00c1ltal\u00e1ban m\u00e1r csak a legv\u00e9gs\u0151 esetekben d\u00f6nt\u00fcnk \u00fagy, hogy az irgalmatlan f\u00e1jdalmak enyh\u00edt\u00e9se","breadcrumb":{"@id":"https:\/\/liked.hu\/old\/erdekes\/te-sem-szeretsz-fogorvoshoz-jarni-akkor-nezd-meg-hogyan-dolgoztak-a-multban\/#breadcrumb"},"inLanguage":"hu","potentialAction":[{"@type":"ReadAction","target":["https:\/\/liked.hu\/old\/erdekes\/te-sem-szeretsz-fogorvoshoz-jarni-akkor-nezd-meg-hogyan-dolgoztak-a-multban\/"]}]},{"@type":"BreadcrumbList","@id":"https:\/\/liked.hu\/old\/erdekes\/te-sem-szeretsz-fogorvoshoz-jarni-akkor-nezd-meg-hogyan-dolgoztak-a-multban\/#breadcrumb","itemListElement":[{"@type":"ListItem","position":1,"name":"Kezd\u0151lap","item":"https:\/\/liked.hu\/old\/"},{"@type":"ListItem","position":2,"name":"Te sem szeretsz fogorvoshoz j\u00e1rni? Akkor n\u00e9zd meg, hogyan dolgoztak a m\u00faltban"}]},{"@type":"WebSite","@id":"https:\/\/liked.hu\/old\/#website","url":"https:\/\/liked.hu\/old\/","name":"Liked.hu","description":"","publisher":{"@id":"https:\/\/liked.hu\/old\/#organization"},"potentialAction":[{"@type":"SearchAction","target":{"@type":"EntryPoint","urlTemplate":"https:\/\/liked.hu\/old\/?s={search_term_string}"},"query-input":"required name=search_term_string"}],"inLanguage":"hu"},{"@type":"Organization","@id":"https:\/\/liked.hu\/old\/#organization","name":"Liked.hu","url":"https:\/\/liked.hu\/old\/","sameAs":["https:\/\/hu.pinterest.com\/likedhungary\/","https:\/\/www.youtube.com\/channel\/UCPv91dbMoIukYcM9b9nHN6Q","https:\/\/www.facebook.com\/liked.hu","https:\/\/twitter.com\/LikedHu"],"logo":{"@type":"ImageObject","inLanguage":"hu","@id":"https:\/\/liked.hu\/old\/#\/schema\/logo\/image\/","url":"https:\/\/liked.hu\/wp-content\/uploads\/2018\/08\/Liked-icon.png","contentUrl":"https:\/\/liked.hu\/wp-content\/uploads\/2018\/08\/Liked-icon.png","width":512,"height":512,"caption":"Liked.hu"},"image":{"@id":"https:\/\/liked.hu\/old\/#\/schema\/logo\/image\/"}},{"@type":"Person","@id":"https:\/\/liked.hu\/old\/#\/schema\/person\/1c8d3f8764991e8dcd6572a7de72da8a","name":"Klingstrom","image":{"@type":"ImageObject","inLanguage":"hu","@id":"https:\/\/liked.hu\/old\/#\/schema\/person\/image\/","url":"https:\/\/liked.hu\/old\/wp-content\/uploads\/avatars\/13\/604de88bd578a-bpfull.jpg","contentUrl":"https:\/\/liked.hu\/old\/wp-content\/uploads\/avatars\/13\/604de88bd578a-bpfull.jpg","caption":"Klingstrom"},"url":"https:\/\/liked.hu\/old\/u\/klingstrom\/"}]}},"publishpress_future_action":{"enabled":false,"date":"1970-01-01 01:00:00","action":"","terms":[],"taxonomy":"","browser_timezone_offset":0},"_links":{"self":[{"href":"https:\/\/liked.hu\/old\/wp-json\/wp\/v2\/posts\/125320"}],"collection":[{"href":"https:\/\/liked.hu\/old\/wp-json\/wp\/v2\/posts"}],"about":[{"href":"https:\/\/liked.hu\/old\/wp-json\/wp\/v2\/types\/post"}],"author":[{"embeddable":true,"href":"https:\/\/liked.hu\/old\/wp-json\/wp\/v2\/users\/13"}],"replies":[{"embeddable":true,"href":"https:\/\/liked.hu\/old\/wp-json\/wp\/v2\/comments?post=125320"}],"version-history":[{"count":0,"href":"https:\/\/liked.hu\/old\/wp-json\/wp\/v2\/posts\/125320\/revisions"}],"wp:featuredmedia":[{"embeddable":true,"href":"https:\/\/liked.hu\/old\/wp-json\/wp\/v2\/media\/125323"}],"wp:attachment":[{"href":"https:\/\/liked.hu\/old\/wp-json\/wp\/v2\/media?parent=125320"}],"wp:term":[{"taxonomy":"category","embeddable":true,"href":"https:\/\/liked.hu\/old\/wp-json\/wp\/v2\/categories?post=125320"},{"taxonomy":"post_tag","embeddable":true,"href":"https:\/\/liked.hu\/old\/wp-json\/wp\/v2\/tags?post=125320"}],"curies":[{"name":"wp","href":"https:\/\/api.w.org\/{rel}","templated":true}]}}