{"id":124226,"date":"2018-12-29T21:29:34","date_gmt":"2018-12-29T20:29:34","guid":{"rendered":"https:\/\/liked.hu\/old\/?p=124226"},"modified":"2022-09-05T18:44:50","modified_gmt":"2022-09-05T16:44:50","slug":"14-furcsa-targy-a-multbol-aminek-a-latvanyatol-is-a-hideg-futkos-a-hatunkon","status":"publish","type":"post","link":"https:\/\/liked.hu\/old\/erdekes\/14-furcsa-targy-a-multbol-aminek-a-latvanyatol-is-a-hideg-futkos-a-hatunkon\/","title":{"rendered":"14 furcsa t\u00e1rgy a m\u00faltb\u00f3l, aminek a l\u00e1tv\u00e1ny\u00e1t\u00f3l is a hideg futkos a h\u00e1tunkon"},"content":{"rendered":"<p>A vil\u00e1g legtehets\u00e9gesebb r\u00e9g\u00e9szei \u00e9jt-nappall\u00e1 t\u00e9ve azon dolgoznak, hogy \u00fajabb \u00e9s \u00fajabb \u00e9rdekess\u00e9geket siker\u00fclj\u00f6n felder\u00edteni\u00fck az emberis\u00e9g m\u00faltj\u00e1val kapcsolatban.<\/p>\n\n<div style=\"float:none;margin:0px 0 0px 0;text-align:center;\">\n<div class=\"mobileShowkakettes\"><div class=\"mobileShowka2\"><div style=\"padding-top:0px;padding-bottom:15px;min-height: 300px;\"><div class=\"hirdetes\">HIRDET\u00c9S<\/div>\n<!-- 300lista -->\n<ins class=\"adsbygoogle\"\n     style=\"display:inline-block;width:300px;height:250px\"\n     data-ad-client=\"ca-pub-9424088931673893\"\n     data-ad-slot=\"8471340766\"><\/ins>\n<script async>\n     (adsbygoogle = window.adsbygoogle || []).push({});\n<\/script><\/div><\/div><\/div><\/div>\n\n<p>Megesik persze, hogy ezek a felfedez\u00e9sek nem \u00e9pp olyan sz\u00edvder\u00edt\u0151ek, mint v\u00e1rn\u00e1nk \u2013 de h\u00e1t nincs mit tenni, ett\u0151l m\u00e9g ugyan\u00fagy a m\u00faltunk r\u00e9sz\u00e9t k\u00e9pezik. \u00c9pp \u00fagy, mint a most k\u00f6vetkez\u0151 \u00e9rdekes leletek \u00e9s eml\u00e9kek, melyeknek a puszta l\u00e1tv\u00e1nyuk is meglehet\u0151sen sokkol\u00f3.<\/p>\n<div id=\"zombify-main-section-front\" class=\"zombify-main-section-front zombify-screen zf-media-full\">\r\n\t<link rel=\"stylesheet\" type=\"text\/css\" href=\"https:\/\/liked.hu\/old\/js\/zombify.css\">\r\n    <link rel=\"stylesheet\" type=\"text\/css\" href=\"https:\/\/liked.hu\/old\/wp-content\/themes\/newsy-child\/style.css\">\r\n\t<div class=\"zf-container\">\r\n\t\t<div id=\"zf-list\" class=\"zf-list zf-numbered\">\r\n\t\t\t<ol class=\"zf-structure-list\">\r\n\t\t\t\t\t\t\t\t\t\t<li class=\"zf-list_item\">\r\n\t\t\t\t\t\t\t<div class=\"zf-list_header\">\r\n\t\t\t\t\t\t\t\t<h3 id=\"listaelem1\" class=\"zf-list_title\">\r\n\t\t\t\t\t\t\t\t\t<span class=\"zf-number\">1<\/span>\r\n\t\t\t\t\t\t\t\t\tKeny\u00e9r az \u0151si Pompeiib\u0151l.\t\t\t\t\t\t\t\t<\/h3>\r\n\t\t\t\t\t\t\t<\/div>\r\n\t\t\t\t\t\t\t\t\t\t\t\t\t\t\t<figure class=\"zf-list_media zf-media-wrapper zf-image zf-type-image\">\r\n\t\t\t\t\t\t\t\t\t<div title=\"Keny\u00e9r az \u0151si Pompeiib\u0151l.\" alt=\"Keny\u00e9r az \u0151si Pompeiib\u0151l.\" class=\"zf-media\">\r\n\t\t\t\t\t\t\t\t\t\t<img width=\"728\" height=\"661\" src=\"https:\/\/liked.hu\/old\/wp-content\/uploads\/2018\/12\/19811165-800px-Pompei_pane-1527013307-728-47e51d6272-1530271659.jpg\" class=\"\" alt=\"\" loading=\"lazy\" style=\"\" srcset=\"https:\/\/liked.hu\/old\/wp-content\/uploads\/2018\/12\/19811165-800px-Pompei_pane-1527013307-728-47e51d6272-1530271659.jpg 728w, https:\/\/liked.hu\/old\/wp-content\/uploads\/2018\/12\/19811165-800px-Pompei_pane-1527013307-728-47e51d6272-1530271659-300x272.jpg 300w, https:\/\/liked.hu\/old\/wp-content\/uploads\/2018\/12\/19811165-800px-Pompei_pane-1527013307-728-47e51d6272-1530271659-360x327.jpg 360w, https:\/\/liked.hu\/old\/wp-content\/uploads\/2018\/12\/19811165-800px-Pompei_pane-1527013307-728-47e51d6272-1530271659-545x495.jpg 545w\" sizes=\"(max-width: 728px) 100vw, 728px\" \/>\t\t\t\t\t\t\t\t\t\t\t<figcaption class=\"zf-figcaption\">\r\n\t\t\t\t\t\t\t\t\t\t\t\t\t\t\t\t\t\t\t\t\t\t\t\t<cite><\/cite>\r\n\r\n\t\t\t\t\t\t\t\t\t\t\t\t\t\t\t\t\t\t\t\t\t\t\t<\/figcaption>\r\n\t\t\t\t\t\t\t\t\t\t\t\t\t\t\t\t\t\t\t<\/div>\r\n\t\t\t\t\t\t\t\t\t<hr \/>\r\n\t\t\t\t\t\t\t\t<\/figure>\r\n\t\t\t\t\t\t\t\t\t\t\t\t\t\t\t\t<div class=\"zf-list_description\"><p>Ezt a megk\u00f6v\u00fclt kenyeret r\u00e9g\u00e9szek tal\u00e1lt\u00e1k az \u00f3kori r\u00f3mai v\u00e1ros, Pompeii romjai k\u00f6zt. A kenyeret a Pompeiiben tal\u00e1lhat\u00f3 33 p\u00e9ks\u00e9g egyik\u00e9ben k\u00e9sz\u00edtett\u00e9k, k\u00f6zel 2000 \u00e9vvel ezel\u0151tt \u2013 i. sz. 79-ben, azon a napon, amikor a v\u00e1ros elpusztult.<\/p><\/div>\r\n\t\t\t\t\t\t\t\t\t\t\t\t\t<\/li>\r\n\t\t\t\t\t\t\t\t\t\t\t\t<li class=\"zf-list_item\">\r\n\t\t\t\t\t\t\t<div class=\"zf-list_header\">\r\n\t\t\t\t\t\t\t\t<h3 id=\"listaelem2\" class=\"zf-list_title\">\r\n\t\t\t\t\t\t\t\t\t<span class=\"zf-number\">2<\/span>\r\n\t\t\t\t\t\t\t\t\tJap\u00e1n terhes baba - XIX. sz\u00e1zad\t\t\t\t\t\t\t\t<\/h3>\r\n\t\t\t\t\t\t\t<\/div>\r\n\t\t\t\t\t\t\t\t\t\t\t\t\t\t\t<figure class=\"zf-list_media zf-media-wrapper zf-image zf-type-image\">\r\n\t\t\t\t\t\t\t\t\t<div title=\"Jap\u00e1n terhes baba - XIX. sz\u00e1zad\" alt=\"Jap\u00e1n terhes baba - XIX. sz\u00e1zad\" class=\"zf-media\">\r\n\t\t\t\t\t\t\t\t\t\t<img width=\"728\" height=\"533\" src=\"https:\/\/liked.hu\/old\/wp-content\/uploads\/2018\/12\/19811115-13962629_1489062534453397_7820804842793270774_n-1527013755-728-0dae0609bf-1530271659.jpg\" class=\"\" alt=\"\" loading=\"lazy\" style=\"\" srcset=\"https:\/\/liked.hu\/old\/wp-content\/uploads\/2018\/12\/19811115-13962629_1489062534453397_7820804842793270774_n-1527013755-728-0dae0609bf-1530271659.jpg 728w, https:\/\/liked.hu\/old\/wp-content\/uploads\/2018\/12\/19811115-13962629_1489062534453397_7820804842793270774_n-1527013755-728-0dae0609bf-1530271659-300x220.jpg 300w, https:\/\/liked.hu\/old\/wp-content\/uploads\/2018\/12\/19811115-13962629_1489062534453397_7820804842793270774_n-1527013755-728-0dae0609bf-1530271659-360x264.jpg 360w, https:\/\/liked.hu\/old\/wp-content\/uploads\/2018\/12\/19811115-13962629_1489062534453397_7820804842793270774_n-1527013755-728-0dae0609bf-1530271659-545x399.jpg 545w\" sizes=\"(max-width: 728px) 100vw, 728px\" \/>\t\t\t\t\t\t\t\t\t\t\t<figcaption class=\"zf-figcaption\">\r\n\t\t\t\t\t\t\t\t\t\t\t\t\t\t\t\t\t\t\t\t\t\t\t\t<cite><\/cite>\r\n\r\n\t\t\t\t\t\t\t\t\t\t\t\t\t\t\t\t\t\t\t\t\t\t\t<\/figcaption>\r\n\t\t\t\t\t\t\t\t\t\t\t\t\t\t\t\t\t\t\t<\/div>\r\n\t\t\t\t\t\t\t\t\t<hr \/>\r\n\t\t\t\t\t\t\t\t<\/figure>\r\n\t\t\t\t\t\t\t\t\t\t\t\t\t\t\t\t<div class=\"zf-list_description\"><p>Ez a baba nem a Terhes Barbie-bab\u00e1hoz hasonl\u00f3 j\u00e1t\u00e9kszer, ezt val\u00f3j\u00e1ban a 19. sz\u00e1zadi sz\u00fcl\u00e9szn\u0151k haszn\u00e1lt\u00e1k, hogy gyakorolj\u00e1k vele a gyermekek sz\u00fclet\u00e9s\u00e9t.<\/p><\/div>\r\n\t\t\t\t\t\t\t\t\t\t\t\t\t<\/li>\r\n\t\t\t\t\t\t\t\t\t\t\t\t<li class=\"zf-list_item\">\r\n\t\t\t\t\t\t\t<div class=\"zf-list_header\">\r\n\t\t\t\t\t\t\t\t<h3 id=\"listaelem3\" class=\"zf-list_title\">\r\n\t\t\t\t\t\t\t\t\t<span class=\"zf-number\">3<\/span>\r\n\t\t\t\t\t\t\t\t\tA n\u0151i sz\u00edv t\u00e9rk\u00e9pe - XIX. sz\u00e1zad\t\t\t\t\t\t\t\t<\/h3>\r\n\t\t\t\t\t\t\t<\/div>\r\n\t\t\t\t\t\t\t\t\t\t\t\t\t\t\t<figure class=\"zf-list_media zf-media-wrapper zf-image zf-type-image\">\r\n\t\t\t\t\t\t\t\t\t<div title=\"A n\u0151i sz\u00edv t\u00e9rk\u00e9pe - XIX. sz\u00e1zad\" alt=\"A n\u0151i sz\u00edv t\u00e9rk\u00e9pe - XIX. sz\u00e1zad\" class=\"zf-media\">\r\n\t\t\t\t\t\t\t\t\t\t<img width=\"728\" height=\"1085\" src=\"https:\/\/liked.hu\/old\/wp-content\/uploads\/2018\/12\/19811065-1513694_278539608968928_277532297_n-1527014033-728-c8522b48b1-1530271659.jpg\" class=\"\" alt=\"\" loading=\"lazy\" style=\"\" srcset=\"https:\/\/liked.hu\/old\/wp-content\/uploads\/2018\/12\/19811065-1513694_278539608968928_277532297_n-1527014033-728-c8522b48b1-1530271659.jpg 728w, https:\/\/liked.hu\/old\/wp-content\/uploads\/2018\/12\/19811065-1513694_278539608968928_277532297_n-1527014033-728-c8522b48b1-1530271659-201x300.jpg 201w, https:\/\/liked.hu\/old\/wp-content\/uploads\/2018\/12\/19811065-1513694_278539608968928_277532297_n-1527014033-728-c8522b48b1-1530271659-687x1024.jpg 687w, https:\/\/liked.hu\/old\/wp-content\/uploads\/2018\/12\/19811065-1513694_278539608968928_277532297_n-1527014033-728-c8522b48b1-1530271659-360x537.jpg 360w, https:\/\/liked.hu\/old\/wp-content\/uploads\/2018\/12\/19811065-1513694_278539608968928_277532297_n-1527014033-728-c8522b48b1-1530271659-545x812.jpg 545w\" sizes=\"(max-width: 728px) 100vw, 728px\" \/>\t\t\t\t\t\t\t\t\t\t\t<figcaption class=\"zf-figcaption\">\r\n\t\t\t\t\t\t\t\t\t\t\t\t\t\t\t\t\t\t\t\t\t\t\t\t<cite><\/cite>\r\n\r\n\t\t\t\t\t\t\t\t\t\t\t\t\t\t\t\t\t\t\t\t\t\t\t<\/figcaption>\r\n\t\t\t\t\t\t\t\t\t\t\t\t\t\t\t\t\t\t\t<\/div>\r\n\t\t\t\t\t\t\t\t\t<hr \/>\r\n\t\t\t\t\t\t\t\t<\/figure>\r\n\t\t\t\t\t\t\t\t\t\t\t\t\t\t\t\t<div class=\"zf-list_description\"><p>A vil\u00e1g tal\u00e1n legromantikusabb t\u00e9rk\u00e9p\u00e9t Daniel Wright Kellogg litogr\u00e1fus tal\u00e1lta fel \u00e9s rajzolta meg. Ahogy a t\u00e9rk\u00e9pen is l\u00e1tszik, Kellogg-nak saj\u00e1tos v\u00e9lem\u00e9nye volt a n\u0151kr\u0151l, melyet nem is rejtett v\u00e9ka al\u00e1 \u00e9s a t\u00e9rk\u00e9p\u00e9nek elrendez\u00e9s\u00e9t is ez befoly\u00e1solta legf\u0151k\u00e9pp: a t\u00e9rk\u00e9p k\u00f6z\u00e9ppontj\u00e1ban a szeretet volt, alatta az egoizmus \u00e9s az \u00f6nz\u0151s\u00e9g, felette pedig a ruh\u00e1k \u00e9s a ruh\u00e1k ir\u00e1nti szeretet.<\/p><\/div>\r\n\t\t\t\t\t\t\t\t\t\t\t\t\t<\/li>\r\n\t\t\t\t\t\t\t\t\t\t\t\t<li class=\"zf-list_item\">\r\n\t\t\t\t\t\t\t<div class=\"zf-list_header\">\r\n\t\t\t\t\t\t\t\t<h3 id=\"listaelem4\" class=\"zf-list_title\">\r\n\t\t\t\t\t\t\t\t\t<span class=\"zf-number\">4<\/span>\r\n\t\t\t\t\t\t\t\t\tAz Arthur\u2019s Seat barlangban tal\u00e1lt kopors\u00f3k.\t\t\t\t\t\t\t\t<\/h3>\r\n\t\t\t\t\t\t\t<\/div>\r\n\t\t\t\t\t\t\t\t\t\t\t\t\t\t\t<figure class=\"zf-list_media zf-media-wrapper zf-image zf-type-image\">\r\n\t\t\t\t\t\t\t\t\t<div title=\"Az Arthur\u2019s Seat barlangban tal\u00e1lt kopors\u00f3k.\" alt=\"Az Arthur\u2019s Seat barlangban tal\u00e1lt kopors\u00f3k.\" class=\"zf-media\">\r\n\t\t\t\t\t\t\t\t\t\t<img width=\"728\" height=\"409\" src=\"https:\/\/liked.hu\/old\/wp-content\/uploads\/2018\/12\/19810565-11924763_919064371497115_1822260846245836664_n-1527013563-728-ddb8d7859b-1530271659.jpg\" class=\"\" alt=\"\" loading=\"lazy\" style=\"\" srcset=\"https:\/\/liked.hu\/old\/wp-content\/uploads\/2018\/12\/19810565-11924763_919064371497115_1822260846245836664_n-1527013563-728-ddb8d7859b-1530271659.jpg 728w, https:\/\/liked.hu\/old\/wp-content\/uploads\/2018\/12\/19810565-11924763_919064371497115_1822260846245836664_n-1527013563-728-ddb8d7859b-1530271659-300x169.jpg 300w, https:\/\/liked.hu\/old\/wp-content\/uploads\/2018\/12\/19810565-11924763_919064371497115_1822260846245836664_n-1527013563-728-ddb8d7859b-1530271659-360x202.jpg 360w, https:\/\/liked.hu\/old\/wp-content\/uploads\/2018\/12\/19810565-11924763_919064371497115_1822260846245836664_n-1527013563-728-ddb8d7859b-1530271659-545x306.jpg 545w\" sizes=\"(max-width: 728px) 100vw, 728px\" \/>\t\t\t\t\t\t\t\t\t\t\t<figcaption class=\"zf-figcaption\">\r\n\t\t\t\t\t\t\t\t\t\t\t\t\t\t\t\t\t\t\t\t\t\t\t\t<cite><\/cite>\r\n\r\n\t\t\t\t\t\t\t\t\t\t\t\t\t\t\t\t\t\t\t\t\t\t\t<\/figcaption>\r\n\t\t\t\t\t\t\t\t\t\t\t\t\t\t\t\t\t\t\t<\/div>\r\n\t\t\t\t\t\t\t\t\t<hr \/>\r\n\t\t\t\t\t\t\t\t<\/figure>\r\n\t\t\t\t\t\t\t\t\t\t\t\t\t\t\t\t<div class=\"zf-list_description\"><p>A k\u00e9pen l\u00e1that\u00f3 kopors\u00f3kat a sk\u00f3ciai Arthur\u2019s Seat dombon tal\u00e1lt\u00e1k, 1836-ban. A 17 apr\u00f3cska kopors\u00f3ban f\u00e1b\u00f3l k\u00e9sz\u00fclt bab\u00e1kat helyeztek el, melyeket f\u00e9rfi ruh\u00e1kba \u00f6lt\u00f6ztettek \u2013 m\u00e1ig ismeretlen okokb\u00f3l. A szak\u00e9rt\u0151k szerint 2 lehets\u00e9ges magyar\u00e1zat van a furcsa kopors\u00f3kra: vagy voodoo szertart\u00e1sok kell\u00e9keik\u00e9nt haszn\u00e1lt\u00e1k \u0151ket, vagy pedig a kopors\u00f3k a sorozatgyilkoss\u00e1g egyfajta ellent\u00e9tek\u00e9nt hozt\u00e1k l\u00e9tre, tal\u00e1n figyelemfelh\u00edv\u00f3 c\u00e9lzattal. Egy biztos, a kopors\u00f3kat 1812 \u00e9s 1820 k\u00f6z\u00f6tt k\u00e9sz\u00edtett\u00e9k, de hogy ki \u00e9s mi\u00e9rt azt m\u00e1ig sem siker\u00fclt megfejteni.<\/p><\/div>\r\n\t\t\t\t\t\t\t\t\t\t\t\t\t<\/li>\r\n\t\t\t\t\t\t\t\t\t\t\t\t<li class=\"zf-list_item\">\r\n\t\t\t\t\t\t\t<div class=\"zf-list_header\">\r\n\t\t\t\t\t\t\t\t<h3 id=\"listaelem5\" class=\"zf-list_title\">\r\n\t\t\t\t\t\t\t\t\t<span class=\"zf-number\">5<\/span>\r\n\t\t\t\t\t\t\t\t\tA ,,rejtett anya\".\t\t\t\t\t\t\t\t<\/h3>\r\n\t\t\t\t\t\t\t<\/div>\r\n\t\t\t\t\t\t\t\t\t\t\t\t\t\t\t<figure class=\"zf-list_media zf-media-wrapper zf-image zf-type-image\">\r\n\t\t\t\t\t\t\t\t\t<div title=\"A ,,rejtett anya&quot;.\" alt=\"A ,,rejtett anya&quot;.\" class=\"zf-media\">\r\n\t\t\t\t\t\t\t\t\t\t<img width=\"728\" height=\"553\" src=\"https:\/\/liked.hu\/old\/wp-content\/uploads\/2018\/12\/19811015-25769260-809578-2-0-1528365163-1528365172-1500-1-1528365172-728-2e85078cf1-1530271659.jpg\" class=\"\" alt=\"\" loading=\"lazy\" style=\"\" srcset=\"https:\/\/liked.hu\/old\/wp-content\/uploads\/2018\/12\/19811015-25769260-809578-2-0-1528365163-1528365172-1500-1-1528365172-728-2e85078cf1-1530271659.jpg 728w, https:\/\/liked.hu\/old\/wp-content\/uploads\/2018\/12\/19811015-25769260-809578-2-0-1528365163-1528365172-1500-1-1528365172-728-2e85078cf1-1530271659-300x228.jpg 300w, https:\/\/liked.hu\/old\/wp-content\/uploads\/2018\/12\/19811015-25769260-809578-2-0-1528365163-1528365172-1500-1-1528365172-728-2e85078cf1-1530271659-360x273.jpg 360w, https:\/\/liked.hu\/old\/wp-content\/uploads\/2018\/12\/19811015-25769260-809578-2-0-1528365163-1528365172-1500-1-1528365172-728-2e85078cf1-1530271659-545x414.jpg 545w\" sizes=\"(max-width: 728px) 100vw, 728px\" \/>\t\t\t\t\t\t\t\t\t\t\t<figcaption class=\"zf-figcaption\">\r\n\t\t\t\t\t\t\t\t\t\t\t\t\t\t\t\t\t\t\t\t\t\t\t\t<cite><\/cite>\r\n\r\n\t\t\t\t\t\t\t\t\t\t\t\t\t\t\t\t\t\t\t\t\t\t\t<\/figcaption>\r\n\t\t\t\t\t\t\t\t\t\t\t\t\t\t\t\t\t\t\t<\/div>\r\n\t\t\t\t\t\t\t\t\t<hr \/>\r\n\t\t\t\t\t\t\t\t<\/figure>\r\n\t\t\t\t\t\t\t\t\t\t\t\t\t\t\t\t<div class=\"zf-list_description\"><p>A fotogr\u00e1fia megjelen\u00e9se ut\u00e1n az 1920-as \u00e9vekig az Egyes\u00fclt Kir\u00e1lys\u00e1gban l\u00e9tezett egy m\u0171faj, amit \u201erejtett anya f\u00e9nyk\u00e9pez\u00e9snek\u201d neveztek. Ennek l\u00e9nyege az volt, hogy a gyermekeket egy speci\u00e1lis lepelre rakva fot\u00f3zt\u00e1k, melyben az \u00e9desanyjuk vagy a dadusuk elb\u00fajt \u00e9s tulajdonk\u00e9ppen \u0151k tartott\u00e1k egy helyben a gyermeket, magukat sz\u00e9keknek \u00e1lc\u00e1zva, am\u00edg a hossz\u00fa expon\u00e1l\u00e1s sor\u00e1n a f\u00e9nyk\u00e9p\u00e9szeknek siker\u00fclt elk\u00e9sz\u00edteni\u00fck a k\u00e9pet.<\/p><\/div>\r\n\t\t\t\t\t\t\t\t\t\t\t\t\t<\/li>\r\n\t\t\t\t\t\t\t\t\t\t\t\t<li class=\"zf-list_item\">\r\n\t\t\t\t\t\t\t<div class=\"zf-list_header\">\r\n\t\t\t\t\t\t\t\t<h3 id=\"listaelem6\" class=\"zf-list_title\">\r\n\t\t\t\t\t\t\t\t\t<span class=\"zf-number\">6<\/span>\r\n\t\t\t\t\t\t\t\t\tMechanikus pi\u00f3ca.\t\t\t\t\t\t\t\t<\/h3>\r\n\t\t\t\t\t\t\t<\/div>\r\n\t\t\t\t\t\t\t\t\t\t\t\t\t\t\t<figure class=\"zf-list_media zf-media-wrapper zf-image zf-type-image\">\r\n\t\t\t\t\t\t\t\t\t<div title=\"Mechanikus pi\u00f3ca.\" alt=\"Mechanikus pi\u00f3ca.\" class=\"zf-media\">\r\n\t\t\t\t\t\t\t\t\t\t<img width=\"728\" height=\"574\" src=\"https:\/\/liked.hu\/old\/wp-content\/uploads\/2018\/12\/19810965-19105709_1892295401029893_4244491265279259282_n-1527019858-728-a530ea14e9-1530271659.jpg\" class=\"\" alt=\"\" loading=\"lazy\" style=\"\" srcset=\"https:\/\/liked.hu\/old\/wp-content\/uploads\/2018\/12\/19810965-19105709_1892295401029893_4244491265279259282_n-1527019858-728-a530ea14e9-1530271659.jpg 728w, https:\/\/liked.hu\/old\/wp-content\/uploads\/2018\/12\/19810965-19105709_1892295401029893_4244491265279259282_n-1527019858-728-a530ea14e9-1530271659-300x237.jpg 300w, https:\/\/liked.hu\/old\/wp-content\/uploads\/2018\/12\/19810965-19105709_1892295401029893_4244491265279259282_n-1527019858-728-a530ea14e9-1530271659-360x284.jpg 360w, https:\/\/liked.hu\/old\/wp-content\/uploads\/2018\/12\/19810965-19105709_1892295401029893_4244491265279259282_n-1527019858-728-a530ea14e9-1530271659-545x430.jpg 545w\" sizes=\"(max-width: 728px) 100vw, 728px\" \/>\t\t\t\t\t\t\t\t\t\t\t<figcaption class=\"zf-figcaption\">\r\n\t\t\t\t\t\t\t\t\t\t\t\t\t\t\t\t\t\t\t\t\t\t\t\t<cite><\/cite>\r\n\r\n\t\t\t\t\t\t\t\t\t\t\t\t\t\t\t\t\t\t\t\t\t\t\t<\/figcaption>\r\n\t\t\t\t\t\t\t\t\t\t\t\t\t\t\t\t\t\t\t<\/div>\r\n\t\t\t\t\t\t\t\t\t<hr \/>\r\n\t\t\t\t\t\t\t\t<\/figure>\r\n\t\t\t\t\t\t\t\t\t\t\t\t\t\t\t\t<div class=\"zf-list_description\"><p>Ez az eszk\u00f6z egy\u00e1ltal\u00e1n nem egy k\u00f6z\u00e9pkori k\u00ednz\u00f3eszk\u00f6z, mint ahogyan els\u0151 pillant\u00e1sra t\u0171nhet. 1840-ben tal\u00e1lt\u00e1k fel, az akkoriban igen n\u00e9pszer\u0171 \u00e9l\u0151 pi\u00f3c\u00e1s kezel\u00e9sek visszaszor\u00edt\u00e1sa \u00e9rdek\u00e9ben. A mechanikus pi\u00f3ca forg\u00f3 peng\u00e9k seg\u00edts\u00e9g\u00e9vel v\u00e1gta fel a b\u0151rfelsz\u00ednt, majd a haszn\u00e1lata sor\u00e1n belsej\u00e9ben keletkezett v\u00e1kuum seg\u00edts\u00e9g\u00e9vel sz\u00edvta \u00e1t a v\u00e9rt a szint\u00e9n belsej\u00e9ben kialak\u00edtott henger alak\u00fa tart\u00e1lyokba.<\/p><\/div>\r\n\t\t\t\t\t\t\t\t\t\t\t\t\t<\/li>\r\n\t\t\t\t\t\t\t\t\t\t\t\t<li class=\"zf-list_item\">\r\n\t\t\t\t\t\t\t<div class=\"zf-list_header\">\r\n\t\t\t\t\t\t\t\t<h3 id=\"listaelem7\" class=\"zf-list_title\">\r\n\t\t\t\t\t\t\t\t\t<span class=\"zf-number\">7<\/span>\r\n\t\t\t\t\t\t\t\t\tTipu tigris - XVIII. sz\u00e1zad\t\t\t\t\t\t\t\t<\/h3>\r\n\t\t\t\t\t\t\t<\/div>\r\n\t\t\t\t\t\t\t\t\t\t\t\t\t\t\t<figure class=\"zf-list_media zf-media-wrapper zf-image zf-type-image\">\r\n\t\t\t\t\t\t\t\t\t<div title=\"Tipu tigris - XVIII. sz\u00e1zad\" alt=\"Tipu tigris - XVIII. sz\u00e1zad\" class=\"zf-media\">\r\n\t\t\t\t\t\t\t\t\t\t<img width=\"728\" height=\"479\" src=\"https:\/\/liked.hu\/old\/wp-content\/uploads\/2018\/12\/19810915-31321860-54-1-0-1529497959-1529497965-720-1-1529497965-728-9f399c5f67-1530271659.jpg\" class=\"\" alt=\"\" loading=\"lazy\" style=\"\" srcset=\"https:\/\/liked.hu\/old\/wp-content\/uploads\/2018\/12\/19810915-31321860-54-1-0-1529497959-1529497965-720-1-1529497965-728-9f399c5f67-1530271659.jpg 728w, https:\/\/liked.hu\/old\/wp-content\/uploads\/2018\/12\/19810915-31321860-54-1-0-1529497959-1529497965-720-1-1529497965-728-9f399c5f67-1530271659-300x197.jpg 300w, https:\/\/liked.hu\/old\/wp-content\/uploads\/2018\/12\/19810915-31321860-54-1-0-1529497959-1529497965-720-1-1529497965-728-9f399c5f67-1530271659-360x237.jpg 360w, https:\/\/liked.hu\/old\/wp-content\/uploads\/2018\/12\/19810915-31321860-54-1-0-1529497959-1529497965-720-1-1529497965-728-9f399c5f67-1530271659-545x359.jpg 545w\" sizes=\"(max-width: 728px) 100vw, 728px\" \/>\t\t\t\t\t\t\t\t\t\t\t<figcaption class=\"zf-figcaption\">\r\n\t\t\t\t\t\t\t\t\t\t\t\t\t\t\t\t\t\t\t\t\t\t\t\t<cite><\/cite>\r\n\r\n\t\t\t\t\t\t\t\t\t\t\t\t\t\t\t\t\t\t\t\t\t\t\t<\/figcaption>\r\n\t\t\t\t\t\t\t\t\t\t\t\t\t\t\t\t\t\t\t<\/div>\r\n\t\t\t\t\t\t\t\t\t<hr \/>\r\n\t\t\t\t\t\t\t\t<\/figure>\r\n\t\t\t\t\t\t\t\t\t\t\t\t\t\t\t\t<div class=\"zf-list_description\"><p>Ez a j\u00e1t\u00e9k tulajdonk\u00e9ppen egy brit katon\u00e1t k\u00ednz\u00f3 tigris, ami majdnem \u00e9letnagys\u00e1g\u00fa, az oldal\u00e1n l\u00e9v\u0151 kart tekerve pedig a brit katon\u00e1nak sikoly\u00e1t \u00e9s a tigris morg\u00e1s\u00e1t id\u00e9z\u0151 hangokat bocs\u00e1jt ki mag\u00e1b\u00f3l. A j\u00e1t\u00e9kot az indiai uralkod\u00f3, Tipu szult\u00e1n sz\u00e1m\u00e1ra k\u00e9sz\u00edtett\u00e9k, aki ut\u00e1lta a briteket.<\/p><\/div>\r\n\t\t\t\t\t\t\t\t\t\t\t\t\t<\/li>\r\n\t\t\t\t\t\t\t\t\t<\/ol>\r\n\t\t<\/div>\r\n\t<\/div>\r\n\r\n\t<\/div>\r\n\r\n\r\n<!--nextpage--><div id=\"zombify-main-section-front\" class=\"zombify-main-section-front zombify-screen zf-media-full\">\r\n\t<link rel=\"stylesheet\" type=\"text\/css\" href=\"https:\/\/liked.hu\/old\/js\/zombify.css\">\r\n    <link rel=\"stylesheet\" type=\"text\/css\" href=\"https:\/\/liked.hu\/old\/wp-content\/themes\/newsy-child\/style.css\">\r\n\t<div class=\"zf-container\">\r\n\t\t<div id=\"zf-list\" class=\"zf-list zf-numbered\">\r\n\t\t\t<ol class=\"zf-structure-list\">\r\n\t\t\t\t\t\t\t\t\t\t<li class=\"zf-list_item\">\r\n\t\t\t\t\t\t\t<div class=\"zf-list_header\">\r\n\t\t\t\t\t\t\t\t<h3 id=\"listaelem8\" class=\"zf-list_title\">\r\n\t\t\t\t\t\t\t\t\t<span class=\"zf-number\">8<\/span>\r\n\t\t\t\t\t\t\t\t\tGuillaume Duchenne k\u00eds\u00e9rletei - XIX. sz\u00e1zad\t\t\t\t\t\t\t\t<\/h3>\r\n\t\t\t\t\t\t\t<\/div>\r\n\t\t\t\t\t\t\t\t\t\t\t\t\t\t\t<figure class=\"zf-list_media zf-media-wrapper zf-image zf-type-image\">\r\n\t\t\t\t\t\t\t\t\t<div title=\"Guillaume Duchenne k\u00eds\u00e9rletei - XIX. sz\u00e1zad\" alt=\"Guillaume Duchenne k\u00eds\u00e9rletei - XIX. sz\u00e1zad\" class=\"zf-media\">\r\n\t\t\t\t\t\t\t\t\t\t<img width=\"728\" height=\"1007\" src=\"https:\/\/liked.hu\/old\/wp-content\/uploads\/2018\/12\/19810865-Guillaume_Duchenne_de_Boulogne_performing_facial_electrostimulus_experiments-1527014589-728-8757d67134-1530271659.jpg\" class=\"\" alt=\"\" loading=\"lazy\" style=\"\" srcset=\"https:\/\/liked.hu\/old\/wp-content\/uploads\/2018\/12\/19810865-Guillaume_Duchenne_de_Boulogne_performing_facial_electrostimulus_experiments-1527014589-728-8757d67134-1530271659.jpg 728w, https:\/\/liked.hu\/old\/wp-content\/uploads\/2018\/12\/19810865-Guillaume_Duchenne_de_Boulogne_performing_facial_electrostimulus_experiments-1527014589-728-8757d67134-1530271659-217x300.jpg 217w, https:\/\/liked.hu\/old\/wp-content\/uploads\/2018\/12\/19810865-Guillaume_Duchenne_de_Boulogne_performing_facial_electrostimulus_experiments-1527014589-728-8757d67134-1530271659-360x498.jpg 360w, https:\/\/liked.hu\/old\/wp-content\/uploads\/2018\/12\/19810865-Guillaume_Duchenne_de_Boulogne_performing_facial_electrostimulus_experiments-1527014589-728-8757d67134-1530271659-545x754.jpg 545w\" sizes=\"(max-width: 728px) 100vw, 728px\" \/>\t\t\t\t\t\t\t\t\t\t\t<figcaption class=\"zf-figcaption\">\r\n\t\t\t\t\t\t\t\t\t\t\t\t\t\t\t\t\t\t\t\t\t\t\t\t<cite><\/cite>\r\n\r\n\t\t\t\t\t\t\t\t\t\t\t\t\t\t\t\t\t\t\t\t\t\t\t<\/figcaption>\r\n\t\t\t\t\t\t\t\t\t\t\t\t\t\t\t\t\t\t\t<\/div>\r\n\t\t\t\t\t\t\t\t\t<hr \/>\r\n\t\t\t\t\t\t\t\t<\/figure>\r\n\t\t\t\t\t\t\t\t\t\t\t\t\t\t\t\t<div class=\"zf-list_description\"><p>A k\u00e9pen \u00e9pp a francia ideggy\u00f3gy\u00e1sz, Guillaume Duchenne egyik elektroter\u00e1pi\u00e1s k\u00eds\u00e9rlet\u00e9t l\u00e1thatjuk, melynek keret\u00e9n bel\u00fcl a doktor egy \u00e9l\u0151 szem\u00e9ly arcizmain kereszt\u00fcl tov\u00e1bb\u00edtotta az \u00e1ramot, hogy tanulm\u00e1nyozza az izom-\u00f6sszeh\u00faz\u00f3d\u00e1sokat. T\u00f6bb sz\u00e1z vagy tal\u00e1n ezer hasonl\u00f3 k\u00eds\u00e9rletet v\u00e9gzett, melyeknek k\u00f6sz\u00f6nhet\u0151en sz\u00e1mos \u00e9rdekes felfedez\u00e9st tett.<\/p><\/div>\r\n\t\t\t\t\t\t\t\t\t\t\t\t\t<\/li>\r\n\t\t\t\t\t\t\t\t\t\t\t\t<li class=\"zf-list_item\">\r\n\t\t\t\t\t\t\t<div class=\"zf-list_header\">\r\n\t\t\t\t\t\t\t\t<h3 id=\"listaelem9\" class=\"zf-list_title\">\r\n\t\t\t\t\t\t\t\t\t<span class=\"zf-number\">9<\/span>\r\n\t\t\t\t\t\t\t\t\tProt\u00e9zisek\t\t\t\t\t\t\t\t<\/h3>\r\n\t\t\t\t\t\t\t<\/div>\r\n\t\t\t\t\t\t\t\t\t\t\t\t\t\t\t<figure class=\"zf-list_media zf-media-wrapper zf-image zf-type-image\">\r\n\t\t\t\t\t\t\t\t\t<div title=\"Prot\u00e9zisek\" alt=\"Prot\u00e9zisek\" class=\"zf-media\">\r\n\t\t\t\t\t\t\t\t\t\t<img width=\"728\" height=\"664\" src=\"https:\/\/liked.hu\/old\/wp-content\/uploads\/2018\/12\/19810815-25784760-809578-4-0-1528365712-1528365719-720-1-1528365719-728-da0b07b2e5-1530271659.jpg\" class=\"\" alt=\"\" loading=\"lazy\" style=\"\" srcset=\"https:\/\/liked.hu\/old\/wp-content\/uploads\/2018\/12\/19810815-25784760-809578-4-0-1528365712-1528365719-720-1-1528365719-728-da0b07b2e5-1530271659.jpg 728w, https:\/\/liked.hu\/old\/wp-content\/uploads\/2018\/12\/19810815-25784760-809578-4-0-1528365712-1528365719-720-1-1528365719-728-da0b07b2e5-1530271659-300x274.jpg 300w, https:\/\/liked.hu\/old\/wp-content\/uploads\/2018\/12\/19810815-25784760-809578-4-0-1528365712-1528365719-720-1-1528365719-728-da0b07b2e5-1530271659-360x328.jpg 360w, https:\/\/liked.hu\/old\/wp-content\/uploads\/2018\/12\/19810815-25784760-809578-4-0-1528365712-1528365719-720-1-1528365719-728-da0b07b2e5-1530271659-545x497.jpg 545w\" sizes=\"(max-width: 728px) 100vw, 728px\" \/>\t\t\t\t\t\t\t\t\t\t\t<figcaption class=\"zf-figcaption\">\r\n\t\t\t\t\t\t\t\t\t\t\t\t\t\t\t\t\t\t\t\t\t\t\t\t<cite><\/cite>\r\n\r\n\t\t\t\t\t\t\t\t\t\t\t\t\t\t\t\t\t\t\t\t\t\t\t<\/figcaption>\r\n\t\t\t\t\t\t\t\t\t\t\t\t\t\t\t\t\t\t\t<\/div>\r\n\t\t\t\t\t\t\t\t\t<hr \/>\r\n\t\t\t\t\t\t\t\t<\/figure>\r\n\t\t\t\t\t\t\t\t\t\t\t\t\t\t\t\t<div class=\"zf-list_description\"><p>A v\u00e9gtagp\u00f3tl\u00f3 prot\u00e9zisek nem a modern kor tal\u00e1lm\u00e1nyai. Az els\u0151 fot\u00f3n p\u00e9ld\u00e1ul egy l\u00e1bujjprot\u00e9zist l\u00e1thatunk az \u00f3kori Egyiptomb\u00f3l, a m\u00e1sodik k\u00e9pen pedig egy j\u00f3val \u00f6sszetettebb alkar-prot\u00e9zis l\u00e1that\u00f3.<\/p><\/div>\r\n\t\t\t\t\t\t\t\t\t\t\t\t\t<\/li>\r\n\t\t\t\t\t\t\t\t\t\t\t\t<li class=\"zf-list_item\">\r\n\t\t\t\t\t\t\t<div class=\"zf-list_header\">\r\n\t\t\t\t\t\t\t\t<h3 id=\"listaelem10\" class=\"zf-list_title\">\r\n\t\t\t\t\t\t\t\t\t<span class=\"zf-number\">10<\/span>\r\n\t\t\t\t\t\t\t\t\tK\u00f6nny t\u00e1rol\u00f3 fiol\u00e1k.\t\t\t\t\t\t\t\t<\/h3>\r\n\t\t\t\t\t\t\t<\/div>\r\n\t\t\t\t\t\t\t\t\t\t\t\t\t\t\t<figure class=\"zf-list_media zf-media-wrapper zf-image zf-type-image\">\r\n\t\t\t\t\t\t\t\t\t<div title=\"K\u00f6nny t\u00e1rol\u00f3 fiol\u00e1k.\" alt=\"K\u00f6nny t\u00e1rol\u00f3 fiol\u00e1k.\" class=\"zf-media\">\r\n\t\t\t\t\t\t\t\t\t\t<img width=\"728\" height=\"957\" src=\"https:\/\/liked.hu\/old\/wp-content\/uploads\/2018\/12\/19810765-308564_10150333159122901_1873116339_n-1527513725-728-07d1e9abf5-1530271659.jpg\" class=\"\" alt=\"\" loading=\"lazy\" style=\"\" srcset=\"https:\/\/liked.hu\/old\/wp-content\/uploads\/2018\/12\/19810765-308564_10150333159122901_1873116339_n-1527513725-728-07d1e9abf5-1530271659.jpg 728w, https:\/\/liked.hu\/old\/wp-content\/uploads\/2018\/12\/19810765-308564_10150333159122901_1873116339_n-1527513725-728-07d1e9abf5-1530271659-228x300.jpg 228w, https:\/\/liked.hu\/old\/wp-content\/uploads\/2018\/12\/19810765-308564_10150333159122901_1873116339_n-1527513725-728-07d1e9abf5-1530271659-360x473.jpg 360w, https:\/\/liked.hu\/old\/wp-content\/uploads\/2018\/12\/19810765-308564_10150333159122901_1873116339_n-1527513725-728-07d1e9abf5-1530271659-545x716.jpg 545w\" sizes=\"(max-width: 728px) 100vw, 728px\" \/>\t\t\t\t\t\t\t\t\t\t\t<figcaption class=\"zf-figcaption\">\r\n\t\t\t\t\t\t\t\t\t\t\t\t\t\t\t\t\t\t\t\t\t\t\t\t<cite><\/cite>\r\n\r\n\t\t\t\t\t\t\t\t\t\t\t\t\t\t\t\t\t\t\t\t\t\t\t<\/figcaption>\r\n\t\t\t\t\t\t\t\t\t\t\t\t\t\t\t\t\t\t\t<\/div>\r\n\t\t\t\t\t\t\t\t\t<hr \/>\r\n\t\t\t\t\t\t\t\t<\/figure>\r\n\t\t\t\t\t\t\t\t\t\t\t\t\t\t\t\t<div class=\"zf-list_description\"><p>Ezeket a hossz\u00fak\u00e1s k\u00f6nny-gy\u0171jt\u0151 \u00fcvegeket el\u0151sz\u00f6r az \u00f3kori R\u00f3m\u00e1ban kezdt\u00e9k el haszn\u00e1lni, \u00e9s direkt \u00fagy alak\u00edtott\u00e1k ki \u0151ket, hogy k\u00f6nnyen \u00f6ssze lehessen gy\u0171jteni vel\u00fck a k\u00f6nnyeket a szem\u00fcnk sark\u00e1b\u00f3l. F\u0151k\u00e9nt n\u0151k haszn\u00e1lt\u00e1k, hogy h\u00e1bor\u00faba ment, majd onnan hazat\u00e9rt f\u00e9rjeiknek bizony\u00edts\u00e1k vel\u00fck, mennyit s\u00edrtak \u00e9rt\u00fck, am\u00edg t\u00e1vol voltak.<\/p><\/div>\r\n\t\t\t\t\t\t\t\t\t\t\t\t\t<\/li>\r\n\t\t\t\t\t\t\t\t\t\t\t\t<li class=\"zf-list_item\">\r\n\t\t\t\t\t\t\t<div class=\"zf-list_header\">\r\n\t\t\t\t\t\t\t\t<h3 id=\"listaelem11\" class=\"zf-list_title\">\r\n\t\t\t\t\t\t\t\t\t<span class=\"zf-number\">11<\/span>\r\n\t\t\t\t\t\t\t\t\tK\u00ednai orvos bab\u00e1k \u2013 17-18. sz\u00e1zad\t\t\t\t\t\t\t\t<\/h3>\r\n\t\t\t\t\t\t\t<\/div>\r\n\t\t\t\t\t\t\t\t\t\t\t\t\t\t\t<figure class=\"zf-list_media zf-media-wrapper zf-image zf-type-image\">\r\n\t\t\t\t\t\t\t\t\t<div title=\"K\u00ednai orvos bab\u00e1k \u2013 17-18. sz\u00e1zad\" alt=\"K\u00ednai orvos bab\u00e1k \u2013 17-18. sz\u00e1zad\" class=\"zf-media\">\r\n\t\t\t\t\t\t\t\t\t\t<img width=\"728\" height=\"546\" src=\"https:\/\/liked.hu\/old\/wp-content\/uploads\/2018\/12\/19810715-655ca7ba-0e2b-11e7-9c72-8598c6dd35a7-1527516483-728-6b01bd1ae5-1530271659.jpg\" class=\"\" alt=\"\" loading=\"lazy\" style=\"\" srcset=\"https:\/\/liked.hu\/old\/wp-content\/uploads\/2018\/12\/19810715-655ca7ba-0e2b-11e7-9c72-8598c6dd35a7-1527516483-728-6b01bd1ae5-1530271659.jpg 728w, https:\/\/liked.hu\/old\/wp-content\/uploads\/2018\/12\/19810715-655ca7ba-0e2b-11e7-9c72-8598c6dd35a7-1527516483-728-6b01bd1ae5-1530271659-300x225.jpg 300w, https:\/\/liked.hu\/old\/wp-content\/uploads\/2018\/12\/19810715-655ca7ba-0e2b-11e7-9c72-8598c6dd35a7-1527516483-728-6b01bd1ae5-1530271659-200x150.jpg 200w, https:\/\/liked.hu\/old\/wp-content\/uploads\/2018\/12\/19810715-655ca7ba-0e2b-11e7-9c72-8598c6dd35a7-1527516483-728-6b01bd1ae5-1530271659-360x270.jpg 360w, https:\/\/liked.hu\/old\/wp-content\/uploads\/2018\/12\/19810715-655ca7ba-0e2b-11e7-9c72-8598c6dd35a7-1527516483-728-6b01bd1ae5-1530271659-545x409.jpg 545w\" sizes=\"(max-width: 728px) 100vw, 728px\" \/>\t\t\t\t\t\t\t\t\t\t\t<figcaption class=\"zf-figcaption\">\r\n\t\t\t\t\t\t\t\t\t\t\t\t\t\t\t\t\t\t\t\t\t\t\t\t<cite><\/cite>\r\n\r\n\t\t\t\t\t\t\t\t\t\t\t\t\t\t\t\t\t\t\t\t\t\t\t<\/figcaption>\r\n\t\t\t\t\t\t\t\t\t\t\t\t\t\t\t\t\t\t\t<\/div>\r\n\t\t\t\t\t\t\t\t\t<hr \/>\r\n\t\t\t\t\t\t\t\t<\/figure>\r\n\t\t\t\t\t\t\t\t\t\t\t\t\t\t\t\t<div class=\"zf-list_description\"><p>K\u00edn\u00e1ban t\u00f6bb \u00e9vsz\u00e1zadon kereszt\u00fcl csak a f\u00e9rfiak lehettek orvosok. Mivel az el\u0151kel\u0151, magas rang\u00fa h\u00f6lgy betegek nem sz\u00edvesen vetk\u0151ztek le a f\u00e9rfi orvosoknak, ez\u00e9rt ilyen speci\u00e1lis, elef\u00e1ntcsontb\u00f3l k\u00e9sz\u00fclt orvosi bab\u00e1kon mutatt\u00e1k meg, hogy mi \u00e9s hol f\u00e1j nekik.<\/p><\/div>\r\n\t\t\t\t\t\t\t\t\t\t\t\t\t<\/li>\r\n\t\t\t\t\t\t\t\t\t\t\t\t<li class=\"zf-list_item\">\r\n\t\t\t\t\t\t\t<div class=\"zf-list_header\">\r\n\t\t\t\t\t\t\t\t<h3 id=\"listaelem12\" class=\"zf-list_title\">\r\n\t\t\t\t\t\t\t\t\t<span class=\"zf-number\">12<\/span>\r\n\t\t\t\t\t\t\t\t\tRabszolgahirdet\u00e9s, 1855-b\u0151l.\t\t\t\t\t\t\t\t<\/h3>\r\n\t\t\t\t\t\t\t<\/div>\r\n\t\t\t\t\t\t\t\t\t\t\t\t\t\t\t<figure class=\"zf-list_media zf-media-wrapper zf-image zf-type-image\">\r\n\t\t\t\t\t\t\t\t\t<div title=\"Rabszolgahirdet\u00e9s, 1855-b\u0151l.\" alt=\"Rabszolgahirdet\u00e9s, 1855-b\u0151l.\" class=\"zf-media\">\r\n\t\t\t\t\t\t\t\t\t\t<img width=\"728\" height=\"1063\" src=\"https:\/\/liked.hu\/old\/wp-content\/uploads\/2018\/12\/19810665-21092_966423676741128_4852852354901028339_n-1527018468-728-1702883612-1530271659.jpg\" class=\"\" alt=\"\" loading=\"lazy\" style=\"\" srcset=\"https:\/\/liked.hu\/old\/wp-content\/uploads\/2018\/12\/19810665-21092_966423676741128_4852852354901028339_n-1527018468-728-1702883612-1530271659.jpg 728w, https:\/\/liked.hu\/old\/wp-content\/uploads\/2018\/12\/19810665-21092_966423676741128_4852852354901028339_n-1527018468-728-1702883612-1530271659-205x300.jpg 205w, https:\/\/liked.hu\/old\/wp-content\/uploads\/2018\/12\/19810665-21092_966423676741128_4852852354901028339_n-1527018468-728-1702883612-1530271659-701x1024.jpg 701w, https:\/\/liked.hu\/old\/wp-content\/uploads\/2018\/12\/19810665-21092_966423676741128_4852852354901028339_n-1527018468-728-1702883612-1530271659-360x526.jpg 360w, https:\/\/liked.hu\/old\/wp-content\/uploads\/2018\/12\/19810665-21092_966423676741128_4852852354901028339_n-1527018468-728-1702883612-1530271659-545x796.jpg 545w\" sizes=\"(max-width: 728px) 100vw, 728px\" \/>\t\t\t\t\t\t\t\t\t\t\t<figcaption class=\"zf-figcaption\">\r\n\t\t\t\t\t\t\t\t\t\t\t\t\t\t\t\t\t\t\t\t\t\t\t\t<cite><\/cite>\r\n\r\n\t\t\t\t\t\t\t\t\t\t\t\t\t\t\t\t\t\t\t\t\t\t\t<\/figcaption>\r\n\t\t\t\t\t\t\t\t\t\t\t\t\t\t\t\t\t\t\t<\/div>\r\n\t\t\t\t\t\t\t\t\t<hr \/>\r\n\t\t\t\t\t\t\t\t<\/figure>\r\n\t\t\t\t\t\t\t\t\t\t\t\t\t\t\t\t<div class=\"zf-list_description\"><p>B\u00e1rmilyen furcsa is belegondolni, de 200 \u00e9vvel ezel\u0151tt az Egyes\u00fclt \u00c1llamokban nem csak szarvasmarh\u00e1kkal \u00e9s diszn\u00f3kkal, de rabszolg\u00e1kkal is lehetett kereskedni. Az utc\u00e1kon \u00e9pp ez\u00e9rt ilyen \u00e9s ehhez hasonl\u00f3 plak\u00e1tokon hirdett\u00e9k az elad\u00f3 rabszolg\u00e1ikat az emberek.<\/p><\/div>\r\n\t\t\t\t\t\t\t\t\t\t\t\t\t<\/li>\r\n\t\t\t\t\t\t\t\t\t\t\t\t<li class=\"zf-list_item\">\r\n\t\t\t\t\t\t\t<div class=\"zf-list_header\">\r\n\t\t\t\t\t\t\t\t<h3 id=\"listaelem13\" class=\"zf-list_title\">\r\n\t\t\t\t\t\t\t\t\t<span class=\"zf-number\">13<\/span>\r\n\t\t\t\t\t\t\t\t\tMortsafe - XIX. sz\u00e1zad\t\t\t\t\t\t\t\t<\/h3>\r\n\t\t\t\t\t\t\t<\/div>\r\n\t\t\t\t\t\t\t\t\t\t\t\t\t\t\t<figure class=\"zf-list_media zf-media-wrapper zf-image zf-type-image\">\r\n\t\t\t\t\t\t\t\t\t<div title=\"Mortsafe - XIX. sz\u00e1zad\" alt=\"Mortsafe - XIX. sz\u00e1zad\" class=\"zf-media\">\r\n\t\t\t\t\t\t\t\t\t\t<img width=\"728\" height=\"335\" src=\"https:\/\/liked.hu\/old\/wp-content\/uploads\/2018\/12\/19810615-25776760-809578-3-0-1528365444-1528365456-1500-1-1528365456-728-9f640265e0-1530271659.jpg\" class=\"\" alt=\"\" loading=\"lazy\" style=\"\" srcset=\"https:\/\/liked.hu\/old\/wp-content\/uploads\/2018\/12\/19810615-25776760-809578-3-0-1528365444-1528365456-1500-1-1528365456-728-9f640265e0-1530271659.jpg 728w, https:\/\/liked.hu\/old\/wp-content\/uploads\/2018\/12\/19810615-25776760-809578-3-0-1528365444-1528365456-1500-1-1528365456-728-9f640265e0-1530271659-300x138.jpg 300w, https:\/\/liked.hu\/old\/wp-content\/uploads\/2018\/12\/19810615-25776760-809578-3-0-1528365444-1528365456-1500-1-1528365456-728-9f640265e0-1530271659-360x166.jpg 360w, https:\/\/liked.hu\/old\/wp-content\/uploads\/2018\/12\/19810615-25776760-809578-3-0-1528365444-1528365456-1500-1-1528365456-728-9f640265e0-1530271659-545x251.jpg 545w\" sizes=\"(max-width: 728px) 100vw, 728px\" \/>\t\t\t\t\t\t\t\t\t\t\t<figcaption class=\"zf-figcaption\">\r\n\t\t\t\t\t\t\t\t\t\t\t\t\t\t\t\t\t\t\t\t\t\t\t\t<cite><\/cite>\r\n\r\n\t\t\t\t\t\t\t\t\t\t\t\t\t\t\t\t\t\t\t\t\t\t\t<\/figcaption>\r\n\t\t\t\t\t\t\t\t\t\t\t\t\t\t\t\t\t\t\t<\/div>\r\n\t\t\t\t\t\t\t\t\t<hr \/>\r\n\t\t\t\t\t\t\t\t<\/figure>\r\n\t\t\t\t\t\t\t\t\t\t\t\t\t\t\t\t<div class=\"zf-list_description\"><p>B\u00e1r \u00fagy t\u0171nik, minthogyha ezeket a vasb\u00f3l k\u00e9sz\u00fclt Mortsafe-n\u00e9vre keresztelt r\u00e1csokat az\u00e9rt hozt\u00e1k volna l\u00e9tre, hogy a f\u00f6ldben tarts\u00e1k a halottakat, val\u00f3j\u00e1ban nem ez \u00e1ll a h\u00e1tt\u00e9rben. Ezeket a vas kopors\u00f3kat az\u00e9rt tett\u00e9k a s\u00edrok f\u00f6l\u00e9, hogy megakad\u00e1lyozz\u00e1k az emberrabl\u00f3kat, akik sokszor ki\u00e1st\u00e1k a holttesteket, hogy elrabolj\u00e1k a hull\u00e1k mell\u00e9 temetett \u00e9rt\u00e9keket.<\/p><\/div>\r\n\t\t\t\t\t\t\t\t\t\t\t\t\t<\/li>\r\n\t\t\t\t\t\t\t\t\t\t\t\t<li class=\"zf-list_item\">\r\n\t\t\t\t\t\t\t<div class=\"zf-list_header\">\r\n\t\t\t\t\t\t\t\t<h3 id=\"listaelem14\" class=\"zf-list_title\">\r\n\t\t\t\t\t\t\t\t\t<span class=\"zf-number\">14<\/span>\r\n\t\t\t\t\t\t\t\t\tHalottasmotor.\t\t\t\t\t\t\t\t<\/h3>\r\n\t\t\t\t\t\t\t<\/div>\r\n\t\t\t\t\t\t\t\t\t\t\t\t\t\t\t<figure class=\"zf-list_media zf-media-wrapper zf-image zf-type-image\">\r\n\t\t\t\t\t\t\t\t\t<div title=\"Halottasmotor.\" alt=\"Halottasmotor.\" class=\"zf-media\">\r\n\t\t\t\t\t\t\t\t\t\t<img width=\"728\" height=\"484\" src=\"https:\/\/liked.hu\/old\/wp-content\/uploads\/2018\/12\/19810515-11027437_1582576355316540_2514745246025272070_n-1527015814-728-5ddd810320-1530271659.jpg\" class=\"\" alt=\"\" loading=\"lazy\" style=\"\" srcset=\"https:\/\/liked.hu\/old\/wp-content\/uploads\/2018\/12\/19810515-11027437_1582576355316540_2514745246025272070_n-1527015814-728-5ddd810320-1530271659.jpg 728w, https:\/\/liked.hu\/old\/wp-content\/uploads\/2018\/12\/19810515-11027437_1582576355316540_2514745246025272070_n-1527015814-728-5ddd810320-1530271659-300x199.jpg 300w, https:\/\/liked.hu\/old\/wp-content\/uploads\/2018\/12\/19810515-11027437_1582576355316540_2514745246025272070_n-1527015814-728-5ddd810320-1530271659-360x239.jpg 360w, https:\/\/liked.hu\/old\/wp-content\/uploads\/2018\/12\/19810515-11027437_1582576355316540_2514745246025272070_n-1527015814-728-5ddd810320-1530271659-545x362.jpg 545w\" sizes=\"(max-width: 728px) 100vw, 728px\" \/>\t\t\t\t\t\t\t\t\t\t\t<figcaption class=\"zf-figcaption\">\r\n\t\t\t\t\t\t\t\t\t\t\t\t\t\t\t\t\t\t\t\t\t\t\t\t<cite><\/cite>\r\n\r\n\t\t\t\t\t\t\t\t\t\t\t\t\t\t\t\t\t\t\t\t\t\t\t<\/figcaption>\r\n\t\t\t\t\t\t\t\t\t\t\t\t\t\t\t\t\t\t\t<\/div>\r\n\t\t\t\t\t\t\t\t\t<hr \/>\r\n\t\t\t\t\t\t\t\t<\/figure>\r\n\t\t\t\t\t\t\t\t\t\t\t\t\t\t\t\t<div class=\"zf-list_description\"><p>Az amerikai Norfolk megye egyik lak\u00f3ja olcs\u00f3 \u00e9s egyszer\u0171 m\u00f3dszert akart tal\u00e1lni az elhunytak temet\u0151be sz\u00e1ll\u00edt\u00e1s\u00e1ra, ezr\u00e9t nemes egyszer\u0171s\u00e9ggel egy kopors\u00f3t er\u0151s\u00edtett egy Norton-motorker\u00e9kp\u00e1r oldal\u00e1ra. Olyan nagy sikernek \u00f6rvendett a tal\u00e1lm\u00e1nya, hogy a motorker\u00e9kp\u00e1r-gy\u00e1rt\u00f3k saj\u00e1t halottasmotorokat kezdtek gy\u00e1rtani, ami v\u00e9g\u00fcl t\u00f6nkre is tette az \u00f6tlet eredeti gazd\u00e1j\u00e1t, mivel az emberek nem tartott\u00e1k el\u00e9g biztons\u00e1gosnak az<span>&nbsp;\u00e1ltala \u00f6sszet\u00e1kolt j\u00e1rm\u0171veket<\/span>.<\/p><\/div>\r\n\t\t\t\t\t\t\t\t\t\t\t\t\t<\/li>\r\n\t\t\t\t\t\t\t\t\t<\/ol>\r\n\t\t<\/div>\r\n\t<\/div>\r\n\r\n\t<\/div>\n","protected":false},"excerpt":{"rendered":"<p>A vil\u00e1g legtehets\u00e9gesebb r\u00e9g\u00e9szei \u00e9jt-nappall\u00e1 t\u00e9ve azon dolgoznak, hogy \u00fajabb \u00e9s \u00fajabb \u00e9rdekess\u00e9geket siker\u00fclj\u00f6n felder\u00edteni\u00fck az emberis\u00e9g m\u00faltj\u00e1val kapcsolatban. Megesik persze, hogy ezek a felfedez\u00e9sek nem \u00e9pp olyan sz\u00edvder\u00edt\u0151ek, mint v\u00e1rn\u00e1nk \u2013 de h\u00e1t nincs mit tenni, ett\u0151l m\u00e9g ugyan\u00fagy a m\u00faltunk r\u00e9sz\u00e9t k\u00e9pezik. \u00c9pp \u00fagy, mint a most k\u00f6vetkez\u0151 \u00e9rdekes leletek \u00e9s eml\u00e9kek, melyeknek [&hellip;]<\/p>\n","protected":false},"author":1,"featured_media":124228,"comment_status":"open","ping_status":"closed","sticky":false,"template":"","format":"standard","meta":{"buzzeditor_post_format":""},"categories":[23],"tags":[626,6397,6394,6395,6393,6396,6398,2655],"yoast_head":"<!-- This site is optimized with the Yoast SEO plugin v19.6.1 - https:\/\/yoast.com\/wordpress\/plugins\/seo\/ -->\n<title>14 furcsa t\u00e1rgy a m\u00faltb\u00f3l, aminek a l\u00e1tv\u00e1ny\u00e1t\u00f3l is a hideg futkos a h\u00e1tunkon<\/title>\n<meta name=\"description\" content=\"A vil\u00e1g legtehets\u00e9gesebb r\u00e9g\u00e9szei \u00e9jt-nappall\u00e1 t\u00e9ve azon dolgoznak, hogy \u00fajabb \u00e9s \u00fajabb \u00e9rdekess\u00e9geket siker\u00fclj\u00f6n felder\u00edteni\u00fck az emberis\u00e9g m\u00faltj\u00e1val\" \/>\n<meta name=\"robots\" content=\"index, follow, max-snippet:-1, max-image-preview:large, max-video-preview:-1\" \/>\n<link rel=\"canonical\" href=\"https:\/\/liked.hu\/old\/erdekes\/14-furcsa-targy-a-multbol-aminek-a-latvanyatol-is-a-hideg-futkos-a-hatunkon\/\" \/>\n<link rel=\"next\" href=\"https:\/\/liked.hu\/old\/erdekes\/14-furcsa-targy-a-multbol-aminek-a-latvanyatol-is-a-hideg-futkos-a-hatunkon\/2\/\" \/>\n<meta property=\"og:locale\" content=\"hu_HU\" \/>\n<meta property=\"og:type\" content=\"article\" \/>\n<meta property=\"og:title\" content=\"14 furcsa t\u00e1rgy a m\u00faltb\u00f3l, aminek a l\u00e1tv\u00e1ny\u00e1t\u00f3l is a hideg futkos a h\u00e1tunkon\" \/>\n<meta property=\"og:description\" content=\"A vil\u00e1g legtehets\u00e9gesebb r\u00e9g\u00e9szei \u00e9jt-nappall\u00e1 t\u00e9ve azon dolgoznak, hogy \u00fajabb \u00e9s \u00fajabb \u00e9rdekess\u00e9geket siker\u00fclj\u00f6n felder\u00edteni\u00fck az emberis\u00e9g m\u00faltj\u00e1val\" \/>\n<meta property=\"og:url\" content=\"https:\/\/liked.hu\/old\/erdekes\/14-furcsa-targy-a-multbol-aminek-a-latvanyatol-is-a-hideg-futkos-a-hatunkon\/\" \/>\n<meta property=\"og:site_name\" content=\"Liked.hu\" \/>\n<meta property=\"article:publisher\" content=\"https:\/\/www.facebook.com\/liked.hu\" \/>\n<meta property=\"article:author\" content=\"https:\/\/facebook.com\/liked.hu\" \/>\n<meta property=\"article:published_time\" content=\"2018-12-29T20:29:34+00:00\" \/>\n<meta property=\"article:modified_time\" content=\"2022-09-05T16:44:50+00:00\" \/>\n<meta property=\"og:image\" content=\"https:\/\/liked.hu\/old\/wp-content\/uploads\/2018\/12\/Furcsa-es-ijeszto-targyak.jpg\" \/>\n\t<meta property=\"og:image:width\" content=\"1200\" \/>\n\t<meta property=\"og:image:height\" content=\"630\" \/>\n\t<meta property=\"og:image:type\" content=\"image\/jpeg\" \/>\n<meta name=\"author\" content=\"VictorN.\" \/>\n<meta name=\"twitter:card\" content=\"summary\" \/>\n<meta name=\"twitter:creator\" content=\"@https:\/\/twitter.com\/likedhu\" \/>\n<meta name=\"twitter:site\" content=\"@LikedHu\" \/>\n<meta name=\"twitter:label1\" content=\"Szerz\u0151:\" \/>\n\t<meta name=\"twitter:data1\" content=\"VictorN.\" \/>\n\t<meta name=\"twitter:label2\" content=\"Becs\u00fclt olvas\u00e1si id\u0151\" \/>\n\t<meta name=\"twitter:data2\" content=\"1 perc\" \/>\n<script type=\"application\/ld+json\" class=\"yoast-schema-graph\">{\"@context\":\"https:\/\/schema.org\",\"@graph\":[{\"@type\":\"Article\",\"@id\":\"https:\/\/liked.hu\/old\/erdekes\/14-furcsa-targy-a-multbol-aminek-a-latvanyatol-is-a-hideg-futkos-a-hatunkon\/#article\",\"isPartOf\":{\"@id\":\"https:\/\/liked.hu\/old\/erdekes\/14-furcsa-targy-a-multbol-aminek-a-latvanyatol-is-a-hideg-futkos-a-hatunkon\/\"},\"author\":{\"name\":\"VictorN.\",\"@id\":\"https:\/\/liked.hu\/old\/#\/schema\/person\/02fa522b959d0531c9c34b0d531a7464\"},\"headline\":\"14 furcsa t\u00e1rgy a m\u00faltb\u00f3l, aminek a l\u00e1tv\u00e1ny\u00e1t\u00f3l is a hideg futkos a h\u00e1tunkon\",\"datePublished\":\"2018-12-29T20:29:34+00:00\",\"dateModified\":\"2022-09-05T16:44:50+00:00\",\"mainEntityOfPage\":{\"@id\":\"https:\/\/liked.hu\/old\/erdekes\/14-furcsa-targy-a-multbol-aminek-a-latvanyatol-is-a-hideg-futkos-a-hatunkon\/\"},\"wordCount\":129,\"commentCount\":0,\"publisher\":{\"@id\":\"https:\/\/liked.hu\/old\/#organization\"},\"keywords\":[\"emberis\u00e9g\",\"emberis\u00e9g t\u00f6rt\u00e9nelme\",\"furcsa felfedez\u00e9s\",\"furcsa r\u00e9g\u00e9szet\",\"furcsa t\u00e1rgy\",\"ijeszt\u0151 r\u00e9g\u00e9szeti felfedez\u00e9s\",\"ijeszt\u0151 t\u00f6rt\u00e9nelem\",\"t\u00f6rt\u00e9nelem\"],\"articleSection\":[\"\u00c9rdekess\u00e9gek\"],\"inLanguage\":\"hu\",\"potentialAction\":[{\"@type\":\"CommentAction\",\"name\":\"Comment\",\"target\":[\"https:\/\/liked.hu\/old\/erdekes\/14-furcsa-targy-a-multbol-aminek-a-latvanyatol-is-a-hideg-futkos-a-hatunkon\/#respond\"]}]},{\"@type\":\"WebPage\",\"@id\":\"https:\/\/liked.hu\/old\/erdekes\/14-furcsa-targy-a-multbol-aminek-a-latvanyatol-is-a-hideg-futkos-a-hatunkon\/\",\"url\":\"https:\/\/liked.hu\/old\/erdekes\/14-furcsa-targy-a-multbol-aminek-a-latvanyatol-is-a-hideg-futkos-a-hatunkon\/\",\"name\":\"14 furcsa t\u00e1rgy a m\u00faltb\u00f3l, aminek a l\u00e1tv\u00e1ny\u00e1t\u00f3l is a hideg futkos a h\u00e1tunkon\",\"isPartOf\":{\"@id\":\"https:\/\/liked.hu\/old\/#website\"},\"datePublished\":\"2018-12-29T20:29:34+00:00\",\"dateModified\":\"2022-09-05T16:44:50+00:00\",\"description\":\"A vil\u00e1g legtehets\u00e9gesebb r\u00e9g\u00e9szei \u00e9jt-nappall\u00e1 t\u00e9ve azon dolgoznak, hogy \u00fajabb \u00e9s \u00fajabb \u00e9rdekess\u00e9geket siker\u00fclj\u00f6n felder\u00edteni\u00fck az emberis\u00e9g m\u00faltj\u00e1val\",\"breadcrumb\":{\"@id\":\"https:\/\/liked.hu\/old\/erdekes\/14-furcsa-targy-a-multbol-aminek-a-latvanyatol-is-a-hideg-futkos-a-hatunkon\/#breadcrumb\"},\"inLanguage\":\"hu\",\"potentialAction\":[{\"@type\":\"ReadAction\",\"target\":[\"https:\/\/liked.hu\/old\/erdekes\/14-furcsa-targy-a-multbol-aminek-a-latvanyatol-is-a-hideg-futkos-a-hatunkon\/\"]}]},{\"@type\":\"BreadcrumbList\",\"@id\":\"https:\/\/liked.hu\/old\/erdekes\/14-furcsa-targy-a-multbol-aminek-a-latvanyatol-is-a-hideg-futkos-a-hatunkon\/#breadcrumb\",\"itemListElement\":[{\"@type\":\"ListItem\",\"position\":1,\"name\":\"Kezd\u0151lap\"}]},{\"@type\":\"WebSite\",\"@id\":\"https:\/\/liked.hu\/old\/#website\",\"url\":\"https:\/\/liked.hu\/old\/\",\"name\":\"Liked.hu\",\"description\":\"\",\"publisher\":{\"@id\":\"https:\/\/liked.hu\/old\/#organization\"},\"potentialAction\":[{\"@type\":\"SearchAction\",\"target\":{\"@type\":\"EntryPoint\",\"urlTemplate\":\"https:\/\/liked.hu\/old\/?s={search_term_string}\"},\"query-input\":\"required name=search_term_string\"}],\"inLanguage\":\"hu\"},{\"@type\":\"Organization\",\"@id\":\"https:\/\/liked.hu\/old\/#organization\",\"name\":\"Liked.hu\",\"url\":\"https:\/\/liked.hu\/old\/\",\"sameAs\":[\"https:\/\/hu.pinterest.com\/likedhungary\/\",\"https:\/\/www.youtube.com\/channel\/UCPv91dbMoIukYcM9b9nHN6Q\",\"https:\/\/www.facebook.com\/liked.hu\",\"https:\/\/twitter.com\/LikedHu\"],\"logo\":{\"@type\":\"ImageObject\",\"inLanguage\":\"hu\",\"@id\":\"https:\/\/liked.hu\/old\/#\/schema\/logo\/image\/\",\"url\":\"https:\/\/liked.hu\/wp-content\/uploads\/2018\/08\/Liked-icon.png\",\"contentUrl\":\"https:\/\/liked.hu\/wp-content\/uploads\/2018\/08\/Liked-icon.png\",\"width\":512,\"height\":512,\"caption\":\"Liked.hu\"},\"image\":{\"@id\":\"https:\/\/liked.hu\/old\/#\/schema\/logo\/image\/\"}},{\"@type\":\"Person\",\"@id\":\"https:\/\/liked.hu\/old\/#\/schema\/person\/02fa522b959d0531c9c34b0d531a7464\",\"name\":\"VictorN.\",\"image\":{\"@type\":\"ImageObject\",\"inLanguage\":\"hu\",\"@id\":\"https:\/\/liked.hu\/old\/#\/schema\/person\/image\/\",\"url\":\"https:\/\/liked.hu\/old\/wp-content\/uploads\/avatars\/1\/1683660043-bpfull.jpg\",\"contentUrl\":\"https:\/\/liked.hu\/old\/wp-content\/uploads\/avatars\/1\/1683660043-bpfull.jpg\",\"caption\":\"VictorN.\"},\"description\":\"A Liked.hu szerkeszt\u0151je vagyok, m\u00e1r az id\u0151k kezdete \u00f3ta. Szabadid\u0151mben Jedi lovag \u00e9s Pok\u00e9mester. Puszilom \u00e9desany\u00e1mat.\",\"sameAs\":[\"https:\/\/liked.hu\",\"https:\/\/facebook.com\/liked.hu\",\"https:\/\/www.instagram.com\/likedhu\/\",\"https:\/\/pinterest.com\/likedhu\",\"https:\/\/twitter.com\/https:\/\/twitter.com\/likedhu\",\"https:\/\/www.youtube.com\/channel\/UCPv91dbMoIukYcM9b9nHN6Q\"],\"url\":\"https:\/\/liked.hu\/old\/u\/victorn\/\"}]}<\/script>\n<!-- \/ Yoast SEO plugin. -->","yoast_head_json":{"title":"14 furcsa t\u00e1rgy a m\u00faltb\u00f3l, aminek a l\u00e1tv\u00e1ny\u00e1t\u00f3l is a hideg futkos a h\u00e1tunkon","description":"A vil\u00e1g legtehets\u00e9gesebb r\u00e9g\u00e9szei \u00e9jt-nappall\u00e1 t\u00e9ve azon dolgoznak, hogy \u00fajabb \u00e9s \u00fajabb \u00e9rdekess\u00e9geket siker\u00fclj\u00f6n felder\u00edteni\u00fck az emberis\u00e9g m\u00faltj\u00e1val","robots":{"index":"index","follow":"follow","max-snippet":"max-snippet:-1","max-image-preview":"max-image-preview:large","max-video-preview":"max-video-preview:-1"},"canonical":"https:\/\/liked.hu\/old\/erdekes\/14-furcsa-targy-a-multbol-aminek-a-latvanyatol-is-a-hideg-futkos-a-hatunkon\/","next":"https:\/\/liked.hu\/old\/erdekes\/14-furcsa-targy-a-multbol-aminek-a-latvanyatol-is-a-hideg-futkos-a-hatunkon\/2\/","og_locale":"hu_HU","og_type":"article","og_title":"14 furcsa t\u00e1rgy a m\u00faltb\u00f3l, aminek a l\u00e1tv\u00e1ny\u00e1t\u00f3l is a hideg futkos a h\u00e1tunkon","og_description":"A vil\u00e1g legtehets\u00e9gesebb r\u00e9g\u00e9szei \u00e9jt-nappall\u00e1 t\u00e9ve azon dolgoznak, hogy \u00fajabb \u00e9s \u00fajabb \u00e9rdekess\u00e9geket siker\u00fclj\u00f6n felder\u00edteni\u00fck az emberis\u00e9g m\u00faltj\u00e1val","og_url":"https:\/\/liked.hu\/old\/erdekes\/14-furcsa-targy-a-multbol-aminek-a-latvanyatol-is-a-hideg-futkos-a-hatunkon\/","og_site_name":"Liked.hu","article_publisher":"https:\/\/www.facebook.com\/liked.hu","article_author":"https:\/\/facebook.com\/liked.hu","article_published_time":"2018-12-29T20:29:34+00:00","article_modified_time":"2022-09-05T16:44:50+00:00","og_image":[{"width":1200,"height":630,"url":"https:\/\/liked.hu\/old\/wp-content\/uploads\/2018\/12\/Furcsa-es-ijeszto-targyak.jpg","type":"image\/jpeg"}],"author":"VictorN.","twitter_card":"summary","twitter_creator":"@https:\/\/twitter.com\/likedhu","twitter_site":"@LikedHu","twitter_misc":{"Szerz\u0151:":"VictorN.","Becs\u00fclt olvas\u00e1si id\u0151":"1 perc"},"schema":{"@context":"https:\/\/schema.org","@graph":[{"@type":"Article","@id":"https:\/\/liked.hu\/old\/erdekes\/14-furcsa-targy-a-multbol-aminek-a-latvanyatol-is-a-hideg-futkos-a-hatunkon\/#article","isPartOf":{"@id":"https:\/\/liked.hu\/old\/erdekes\/14-furcsa-targy-a-multbol-aminek-a-latvanyatol-is-a-hideg-futkos-a-hatunkon\/"},"author":{"name":"VictorN.","@id":"https:\/\/liked.hu\/old\/#\/schema\/person\/02fa522b959d0531c9c34b0d531a7464"},"headline":"14 furcsa t\u00e1rgy a m\u00faltb\u00f3l, aminek a l\u00e1tv\u00e1ny\u00e1t\u00f3l is a hideg futkos a h\u00e1tunkon","datePublished":"2018-12-29T20:29:34+00:00","dateModified":"2022-09-05T16:44:50+00:00","mainEntityOfPage":{"@id":"https:\/\/liked.hu\/old\/erdekes\/14-furcsa-targy-a-multbol-aminek-a-latvanyatol-is-a-hideg-futkos-a-hatunkon\/"},"wordCount":129,"commentCount":0,"publisher":{"@id":"https:\/\/liked.hu\/old\/#organization"},"keywords":["emberis\u00e9g","emberis\u00e9g t\u00f6rt\u00e9nelme","furcsa felfedez\u00e9s","furcsa r\u00e9g\u00e9szet","furcsa t\u00e1rgy","ijeszt\u0151 r\u00e9g\u00e9szeti felfedez\u00e9s","ijeszt\u0151 t\u00f6rt\u00e9nelem","t\u00f6rt\u00e9nelem"],"articleSection":["\u00c9rdekess\u00e9gek"],"inLanguage":"hu","potentialAction":[{"@type":"CommentAction","name":"Comment","target":["https:\/\/liked.hu\/old\/erdekes\/14-furcsa-targy-a-multbol-aminek-a-latvanyatol-is-a-hideg-futkos-a-hatunkon\/#respond"]}]},{"@type":"WebPage","@id":"https:\/\/liked.hu\/old\/erdekes\/14-furcsa-targy-a-multbol-aminek-a-latvanyatol-is-a-hideg-futkos-a-hatunkon\/","url":"https:\/\/liked.hu\/old\/erdekes\/14-furcsa-targy-a-multbol-aminek-a-latvanyatol-is-a-hideg-futkos-a-hatunkon\/","name":"14 furcsa t\u00e1rgy a m\u00faltb\u00f3l, aminek a l\u00e1tv\u00e1ny\u00e1t\u00f3l is a hideg futkos a h\u00e1tunkon","isPartOf":{"@id":"https:\/\/liked.hu\/old\/#website"},"datePublished":"2018-12-29T20:29:34+00:00","dateModified":"2022-09-05T16:44:50+00:00","description":"A vil\u00e1g legtehets\u00e9gesebb r\u00e9g\u00e9szei \u00e9jt-nappall\u00e1 t\u00e9ve azon dolgoznak, hogy \u00fajabb \u00e9s \u00fajabb \u00e9rdekess\u00e9geket siker\u00fclj\u00f6n felder\u00edteni\u00fck az emberis\u00e9g m\u00faltj\u00e1val","breadcrumb":{"@id":"https:\/\/liked.hu\/old\/erdekes\/14-furcsa-targy-a-multbol-aminek-a-latvanyatol-is-a-hideg-futkos-a-hatunkon\/#breadcrumb"},"inLanguage":"hu","potentialAction":[{"@type":"ReadAction","target":["https:\/\/liked.hu\/old\/erdekes\/14-furcsa-targy-a-multbol-aminek-a-latvanyatol-is-a-hideg-futkos-a-hatunkon\/"]}]},{"@type":"BreadcrumbList","@id":"https:\/\/liked.hu\/old\/erdekes\/14-furcsa-targy-a-multbol-aminek-a-latvanyatol-is-a-hideg-futkos-a-hatunkon\/#breadcrumb","itemListElement":[{"@type":"ListItem","position":1,"name":"Kezd\u0151lap"}]},{"@type":"WebSite","@id":"https:\/\/liked.hu\/old\/#website","url":"https:\/\/liked.hu\/old\/","name":"Liked.hu","description":"","publisher":{"@id":"https:\/\/liked.hu\/old\/#organization"},"potentialAction":[{"@type":"SearchAction","target":{"@type":"EntryPoint","urlTemplate":"https:\/\/liked.hu\/old\/?s={search_term_string}"},"query-input":"required name=search_term_string"}],"inLanguage":"hu"},{"@type":"Organization","@id":"https:\/\/liked.hu\/old\/#organization","name":"Liked.hu","url":"https:\/\/liked.hu\/old\/","sameAs":["https:\/\/hu.pinterest.com\/likedhungary\/","https:\/\/www.youtube.com\/channel\/UCPv91dbMoIukYcM9b9nHN6Q","https:\/\/www.facebook.com\/liked.hu","https:\/\/twitter.com\/LikedHu"],"logo":{"@type":"ImageObject","inLanguage":"hu","@id":"https:\/\/liked.hu\/old\/#\/schema\/logo\/image\/","url":"https:\/\/liked.hu\/wp-content\/uploads\/2018\/08\/Liked-icon.png","contentUrl":"https:\/\/liked.hu\/wp-content\/uploads\/2018\/08\/Liked-icon.png","width":512,"height":512,"caption":"Liked.hu"},"image":{"@id":"https:\/\/liked.hu\/old\/#\/schema\/logo\/image\/"}},{"@type":"Person","@id":"https:\/\/liked.hu\/old\/#\/schema\/person\/02fa522b959d0531c9c34b0d531a7464","name":"VictorN.","image":{"@type":"ImageObject","inLanguage":"hu","@id":"https:\/\/liked.hu\/old\/#\/schema\/person\/image\/","url":"https:\/\/liked.hu\/old\/wp-content\/uploads\/avatars\/1\/1683660043-bpfull.jpg","contentUrl":"https:\/\/liked.hu\/old\/wp-content\/uploads\/avatars\/1\/1683660043-bpfull.jpg","caption":"VictorN."},"description":"A Liked.hu szerkeszt\u0151je vagyok, m\u00e1r az id\u0151k kezdete \u00f3ta. Szabadid\u0151mben Jedi lovag \u00e9s Pok\u00e9mester. Puszilom \u00e9desany\u00e1mat.","sameAs":["https:\/\/liked.hu","https:\/\/facebook.com\/liked.hu","https:\/\/www.instagram.com\/likedhu\/","https:\/\/pinterest.com\/likedhu","https:\/\/twitter.com\/https:\/\/twitter.com\/likedhu","https:\/\/www.youtube.com\/channel\/UCPv91dbMoIukYcM9b9nHN6Q"],"url":"https:\/\/liked.hu\/old\/u\/victorn\/"}]}},"publishpress_future_action":{"enabled":false,"date":"1970-01-01 01:00:00","action":"","terms":[],"taxonomy":"","browser_timezone_offset":0},"_links":{"self":[{"href":"https:\/\/liked.hu\/old\/wp-json\/wp\/v2\/posts\/124226"}],"collection":[{"href":"https:\/\/liked.hu\/old\/wp-json\/wp\/v2\/posts"}],"about":[{"href":"https:\/\/liked.hu\/old\/wp-json\/wp\/v2\/types\/post"}],"author":[{"embeddable":true,"href":"https:\/\/liked.hu\/old\/wp-json\/wp\/v2\/users\/1"}],"replies":[{"embeddable":true,"href":"https:\/\/liked.hu\/old\/wp-json\/wp\/v2\/comments?post=124226"}],"version-history":[{"count":0,"href":"https:\/\/liked.hu\/old\/wp-json\/wp\/v2\/posts\/124226\/revisions"}],"wp:featuredmedia":[{"embeddable":true,"href":"https:\/\/liked.hu\/old\/wp-json\/wp\/v2\/media\/124228"}],"wp:attachment":[{"href":"https:\/\/liked.hu\/old\/wp-json\/wp\/v2\/media?parent=124226"}],"wp:term":[{"taxonomy":"category","embeddable":true,"href":"https:\/\/liked.hu\/old\/wp-json\/wp\/v2\/categories?post=124226"},{"taxonomy":"post_tag","embeddable":true,"href":"https:\/\/liked.hu\/old\/wp-json\/wp\/v2\/tags?post=124226"}],"curies":[{"name":"wp","href":"https:\/\/api.w.org\/{rel}","templated":true}]}}