{"id":123513,"date":"2019-09-11T21:40:39","date_gmt":"2019-09-11T19:40:39","guid":{"rendered":"https:\/\/liked.hu\/old\/?p=123513"},"modified":"2022-09-06T11:30:52","modified_gmt":"2022-09-06T09:30:52","slug":"15-erdekes-reszlet-a-kedvenc-filmjeinkbol-amit-valamiert-sosem-vettunk-eszre-korabban","status":"publish","type":"post","link":"https:\/\/liked.hu\/old\/erdekes\/15-erdekes-reszlet-a-kedvenc-filmjeinkbol-amit-valamiert-sosem-vettunk-eszre-korabban\/","title":{"rendered":"15 \u00e9rdekes r\u00e9szlet a kedvenc filmjeinkb\u0151l, amit valami\u00e9rt sosem vett\u00fcnk \u00e9szre kor\u00e1bban"},"content":{"rendered":"<p>N\u00e9z\u0151k\u00e9nt \u00e1ltal\u00e1ban minden rejtett apr\u00f3s\u00e1g \u00e9rdekel benn\u00fcnket a kedvenc filmjeinkkel kapcsolatban, a k\u00e9perny\u0151 el\u0151tt \u00fclve azonban m\u00e9gis \u00e1tsiklunk olykor n\u00e9h\u00e1ny rendk\u00edv\u00fcl fontos jellemz\u0151n.<\/p>\n\n<div style=\"float:none;margin:0px 0 0px 0;text-align:center;\">\n<div class=\"mobileShowkakettes\"><div class=\"mobileShowka2\"><div style=\"padding-top:0px;padding-bottom:15px;min-height: 300px;\"><div class=\"hirdetes\">HIRDET\u00c9S<\/div>\n<!-- 300lista -->\n<ins class=\"adsbygoogle\"\n     style=\"display:inline-block;width:300px;height:250px\"\n     data-ad-client=\"ca-pub-9424088931673893\"\n     data-ad-slot=\"8471340766\"><\/ins>\n<script async>\n     (adsbygoogle = window.adsbygoogle || []).push({});\n<\/script><\/div><\/div><\/div><\/div>\n\n<p>\u00c9szrevetted m\u00e1r p\u00e9ld\u00e1ul a Reszkessetek bet\u00f6r\u0151k c\u00edm\u0171 film pazarul fel\u00e9p\u00edtett kar\u00e1csonyi sz\u00ednvil\u00e1g\u00e1t? Tudod, hogy mi a kapcsolat a J\u00f3bar\u00e1tok c\u00edm\u0171 sorozat \u00e9s a P\u00f3kember c\u00edm\u0171 film k\u00f6z\u00f6tt? Nem? Akkor az al\u00e1bbi \u00e9rdekess\u00e9gek val\u00f3sz\u00edn\u0171leg sz\u00e1modra is tartogatnak \u00fajdons\u00e1gokat.<\/p>\n<div id=\"zombify-main-section-front\" class=\"zombify-main-section-front zombify-screen zf-media-full\">\r\n\t<link rel=\"stylesheet\" type=\"text\/css\" href=\"https:\/\/liked.hu\/old\/js\/zombify.css\">\r\n    <link rel=\"stylesheet\" type=\"text\/css\" href=\"https:\/\/liked.hu\/old\/wp-content\/themes\/newsy-child\/style.css\">\r\n\t<div class=\"zf-container\">\r\n\t\t<div id=\"zf-list\" class=\"zf-list zf-numbered\">\r\n\t\t\t<ol class=\"zf-structure-list\">\r\n\t\t\t\t\t\t\t\t\t\t<li class=\"zf-list_item\">\r\n\t\t\t\t\t\t\t<div class=\"zf-list_header\">\r\n\t\t\t\t\t\t\t\t<h3 id=\"listaelem1\" class=\"zf-list_title\">\r\n\t\t\t\t\t\t\t\t\t<span class=\"zf-number\">1<\/span>\r\n\t\t\t\t\t\t\t\t\tReszkessetek bet\u00f6r\u0151k! dekor\u00e1ci\u00f3.\t\t\t\t\t\t\t\t<\/h3>\r\n\t\t\t\t\t\t\t<\/div>\r\n\t\t\t\t\t\t\t\t\t\t\t\t\t\t\t<figure class=\"zf-list_media zf-media-wrapper zf-image zf-type-image\">\r\n\t\t\t\t\t\t\t\t\t<div title=\"Reszkessetek bet\u00f6r\u0151k! dekor\u00e1ci\u00f3.\" alt=\"Reszkessetek bet\u00f6r\u0151k! dekor\u00e1ci\u00f3.\" class=\"zf-media\">\r\n\t\t\t\t\t\t\t\t\t\t<img width=\"728\" height=\"792\" src=\"https:\/\/liked.hu\/old\/wp-content\/uploads\/2018\/12\/30326715-43220810-a11ad431a7818a3a443e41de70c3bf798d1b4c70-1500-1-1545766718-728-da291f6f5d-1545922223.jpg\" class=\"\" alt=\"\" loading=\"lazy\" style=\"\" srcset=\"https:\/\/liked.hu\/old\/wp-content\/uploads\/2018\/12\/30326715-43220810-a11ad431a7818a3a443e41de70c3bf798d1b4c70-1500-1-1545766718-728-da291f6f5d-1545922223.jpg 728w, https:\/\/liked.hu\/old\/wp-content\/uploads\/2018\/12\/30326715-43220810-a11ad431a7818a3a443e41de70c3bf798d1b4c70-1500-1-1545766718-728-da291f6f5d-1545922223-276x300.jpg 276w, https:\/\/liked.hu\/old\/wp-content\/uploads\/2018\/12\/30326715-43220810-a11ad431a7818a3a443e41de70c3bf798d1b4c70-1500-1-1545766718-728-da291f6f5d-1545922223-360x392.jpg 360w, https:\/\/liked.hu\/old\/wp-content\/uploads\/2018\/12\/30326715-43220810-a11ad431a7818a3a443e41de70c3bf798d1b4c70-1500-1-1545766718-728-da291f6f5d-1545922223-545x593.jpg 545w\" sizes=\"(max-width: 728px) 100vw, 728px\" \/>\t\t\t\t\t\t\t\t\t\t\t<figcaption class=\"zf-figcaption\">\r\n\t\t\t\t\t\t\t\t\t\t\t\t\t\t\t\t\t\t\t\t\t\t\t\t<cite><\/cite>\r\n\r\n\t\t\t\t\t\t\t\t\t\t\t\t\t\t\t\t\t\t\t\t\t\t\t<\/figcaption>\r\n\t\t\t\t\t\t\t\t\t\t\t\t\t\t\t\t\t\t\t<\/div>\r\n\t\t\t\t\t\t\t\t\t<hr \/>\r\n\t\t\t\t\t\t\t\t<\/figure>\r\n\t\t\t\t\t\t\t\t\t\t\t\t\t\t\t\t<div class=\"zf-list_description\"><p>Mindannyiunk kedvenc kar\u00e1csonyi filmj\u00e9ben, a Reszkessetek bet\u00f6r\u0151k c\u00edm\u0171 filmben van egy \u00e9rdekes aprop\u00f3, amire Claire Railey \u00fajs\u00e1g\u00edr\u00f3 lett figyelmes. Az \u00fajs\u00e1g\u00edr\u00f3 \u00e9szrevette, hogy a film rendez\u0151i m\u00e1r az els\u0151 jelenett\u0151l kezdve mindent a kar\u00e1csonyra jellemz\u0151 domin\u00e1ns sz\u00ednekben, vagyis piros \u00e9s z\u00f6ld sz\u00ednben rendeztek be a h\u00e1zban. A csemp\u00e9t\u0151l az ed\u00e9nyeken \u00e1t, a telefonkagyl\u00f3ig \u00e9s Kevin k\u00f6nt\u00f6s\u00e9ig minden a piros \u00e9s z\u00f6ld sz\u00edn jegy\u00e9ben t\u00fcnd\u00f6k\u00f6l, annak ellen\u00e9re, hogy a h\u00e1zban alig l\u00e1that\u00f3 konkr\u00e9t kar\u00e1csonyi dekor\u00e1ci\u00f3.<\/p><\/div>\r\n\t\t\t\t\t\t\t\t\t\t\t\t\t<\/li>\r\n\t\t\t\t\t\t\t\t\t\t\t\t<li class=\"zf-list_item\">\r\n\t\t\t\t\t\t\t<div class=\"zf-list_header\">\r\n\t\t\t\t\t\t\t\t<h3 id=\"listaelem2\" class=\"zf-list_title\">\r\n\t\t\t\t\t\t\t\t\t<span class=\"zf-number\">2<\/span>\r\n\t\t\t\t\t\t\t\t\tNyitva felejtett gar\u00e1zsajt\u00f3.\t\t\t\t\t\t\t\t<\/h3>\r\n\t\t\t\t\t\t\t<\/div>\r\n\t\t\t\t\t\t\t\t\t\t\t\t\t\t\t<figure class=\"zf-list_media zf-media-wrapper zf-image zf-type-image\">\r\n\t\t\t\t\t\t\t\t\t<div title=\"Nyitva felejtett gar\u00e1zsajt\u00f3.\" alt=\"Nyitva felejtett gar\u00e1zsajt\u00f3.\" class=\"zf-media\">\r\n\t\t\t\t\t\t\t\t\t\t<img width=\"728\" height=\"390\" src=\"https:\/\/liked.hu\/old\/wp-content\/uploads\/2018\/12\/30326665-i026429-1545742184-728-da291f6f5d-1545922223.jpg\" class=\"\" alt=\"\" loading=\"lazy\" style=\"\" srcset=\"https:\/\/liked.hu\/old\/wp-content\/uploads\/2018\/12\/30326665-i026429-1545742184-728-da291f6f5d-1545922223.jpg 728w, https:\/\/liked.hu\/old\/wp-content\/uploads\/2018\/12\/30326665-i026429-1545742184-728-da291f6f5d-1545922223-300x161.jpg 300w, https:\/\/liked.hu\/old\/wp-content\/uploads\/2018\/12\/30326665-i026429-1545742184-728-da291f6f5d-1545922223-360x193.jpg 360w, https:\/\/liked.hu\/old\/wp-content\/uploads\/2018\/12\/30326665-i026429-1545742184-728-da291f6f5d-1545922223-545x292.jpg 545w\" sizes=\"(max-width: 728px) 100vw, 728px\" \/>\t\t\t\t\t\t\t\t\t\t\t<figcaption class=\"zf-figcaption\">\r\n\t\t\t\t\t\t\t\t\t\t\t\t\t\t\t\t\t\t\t\t\t\t\t\t<cite><\/cite>\r\n\r\n\t\t\t\t\t\t\t\t\t\t\t\t\t\t\t\t\t\t\t\t\t\t\t<\/figcaption>\r\n\t\t\t\t\t\t\t\t\t\t\t\t\t\t\t\t\t\t\t<\/div>\r\n\t\t\t\t\t\t\t\t\t<hr \/>\r\n\t\t\t\t\t\t\t\t<\/figure>\r\n\t\t\t\t\t\t\t\t\t\t\t\t\t\t\t\t<div class=\"zf-list_description\"><p>Eml\u00e9keztek arra a jelenetre, amikor Kevin \u00e9desanyja \u00e9s \u00e9desapja \u00fclnek a rep\u00fcl\u0151n \u00e9s azon gondolkoznak, hogy mit felejthettek el? Ekkor Kevin \u00e9desapja, Peter McCallister bevallja, hogy elfelejtette lecsukni a gar\u00e1zsajt\u00f3t. Az egyik k\u00e9s\u0151bbi jelenetben pedig mi magunk is l\u00e1thatjuk, hogy Peter t\u00e9nyleg elfelejtette lecsukni a gar\u00e1zst.<\/p><\/div>\r\n\t\t\t\t\t\t\t\t\t\t\t\t\t<\/li>\r\n\t\t\t\t\t\t\t\t\t\t\t\t<li class=\"zf-list_item\">\r\n\t\t\t\t\t\t\t<div class=\"zf-list_header\">\r\n\t\t\t\t\t\t\t\t<h3 id=\"listaelem3\" class=\"zf-list_title\">\r\n\t\t\t\t\t\t\t\t\t<span class=\"zf-number\">3<\/span>\r\n\t\t\t\t\t\t\t\t\tA J\u00f3bar\u00e1tok c\u00edm\u0171 sorozat Monic\u00e1ja ugyanabban a Moondance nevezet\u0171 new yorki \u00e9tteremben dolgozott, mint a P\u00f3kember c\u00edm\u0171 film Mary Jane-je.\t\t\t\t\t\t\t\t<\/h3>\r\n\t\t\t\t\t\t\t<\/div>\r\n\t\t\t\t\t\t\t\t\t\t\t\t\t\t\t<figure class=\"zf-list_media zf-media-wrapper zf-image zf-type-image\">\r\n\t\t\t\t\t\t\t\t\t<div title=\"A J\u00f3bar\u00e1tok c\u00edm\u0171 sorozat Monic\u00e1ja ugyanabban a Moondance nevezet\u0171 new yorki \u00e9tteremben dolgozott, mint a P\u00f3kember c\u00edm\u0171 film Mary Jane-je.\" alt=\"A J\u00f3bar\u00e1tok c\u00edm\u0171 sorozat Monic\u00e1ja ugyanabban a Moondance nevezet\u0171 new yorki \u00e9tteremben dolgozott, mint a P\u00f3kember c\u00edm\u0171 film Mary Jane-je.\" class=\"zf-media\">\r\n\t\t\t\t\t\t\t\t\t\t<img width=\"728\" height=\"744\" src=\"https:\/\/liked.hu\/old\/wp-content\/uploads\/2018\/12\/Jobaratok-es-pokember.jpg\" class=\"\" alt=\"\" loading=\"lazy\" style=\"\" srcset=\"https:\/\/liked.hu\/old\/wp-content\/uploads\/2018\/12\/Jobaratok-es-pokember.jpg 728w, https:\/\/liked.hu\/old\/wp-content\/uploads\/2018\/12\/Jobaratok-es-pokember-294x300.jpg 294w, https:\/\/liked.hu\/old\/wp-content\/uploads\/2018\/12\/Jobaratok-es-pokember-360x368.jpg 360w, https:\/\/liked.hu\/old\/wp-content\/uploads\/2018\/12\/Jobaratok-es-pokember-545x557.jpg 545w\" sizes=\"(max-width: 728px) 100vw, 728px\" \/>\t\t\t\t\t\t\t\t\t\t\t<figcaption class=\"zf-figcaption\">\r\n\t\t\t\t\t\t\t\t\t\t\t\t\t\t\t\t\t\t\t\t\t\t\t\t<cite><\/cite>\r\n\r\n\t\t\t\t\t\t\t\t\t\t\t\t\t\t\t\t\t\t\t\t\t\t\t<\/figcaption>\r\n\t\t\t\t\t\t\t\t\t\t\t\t\t\t\t\t\t\t\t<\/div>\r\n\t\t\t\t\t\t\t\t\t<hr \/>\r\n\t\t\t\t\t\t\t\t<\/figure>\r\n\t\t\t\t\t\t\t\t\t\t\t\t\t\t<\/li>\r\n\t\t\t\t\t\t\t\t\t\t\t\t<li class=\"zf-list_item\">\r\n\t\t\t\t\t\t\t<div class=\"zf-list_header\">\r\n\t\t\t\t\t\t\t\t<h3 id=\"listaelem4\" class=\"zf-list_title\">\r\n\t\t\t\t\t\t\t\t\t<span class=\"zf-number\">4<\/span>\r\n\t\t\t\t\t\t\t\t\tA Harry Potter utols\u00f3 r\u00e9sz\u00e9ben egy tetov\u00e1l\u00e1s l\u00e1that\u00f3 Lucius Malfoy nyak\u00e1n. Ez a sz\u00e1m az Azkabani fogva tart\u00e1sa sor\u00e1n kapott sz\u00e1m.\t\t\t\t\t\t\t\t<\/h3>\r\n\t\t\t\t\t\t\t<\/div>\r\n\t\t\t\t\t\t\t\t\t\t\t\t\t\t\t<figure class=\"zf-list_media zf-media-wrapper zf-image zf-type-image\">\r\n\t\t\t\t\t\t\t\t\t<div title=\"A Harry Potter utols\u00f3 r\u00e9sz\u00e9ben egy tetov\u00e1l\u00e1s l\u00e1that\u00f3 Lucius Malfoy nyak\u00e1n. Ez a sz\u00e1m az Azkabani fogva tart\u00e1sa sor\u00e1n kapott sz\u00e1m.\" alt=\"A Harry Potter utols\u00f3 r\u00e9sz\u00e9ben egy tetov\u00e1l\u00e1s l\u00e1that\u00f3 Lucius Malfoy nyak\u00e1n. Ez a sz\u00e1m az Azkabani fogva tart\u00e1sa sor\u00e1n kapott sz\u00e1m.\" class=\"zf-media\">\r\n\t\t\t\t\t\t\t\t\t\t<img width=\"728\" height=\"377\" src=\"https:\/\/liked.hu\/old\/wp-content\/uploads\/2018\/12\/30326565-43234610-f22a2e242568c44f21a94b1e8dfc864dba3a4b3f-1500-1-1545767964-728-1121d81d7a-1545922223.jpg\" class=\"\" alt=\"\" loading=\"lazy\" style=\"\" srcset=\"https:\/\/liked.hu\/old\/wp-content\/uploads\/2018\/12\/30326565-43234610-f22a2e242568c44f21a94b1e8dfc864dba3a4b3f-1500-1-1545767964-728-1121d81d7a-1545922223.jpg 728w, https:\/\/liked.hu\/old\/wp-content\/uploads\/2018\/12\/30326565-43234610-f22a2e242568c44f21a94b1e8dfc864dba3a4b3f-1500-1-1545767964-728-1121d81d7a-1545922223-300x155.jpg 300w, https:\/\/liked.hu\/old\/wp-content\/uploads\/2018\/12\/30326565-43234610-f22a2e242568c44f21a94b1e8dfc864dba3a4b3f-1500-1-1545767964-728-1121d81d7a-1545922223-360x186.jpg 360w, https:\/\/liked.hu\/old\/wp-content\/uploads\/2018\/12\/30326565-43234610-f22a2e242568c44f21a94b1e8dfc864dba3a4b3f-1500-1-1545767964-728-1121d81d7a-1545922223-545x282.jpg 545w\" sizes=\"(max-width: 728px) 100vw, 728px\" \/>\t\t\t\t\t\t\t\t\t\t\t<figcaption class=\"zf-figcaption\">\r\n\t\t\t\t\t\t\t\t\t\t\t\t\t\t\t\t\t\t\t\t\t\t\t\t<cite><\/cite>\r\n\r\n\t\t\t\t\t\t\t\t\t\t\t\t\t\t\t\t\t\t\t\t\t\t\t<\/figcaption>\r\n\t\t\t\t\t\t\t\t\t\t\t\t\t\t\t\t\t\t\t<\/div>\r\n\t\t\t\t\t\t\t\t\t<hr \/>\r\n\t\t\t\t\t\t\t\t<\/figure>\r\n\t\t\t\t\t\t\t\t\t\t\t\t\t\t<\/li>\r\n\t\t\t\t\t\t\t\t\t\t\t\t<li class=\"zf-list_item\">\r\n\t\t\t\t\t\t\t<div class=\"zf-list_header\">\r\n\t\t\t\t\t\t\t\t<h3 id=\"listaelem5\" class=\"zf-list_title\">\r\n\t\t\t\t\t\t\t\t\t<span class=\"zf-number\">5<\/span>\r\n\t\t\t\t\t\t\t\t\tA Kutyaszor\u00edt\u00f3ban c\u00edm\u0171 filmben Steve Buscemi nem ad borraval\u00f3t a pinc\u00e9rnek.\t\t\t\t\t\t\t\t<\/h3>\r\n\t\t\t\t\t\t\t<\/div>\r\n\t\t\t\t\t\t\t\t\t\t\t\t\t\t\t<figure class=\"zf-list_media zf-media-wrapper zf-image zf-type-image\">\r\n\t\t\t\t\t\t\t\t\t<div title=\"A Kutyaszor\u00edt\u00f3ban c\u00edm\u0171 filmben Steve Buscemi nem ad borraval\u00f3t a pinc\u00e9rnek.\" alt=\"A Kutyaszor\u00edt\u00f3ban c\u00edm\u0171 filmben Steve Buscemi nem ad borraval\u00f3t a pinc\u00e9rnek.\" class=\"zf-media\">\r\n\t\t\t\t\t\t\t\t\t\t<img width=\"728\" height=\"831\" src=\"https:\/\/liked.hu\/old\/wp-content\/uploads\/2018\/12\/30326065-43229560-8248b2f563b58455effbaf8237b603f1a69b7d00-1500-1-1545767686-728-629461047e-1545922223.jpg\" class=\"\" alt=\"\" loading=\"lazy\" style=\"\" srcset=\"https:\/\/liked.hu\/old\/wp-content\/uploads\/2018\/12\/30326065-43229560-8248b2f563b58455effbaf8237b603f1a69b7d00-1500-1-1545767686-728-629461047e-1545922223.jpg 728w, https:\/\/liked.hu\/old\/wp-content\/uploads\/2018\/12\/30326065-43229560-8248b2f563b58455effbaf8237b603f1a69b7d00-1500-1-1545767686-728-629461047e-1545922223-263x300.jpg 263w, https:\/\/liked.hu\/old\/wp-content\/uploads\/2018\/12\/30326065-43229560-8248b2f563b58455effbaf8237b603f1a69b7d00-1500-1-1545767686-728-629461047e-1545922223-360x411.jpg 360w, https:\/\/liked.hu\/old\/wp-content\/uploads\/2018\/12\/30326065-43229560-8248b2f563b58455effbaf8237b603f1a69b7d00-1500-1-1545767686-728-629461047e-1545922223-545x622.jpg 545w\" sizes=\"(max-width: 728px) 100vw, 728px\" \/>\t\t\t\t\t\t\t\t\t\t\t<figcaption class=\"zf-figcaption\">\r\n\t\t\t\t\t\t\t\t\t\t\t\t\t\t\t\t\t\t\t\t\t\t\t\t<cite><\/cite>\r\n\r\n\t\t\t\t\t\t\t\t\t\t\t\t\t\t\t\t\t\t\t\t\t\t\t<\/figcaption>\r\n\t\t\t\t\t\t\t\t\t\t\t\t\t\t\t\t\t\t\t<\/div>\r\n\t\t\t\t\t\t\t\t\t<hr \/>\r\n\t\t\t\t\t\t\t\t<\/figure>\r\n\t\t\t\t\t\t\t\t\t\t\t\t\t\t\t\t<div class=\"zf-list_description\"><p>Ez csak az\u00e9rt \u00e9rdekes, mert a Ponyvareg\u00e9ny c\u00edm\u0171 filmben, ahol \u0151 j\u00e1tszotta a pinc\u00e9rt, \u0151 sem kapott borraval\u00f3t a vend\u00e9gekt\u0151l. Ilyen a karma, Steve - na meg persze az is k\u00f6zrej\u00e1tszhat, hogy mindk\u00e9t filmet Quentin Tarantino rendezte.<\/p><\/div>\r\n\t\t\t\t\t\t\t\t\t\t\t\t\t<\/li>\r\n\t\t\t\t\t\t\t\t\t\t\t\t<li class=\"zf-list_item\">\r\n\t\t\t\t\t\t\t<div class=\"zf-list_header\">\r\n\t\t\t\t\t\t\t\t<h3 id=\"listaelem6\" class=\"zf-list_title\">\r\n\t\t\t\t\t\t\t\t\t<span class=\"zf-number\">6<\/span>\r\n\t\t\t\t\t\t\t\t\tA Hotel Transylvania 2-ben felt\u0171nik Mavis \u00e9s Jonathan esk\u00fcv\u0151i fot\u00f3ja, ahol Mavis nem l\u00e1that\u00f3 a f\u00e9nyk\u00e9pen, mivel v\u00e1mp\u00edr.\t\t\t\t\t\t\t\t<\/h3>\r\n\t\t\t\t\t\t\t<\/div>\r\n\t\t\t\t\t\t\t\t\t\t\t\t\t\t\t<figure class=\"zf-list_media zf-media-wrapper zf-image zf-type-image\">\r\n\t\t\t\t\t\t\t\t\t<div title=\"A Hotel Transylvania 2-ben felt\u0171nik Mavis \u00e9s Jonathan esk\u00fcv\u0151i fot\u00f3ja, ahol Mavis nem l\u00e1that\u00f3 a f\u00e9nyk\u00e9pen, mivel v\u00e1mp\u00edr.\" alt=\"A Hotel Transylvania 2-ben felt\u0171nik Mavis \u00e9s Jonathan esk\u00fcv\u0151i fot\u00f3ja, ahol Mavis nem l\u00e1that\u00f3 a f\u00e9nyk\u00e9pen, mivel v\u00e1mp\u00edr.\" class=\"zf-media\">\r\n\t\t\t\t\t\t\t\t\t\t<img width=\"728\" height=\"478\" src=\"https:\/\/liked.hu\/old\/wp-content\/uploads\/2018\/12\/30327215-image-crop-960x631-1545741899-728-0757dbd9ce-1545922223.jpg\" class=\"\" alt=\"\" loading=\"lazy\" style=\"\" srcset=\"https:\/\/liked.hu\/old\/wp-content\/uploads\/2018\/12\/30327215-image-crop-960x631-1545741899-728-0757dbd9ce-1545922223.jpg 728w, https:\/\/liked.hu\/old\/wp-content\/uploads\/2018\/12\/30327215-image-crop-960x631-1545741899-728-0757dbd9ce-1545922223-300x197.jpg 300w, https:\/\/liked.hu\/old\/wp-content\/uploads\/2018\/12\/30327215-image-crop-960x631-1545741899-728-0757dbd9ce-1545922223-360x236.jpg 360w, https:\/\/liked.hu\/old\/wp-content\/uploads\/2018\/12\/30327215-image-crop-960x631-1545741899-728-0757dbd9ce-1545922223-545x358.jpg 545w\" sizes=\"(max-width: 728px) 100vw, 728px\" \/>\t\t\t\t\t\t\t\t\t\t\t<figcaption class=\"zf-figcaption\">\r\n\t\t\t\t\t\t\t\t\t\t\t\t\t\t\t\t\t\t\t\t\t\t\t\t<cite><\/cite>\r\n\r\n\t\t\t\t\t\t\t\t\t\t\t\t\t\t\t\t\t\t\t\t\t\t\t<\/figcaption>\r\n\t\t\t\t\t\t\t\t\t\t\t\t\t\t\t\t\t\t\t<\/div>\r\n\t\t\t\t\t\t\t\t\t<hr \/>\r\n\t\t\t\t\t\t\t\t<\/figure>\r\n\t\t\t\t\t\t\t\t\t\t\t\t\t\t<\/li>\r\n\t\t\t\t\t\t\t\t\t\t\t\t<li class=\"zf-list_item\">\r\n\t\t\t\t\t\t\t<div class=\"zf-list_header\">\r\n\t\t\t\t\t\t\t\t<h3 id=\"listaelem7\" class=\"zf-list_title\">\r\n\t\t\t\t\t\t\t\t\t<span class=\"zf-number\">7<\/span>\r\n\t\t\t\t\t\t\t\t\tA Vissza a j\u00f6v\u0151be 2-ben l\u00e1that\u00f3 egy \"C\u00e1pa 19\" moziplak\u00e1t, ahol rendez\u0151 neve Max Spielberg. Pontosan \u00edgy h\u00edvj\u00e1k Steven Spielberg fi\u00e1t is, aki a Vissza a j\u00f6v\u0151be 2 c\u00edm\u0171 film forgat\u00e1sa k\u00f6zben sz\u00fcletett.\t\t\t\t\t\t\t\t<\/h3>\r\n\t\t\t\t\t\t\t<\/div>\r\n\t\t\t\t\t\t\t\t\t\t\t\t\t\t\t<figure class=\"zf-list_media zf-media-wrapper zf-image zf-type-image\">\r\n\t\t\t\t\t\t\t\t\t<div title=\"A Vissza a j\u00f6v\u0151be 2-ben l\u00e1that\u00f3 egy &quot;C\u00e1pa 19&quot; moziplak\u00e1t, ahol rendez\u0151 neve Max Spielberg. Pontosan \u00edgy h\u00edvj\u00e1k Steven Spielberg fi\u00e1t is, aki a Vissza a j\u00f6v\u0151be 2 c\u00edm\u0171 film forgat\u00e1sa k\u00f6zben sz\u00fcletett.\" alt=\"A Vissza a j\u00f6v\u0151be 2-ben l\u00e1that\u00f3 egy &quot;C\u00e1pa 19&quot; moziplak\u00e1t, ahol rendez\u0151 neve Max Spielberg. Pontosan \u00edgy h\u00edvj\u00e1k Steven Spielberg fi\u00e1t is, aki a Vissza a j\u00f6v\u0151be 2 c\u00edm\u0171 film forgat\u00e1sa k\u00f6zben sz\u00fcletett.\" class=\"zf-media\">\r\n\t\t\t\t\t\t\t\t\t\t<img width=\"728\" height=\"530\" src=\"https:\/\/liked.hu\/old\/wp-content\/uploads\/2018\/12\/30326465-43241960-ce5c15a4299e0b4799a3a453fabbb2c7396722c0-1500-1-1545768365-728-27a005edb6-1545922223.jpg\" class=\"\" alt=\"\" loading=\"lazy\" style=\"\" srcset=\"https:\/\/liked.hu\/old\/wp-content\/uploads\/2018\/12\/30326465-43241960-ce5c15a4299e0b4799a3a453fabbb2c7396722c0-1500-1-1545768365-728-27a005edb6-1545922223.jpg 728w, https:\/\/liked.hu\/old\/wp-content\/uploads\/2018\/12\/30326465-43241960-ce5c15a4299e0b4799a3a453fabbb2c7396722c0-1500-1-1545768365-728-27a005edb6-1545922223-300x218.jpg 300w, https:\/\/liked.hu\/old\/wp-content\/uploads\/2018\/12\/30326465-43241960-ce5c15a4299e0b4799a3a453fabbb2c7396722c0-1500-1-1545768365-728-27a005edb6-1545922223-360x262.jpg 360w, https:\/\/liked.hu\/old\/wp-content\/uploads\/2018\/12\/30326465-43241960-ce5c15a4299e0b4799a3a453fabbb2c7396722c0-1500-1-1545768365-728-27a005edb6-1545922223-545x397.jpg 545w\" sizes=\"(max-width: 728px) 100vw, 728px\" \/>\t\t\t\t\t\t\t\t\t\t\t<figcaption class=\"zf-figcaption\">\r\n\t\t\t\t\t\t\t\t\t\t\t\t\t\t\t\t\t\t\t\t\t\t\t\t<cite><\/cite>\r\n\r\n\t\t\t\t\t\t\t\t\t\t\t\t\t\t\t\t\t\t\t\t\t\t\t<\/figcaption>\r\n\t\t\t\t\t\t\t\t\t\t\t\t\t\t\t\t\t\t\t<\/div>\r\n\t\t\t\t\t\t\t\t\t<hr \/>\r\n\t\t\t\t\t\t\t\t<\/figure>\r\n\t\t\t\t\t\t\t\t\t\t\t\t\t\t<\/li>\r\n\t\t\t\t\t\t\t\t\t\t\t\t<li class=\"zf-list_item\">\r\n\t\t\t\t\t\t\t<div class=\"zf-list_header\">\r\n\t\t\t\t\t\t\t\t<h3 id=\"listaelem8\" class=\"zf-list_title\">\r\n\t\t\t\t\t\t\t\t\t<span class=\"zf-number\">8<\/span>\r\n\t\t\t\t\t\t\t\t\tAmikor Marty zenei meghallgat\u00e1sra megy, a \u201eHuey Lewis and the News\u201d nevezet\u0171 zenekar \u201ePower of Love\u201d c\u00edm\u0171 sz\u00e1m\u00e1t adja el\u0151. A fick\u00f3, aki ezut\u00e1n elutas\u00edtja \u0151t val\u00f3j\u00e1ban a Huey Lewis and the News zenekar \u00e9nekese.\t\t\t\t\t\t\t\t<\/h3>\r\n\t\t\t\t\t\t\t<\/div>\r\n\t\t\t\t\t\t\t\t\t\t\t\t\t\t\t<figure class=\"zf-list_media zf-media-wrapper zf-image zf-type-image\">\r\n\t\t\t\t\t\t\t\t\t<div title=\"Amikor Marty zenei meghallgat\u00e1sra megy, a \u201eHuey Lewis and the News\u201d nevezet\u0171 zenekar \u201ePower of Love\u201d c\u00edm\u0171 sz\u00e1m\u00e1t adja el\u0151. A fick\u00f3, aki ezut\u00e1n elutas\u00edtja \u0151t val\u00f3j\u00e1ban a Huey Lewis and the News zenekar \u00e9nekese.\" alt=\"Amikor Marty zenei meghallgat\u00e1sra megy, a \u201eHuey Lewis and the News\u201d nevezet\u0171 zenekar \u201ePower of Love\u201d c\u00edm\u0171 sz\u00e1m\u00e1t adja el\u0151. A fick\u00f3, aki ezut\u00e1n elutas\u00edtja \u0151t val\u00f3j\u00e1ban a Huey Lewis and the News zenekar \u00e9nekese.\" class=\"zf-media\">\r\n\t\t\t\t\t\t\t\t\t\t<img width=\"728\" height=\"747\" src=\"https:\/\/liked.hu\/old\/wp-content\/uploads\/2018\/12\/30326415-43243010-dfbfc22bac6a7a007a063c70fb68b79283cd0267-1500-1-1545768518-728-8a9ed0fad8-1545922223.jpg\" class=\"\" alt=\"\" loading=\"lazy\" style=\"\" srcset=\"https:\/\/liked.hu\/old\/wp-content\/uploads\/2018\/12\/30326415-43243010-dfbfc22bac6a7a007a063c70fb68b79283cd0267-1500-1-1545768518-728-8a9ed0fad8-1545922223.jpg 728w, https:\/\/liked.hu\/old\/wp-content\/uploads\/2018\/12\/30326415-43243010-dfbfc22bac6a7a007a063c70fb68b79283cd0267-1500-1-1545768518-728-8a9ed0fad8-1545922223-292x300.jpg 292w, https:\/\/liked.hu\/old\/wp-content\/uploads\/2018\/12\/30326415-43243010-dfbfc22bac6a7a007a063c70fb68b79283cd0267-1500-1-1545768518-728-8a9ed0fad8-1545922223-360x369.jpg 360w, https:\/\/liked.hu\/old\/wp-content\/uploads\/2018\/12\/30326415-43243010-dfbfc22bac6a7a007a063c70fb68b79283cd0267-1500-1-1545768518-728-8a9ed0fad8-1545922223-545x559.jpg 545w\" sizes=\"(max-width: 728px) 100vw, 728px\" \/>\t\t\t\t\t\t\t\t\t\t\t<figcaption class=\"zf-figcaption\">\r\n\t\t\t\t\t\t\t\t\t\t\t\t\t\t\t\t\t\t\t\t\t\t\t\t<cite><\/cite>\r\n\r\n\t\t\t\t\t\t\t\t\t\t\t\t\t\t\t\t\t\t\t\t\t\t\t<\/figcaption>\r\n\t\t\t\t\t\t\t\t\t\t\t\t\t\t\t\t\t\t\t<\/div>\r\n\t\t\t\t\t\t\t\t\t<hr \/>\r\n\t\t\t\t\t\t\t\t<\/figure>\r\n\t\t\t\t\t\t\t\t\t\t\t\t\t\t<\/li>\r\n\t\t\t\t\t\t\t\t\t<\/ol>\r\n\t\t<\/div>\r\n\t<\/div>\r\n\r\n\t<\/div>\r\n\r\n\r\n<!--nextpage--><div id=\"zombify-main-section-front\" class=\"zombify-main-section-front zombify-screen zf-media-full\">\r\n\t<link rel=\"stylesheet\" type=\"text\/css\" href=\"https:\/\/liked.hu\/old\/js\/zombify.css\">\r\n    <link rel=\"stylesheet\" type=\"text\/css\" href=\"https:\/\/liked.hu\/old\/wp-content\/themes\/newsy-child\/style.css\">\r\n\t<div class=\"zf-container\">\r\n\t\t<div id=\"zf-list\" class=\"zf-list zf-numbered\">\r\n\t\t\t<ol class=\"zf-structure-list\">\r\n\t\t\t\t\t\t\t\t\t\t<li class=\"zf-list_item\">\r\n\t\t\t\t\t\t\t<div class=\"zf-list_header\">\r\n\t\t\t\t\t\t\t\t<h3 id=\"listaelem9\" class=\"zf-list_title\">\r\n\t\t\t\t\t\t\t\t\t<span class=\"zf-number\">9<\/span>\r\n\t\t\t\t\t\t\t\t\tA Kaliforniai \u00e1lom c\u00edm\u0171 film egyben felvett nyit\u00f3jelenet\u00e9hez nagyon kem\u00e9nyen kellett dolgozni a st\u00e1bnak, hossz\u00fa \u00f3r\u00e1kon \u00e1t forgatt\u00e1k ezt a n\u00e9h\u00e1ny perces jelenetet.\t\t\t\t\t\t\t\t<\/h3>\r\n\t\t\t\t\t\t\t<\/div>\r\n\t\t\t\t\t\t\t\t\t\t\t\t\t\t\t<figure class=\"zf-list_media zf-media-wrapper zf-image zf-type-image\">\r\n\t\t\t\t\t\t\t\t\t<div title=\"A Kaliforniai \u00e1lom c\u00edm\u0171 film egyben felvett nyit\u00f3jelenet\u00e9hez nagyon kem\u00e9nyen kellett dolgozni a st\u00e1bnak, hossz\u00fa \u00f3r\u00e1kon \u00e1t forgatt\u00e1k ezt a n\u00e9h\u00e1ny perces jelenetet.\" alt=\"A Kaliforniai \u00e1lom c\u00edm\u0171 film egyben felvett nyit\u00f3jelenet\u00e9hez nagyon kem\u00e9nyen kellett dolgozni a st\u00e1bnak, hossz\u00fa \u00f3r\u00e1kon \u00e1t forgatt\u00e1k ezt a n\u00e9h\u00e1ny perces jelenetet.\" class=\"zf-media\">\r\n\t\t\t\t\t\t\t\t\t\t<img width=\"728\" height=\"409\" src=\"https:\/\/liked.hu\/old\/wp-content\/uploads\/2018\/12\/30326365-maxresdefault-1545743309-728-9746859777-1545922223.jpg\" class=\"\" alt=\"\" loading=\"lazy\" style=\"\" srcset=\"https:\/\/liked.hu\/old\/wp-content\/uploads\/2018\/12\/30326365-maxresdefault-1545743309-728-9746859777-1545922223.jpg 728w, https:\/\/liked.hu\/old\/wp-content\/uploads\/2018\/12\/30326365-maxresdefault-1545743309-728-9746859777-1545922223-300x169.jpg 300w, https:\/\/liked.hu\/old\/wp-content\/uploads\/2018\/12\/30326365-maxresdefault-1545743309-728-9746859777-1545922223-360x202.jpg 360w, https:\/\/liked.hu\/old\/wp-content\/uploads\/2018\/12\/30326365-maxresdefault-1545743309-728-9746859777-1545922223-545x306.jpg 545w\" sizes=\"(max-width: 728px) 100vw, 728px\" \/>\t\t\t\t\t\t\t\t\t\t\t<figcaption class=\"zf-figcaption\">\r\n\t\t\t\t\t\t\t\t\t\t\t\t\t\t\t\t\t\t\t\t\t\t\t\t<cite><\/cite>\r\n\r\n\t\t\t\t\t\t\t\t\t\t\t\t\t\t\t\t\t\t\t\t\t\t\t<\/figcaption>\r\n\t\t\t\t\t\t\t\t\t\t\t\t\t\t\t\t\t\t\t<\/div>\r\n\t\t\t\t\t\t\t\t\t<hr \/>\r\n\t\t\t\t\t\t\t\t<\/figure>\r\n\t\t\t\t\t\t\t\t\t\t\t\t\t\t\t\t<div class=\"zf-list_description\"><p>Azt, hogy h\u00e1nyszor kellett el\u00f6lr\u0151l kezdeni\u00fck j\u00f3l mutatja, hogy ha jobban megn\u00e9zitek: sok aut\u00f3 teteje m\u00e1r azel\u0151tt be van horpadva, hogy t\u00e1ncolni kezden\u00e9nek rajtuk a sz\u00edn\u00e9szek. <a href=\"https:\/\/www.youtube.com\/watch?v=xVVqlm8Fq3Y\" rel=\"noopener noreferrer\" target=\"_blank\">ITT<\/a> megn\u00e9zhetitek a teljes nyit\u00f3jelenetet.<\/p><\/div>\r\n\t\t\t\t\t\t\t\t\t\t\t\t\t<\/li>\r\n\t\t\t\t\t\t\t\t\t\t\t\t<li class=\"zf-list_item\">\r\n\t\t\t\t\t\t\t<div class=\"zf-list_header\">\r\n\t\t\t\t\t\t\t\t<h3 id=\"listaelem10\" class=\"zf-list_title\">\r\n\t\t\t\t\t\t\t\t\t<span class=\"zf-number\">10<\/span>\r\n\t\t\t\t\t\t\t\t\tA Fekete P\u00e1rduc c\u00edm\u0171 filmben az \u00e9gen rep\u00fcl\u0151 \u0171rhaj\u00f3 aluln\u00e9zetb\u0151l \u00e9pp \u00fagy n\u00e9z ki, mint a f\u0151h\u0151s maszkja.\t\t\t\t\t\t\t\t<\/h3>\r\n\t\t\t\t\t\t\t<\/div>\r\n\t\t\t\t\t\t\t\t\t\t\t\t\t\t\t<figure class=\"zf-list_media zf-media-wrapper zf-image zf-type-image\">\r\n\t\t\t\t\t\t\t\t\t<div title=\"A Fekete P\u00e1rduc c\u00edm\u0171 filmben az \u00e9gen rep\u00fcl\u0151 \u0171rhaj\u00f3 aluln\u00e9zetb\u0151l \u00e9pp \u00fagy n\u00e9z ki, mint a f\u0151h\u0151s maszkja.\" alt=\"A Fekete P\u00e1rduc c\u00edm\u0171 filmben az \u00e9gen rep\u00fcl\u0151 \u0171rhaj\u00f3 aluln\u00e9zetb\u0151l \u00e9pp \u00fagy n\u00e9z ki, mint a f\u0151h\u0151s maszkja.\" class=\"zf-media\">\r\n\t\t\t\t\t\t\t\t\t\t<img width=\"728\" height=\"416\" src=\"https:\/\/liked.hu\/old\/wp-content\/uploads\/2018\/12\/30326315-43217310-ecd0ab6344095685eb51f735ac5a810019ebf5ad-1500-1-1545766204-728-d71cfe7775-1545922223.jpg\" class=\"\" alt=\"\" loading=\"lazy\" style=\"\" srcset=\"https:\/\/liked.hu\/old\/wp-content\/uploads\/2018\/12\/30326315-43217310-ecd0ab6344095685eb51f735ac5a810019ebf5ad-1500-1-1545766204-728-d71cfe7775-1545922223.jpg 728w, https:\/\/liked.hu\/old\/wp-content\/uploads\/2018\/12\/30326315-43217310-ecd0ab6344095685eb51f735ac5a810019ebf5ad-1500-1-1545766204-728-d71cfe7775-1545922223-300x171.jpg 300w, https:\/\/liked.hu\/old\/wp-content\/uploads\/2018\/12\/30326315-43217310-ecd0ab6344095685eb51f735ac5a810019ebf5ad-1500-1-1545766204-728-d71cfe7775-1545922223-360x206.jpg 360w, https:\/\/liked.hu\/old\/wp-content\/uploads\/2018\/12\/30326315-43217310-ecd0ab6344095685eb51f735ac5a810019ebf5ad-1500-1-1545766204-728-d71cfe7775-1545922223-545x311.jpg 545w\" sizes=\"(max-width: 728px) 100vw, 728px\" \/>\t\t\t\t\t\t\t\t\t\t\t<figcaption class=\"zf-figcaption\">\r\n\t\t\t\t\t\t\t\t\t\t\t\t\t\t\t\t\t\t\t\t\t\t\t\t<cite><\/cite>\r\n\r\n\t\t\t\t\t\t\t\t\t\t\t\t\t\t\t\t\t\t\t\t\t\t\t<\/figcaption>\r\n\t\t\t\t\t\t\t\t\t\t\t\t\t\t\t\t\t\t\t<\/div>\r\n\t\t\t\t\t\t\t\t\t<hr \/>\r\n\t\t\t\t\t\t\t\t<\/figure>\r\n\t\t\t\t\t\t\t\t\t\t\t\t\t\t<\/li>\r\n\t\t\t\t\t\t\t\t\t\t\t\t<li class=\"zf-list_item\">\r\n\t\t\t\t\t\t\t<div class=\"zf-list_header\">\r\n\t\t\t\t\t\t\t\t<h3 id=\"listaelem11\" class=\"zf-list_title\">\r\n\t\t\t\t\t\t\t\t\t<span class=\"zf-number\">11<\/span>\r\n\t\t\t\t\t\t\t\t\tA Gyilkoss\u00e1g az Orient expresszen c\u00edm\u0171 film egyik utols\u00f3 jelenet\u00e9ben l\u00e1thatunk egy utal\u00e1st Leonardo da Vinci \"Utols\u00f3 vacsora\" c\u00edm\u0171 festm\u00e9ny\u00e9re.\t\t\t\t\t\t\t\t<\/h3>\r\n\t\t\t\t\t\t\t<\/div>\r\n\t\t\t\t\t\t\t\t\t\t\t\t\t\t\t<figure class=\"zf-list_media zf-media-wrapper zf-image zf-type-image\">\r\n\t\t\t\t\t\t\t\t\t<div title=\"A Gyilkoss\u00e1g az Orient expresszen c\u00edm\u0171 film egyik utols\u00f3 jelenet\u00e9ben l\u00e1thatunk egy utal\u00e1st Leonardo da Vinci &quot;Utols\u00f3 vacsora&quot; c\u00edm\u0171 festm\u00e9ny\u00e9re.\" alt=\"A Gyilkoss\u00e1g az Orient expresszen c\u00edm\u0171 film egyik utols\u00f3 jelenet\u00e9ben l\u00e1thatunk egy utal\u00e1st Leonardo da Vinci &quot;Utols\u00f3 vacsora&quot; c\u00edm\u0171 festm\u00e9ny\u00e9re.\" class=\"zf-media\">\r\n\t\t\t\t\t\t\t\t\t\t<img width=\"728\" height=\"726\" src=\"https:\/\/liked.hu\/old\/wp-content\/uploads\/2018\/12\/30326265-43221260-88b9b5f548bc966cbbce92351f25b805b6905757-1500-1-1545766968-728-573d2ace39-1545922223.jpg\" class=\"\" alt=\"\" loading=\"lazy\" style=\"\" srcset=\"https:\/\/liked.hu\/old\/wp-content\/uploads\/2018\/12\/30326265-43221260-88b9b5f548bc966cbbce92351f25b805b6905757-1500-1-1545766968-728-573d2ace39-1545922223.jpg 728w, https:\/\/liked.hu\/old\/wp-content\/uploads\/2018\/12\/30326265-43221260-88b9b5f548bc966cbbce92351f25b805b6905757-1500-1-1545766968-728-573d2ace39-1545922223-150x150.jpg 150w, https:\/\/liked.hu\/old\/wp-content\/uploads\/2018\/12\/30326265-43221260-88b9b5f548bc966cbbce92351f25b805b6905757-1500-1-1545766968-728-573d2ace39-1545922223-300x300.jpg 300w, https:\/\/liked.hu\/old\/wp-content\/uploads\/2018\/12\/30326265-43221260-88b9b5f548bc966cbbce92351f25b805b6905757-1500-1-1545766968-728-573d2ace39-1545922223-400x400.jpg 400w, https:\/\/liked.hu\/old\/wp-content\/uploads\/2018\/12\/30326265-43221260-88b9b5f548bc966cbbce92351f25b805b6905757-1500-1-1545766968-728-573d2ace39-1545922223-360x359.jpg 360w, https:\/\/liked.hu\/old\/wp-content\/uploads\/2018\/12\/30326265-43221260-88b9b5f548bc966cbbce92351f25b805b6905757-1500-1-1545766968-728-573d2ace39-1545922223-545x544.jpg 545w, https:\/\/liked.hu\/old\/wp-content\/uploads\/2018\/12\/30326265-43221260-88b9b5f548bc966cbbce92351f25b805b6905757-1500-1-1545766968-728-573d2ace39-1545922223-350x350.jpg 350w\" sizes=\"(max-width: 728px) 100vw, 728px\" \/>\t\t\t\t\t\t\t\t\t\t\t<figcaption class=\"zf-figcaption\">\r\n\t\t\t\t\t\t\t\t\t\t\t\t\t\t\t\t\t\t\t\t\t\t\t\t<cite><\/cite>\r\n\r\n\t\t\t\t\t\t\t\t\t\t\t\t\t\t\t\t\t\t\t\t\t\t\t<\/figcaption>\r\n\t\t\t\t\t\t\t\t\t\t\t\t\t\t\t\t\t\t\t<\/div>\r\n\t\t\t\t\t\t\t\t\t<hr \/>\r\n\t\t\t\t\t\t\t\t<\/figure>\r\n\t\t\t\t\t\t\t\t\t\t\t\t\t\t<\/li>\r\n\t\t\t\t\t\t\t\t\t\t\t\t<li class=\"zf-list_item\">\r\n\t\t\t\t\t\t\t<div class=\"zf-list_header\">\r\n\t\t\t\t\t\t\t\t<h3 id=\"listaelem12\" class=\"zf-list_title\">\r\n\t\t\t\t\t\t\t\t\t<span class=\"zf-number\">12<\/span>\r\n\t\t\t\t\t\t\t\t\tA 2017-ben megjelent \u201eAz utols\u00f3 Jedik\u201d c\u00edm\u0171 Csillagok H\u00e1bor\u00faja epiz\u00f3dban Skywalker k\u00f6penye alatt l\u00e1thatjuk a s\u00e9r\u00fcl\u00e9st, amit az 1983-as Jedi visszat\u00e9r c\u00edm\u0171 filmben szerzett.\t\t\t\t\t\t\t\t<\/h3>\r\n\t\t\t\t\t\t\t<\/div>\r\n\t\t\t\t\t\t\t\t\t\t\t\t\t\t\t<figure class=\"zf-list_media zf-media-wrapper zf-image zf-type-image\">\r\n\t\t\t\t\t\t\t\t\t<div title=\"A 2017-ben megjelent \u201eAz utols\u00f3 Jedik\u201d c\u00edm\u0171 Csillagok H\u00e1bor\u00faja epiz\u00f3dban Skywalker k\u00f6penye alatt l\u00e1thatjuk a s\u00e9r\u00fcl\u00e9st, amit az 1983-as Jedi visszat\u00e9r c\u00edm\u0171 filmben szerzett.\" alt=\"A 2017-ben megjelent \u201eAz utols\u00f3 Jedik\u201d c\u00edm\u0171 Csillagok H\u00e1bor\u00faja epiz\u00f3dban Skywalker k\u00f6penye alatt l\u00e1thatjuk a s\u00e9r\u00fcl\u00e9st, amit az 1983-as Jedi visszat\u00e9r c\u00edm\u0171 filmben szerzett.\" class=\"zf-media\">\r\n\t\t\t\t\t\t\t\t\t\t<img width=\"728\" height=\"905\" src=\"https:\/\/liked.hu\/old\/wp-content\/uploads\/2018\/12\/30326215-43214710-8c4ed251ed50e42461cf62b9b36f2acc7a5f8a3e-1500-1-1545765894-728-ac3817066c-1545922223.jpg\" class=\"\" alt=\"\" loading=\"lazy\" style=\"\" srcset=\"https:\/\/liked.hu\/old\/wp-content\/uploads\/2018\/12\/30326215-43214710-8c4ed251ed50e42461cf62b9b36f2acc7a5f8a3e-1500-1-1545765894-728-ac3817066c-1545922223.jpg 728w, https:\/\/liked.hu\/old\/wp-content\/uploads\/2018\/12\/30326215-43214710-8c4ed251ed50e42461cf62b9b36f2acc7a5f8a3e-1500-1-1545765894-728-ac3817066c-1545922223-241x300.jpg 241w, https:\/\/liked.hu\/old\/wp-content\/uploads\/2018\/12\/30326215-43214710-8c4ed251ed50e42461cf62b9b36f2acc7a5f8a3e-1500-1-1545765894-728-ac3817066c-1545922223-360x448.jpg 360w, https:\/\/liked.hu\/old\/wp-content\/uploads\/2018\/12\/30326215-43214710-8c4ed251ed50e42461cf62b9b36f2acc7a5f8a3e-1500-1-1545765894-728-ac3817066c-1545922223-545x678.jpg 545w\" sizes=\"(max-width: 728px) 100vw, 728px\" \/>\t\t\t\t\t\t\t\t\t\t\t<figcaption class=\"zf-figcaption\">\r\n\t\t\t\t\t\t\t\t\t\t\t\t\t\t\t\t\t\t\t\t\t\t\t\t<cite><\/cite>\r\n\r\n\t\t\t\t\t\t\t\t\t\t\t\t\t\t\t\t\t\t\t\t\t\t\t<\/figcaption>\r\n\t\t\t\t\t\t\t\t\t\t\t\t\t\t\t\t\t\t\t<\/div>\r\n\t\t\t\t\t\t\t\t\t<hr \/>\r\n\t\t\t\t\t\t\t\t<\/figure>\r\n\t\t\t\t\t\t\t\t\t\t\t\t\t\t<\/li>\r\n\t\t\t\t\t\t\t\t\t\t\t\t<li class=\"zf-list_item\">\r\n\t\t\t\t\t\t\t<div class=\"zf-list_header\">\r\n\t\t\t\t\t\t\t\t<h3 id=\"listaelem13\" class=\"zf-list_title\">\r\n\t\t\t\t\t\t\t\t\t<span class=\"zf-number\">13<\/span>\r\n\t\t\t\t\t\t\t\t\tMarlon Brando nem volt hajland\u00f3 \u00e1tvenni a Keresztapa c\u00edm\u0171 filmekben ny\u00fajtott alak\u00edt\u00e1s\u00e1\u00e9rt kapott Oscar d\u00edjat, mivel szerinte az amerikaiak elnyomt\u00e1k az \u0151slakosokat. Egy indi\u00e1n ruh\u00e1s n\u0151t k\u00fcld\u00f6tt maga helyett. Tov\u00e1bbi \u00e9rdekess\u00e9g, hogy John Wayne meg akarta verni ezt a n\u0151t.\t\t\t\t\t\t\t\t<\/h3>\r\n\t\t\t\t\t\t\t<\/div>\r\n\t\t\t\t\t\t\t\t\t\t\t\t\t\t\t<figure class=\"zf-list_media zf-media-wrapper zf-image zf-type-image\">\r\n\t\t\t\t\t\t\t\t\t<div title=\"Marlon Brando nem volt hajland\u00f3 \u00e1tvenni a Keresztapa c\u00edm\u0171 filmekben ny\u00fajtott alak\u00edt\u00e1s\u00e1\u00e9rt kapott Oscar d\u00edjat, mivel szerinte az amerikaiak elnyomt\u00e1k az \u0151slakosokat. Egy indi\u00e1n ruh\u00e1s n\u0151t k\u00fcld\u00f6tt maga helyett. Tov\u00e1bbi \u00e9rdekess\u00e9g, hogy John Wayne meg akarta verni ezt a n\u0151t.\" alt=\"Marlon Brando nem volt hajland\u00f3 \u00e1tvenni a Keresztapa c\u00edm\u0171 filmekben ny\u00fajtott alak\u00edt\u00e1s\u00e1\u00e9rt kapott Oscar d\u00edjat, mivel szerinte az amerikaiak elnyomt\u00e1k az \u0151slakosokat. Egy indi\u00e1n ruh\u00e1s n\u0151t k\u00fcld\u00f6tt maga helyett. Tov\u00e1bbi \u00e9rdekess\u00e9g, hogy John Wayne meg akarta verni ezt a n\u0151t.\" class=\"zf-media\">\r\n\t\t\t\t\t\t\t\t\t\t<img width=\"728\" height=\"485\" src=\"https:\/\/liked.hu\/old\/wp-content\/uploads\/2018\/12\/30326165-161024135133-il-padrino-1545830458-728-7b03c7a69d-1545922223.jpg\" class=\"\" alt=\"\" loading=\"lazy\" style=\"\" srcset=\"https:\/\/liked.hu\/old\/wp-content\/uploads\/2018\/12\/30326165-161024135133-il-padrino-1545830458-728-7b03c7a69d-1545922223.jpg 728w, https:\/\/liked.hu\/old\/wp-content\/uploads\/2018\/12\/30326165-161024135133-il-padrino-1545830458-728-7b03c7a69d-1545922223-300x200.jpg 300w, https:\/\/liked.hu\/old\/wp-content\/uploads\/2018\/12\/30326165-161024135133-il-padrino-1545830458-728-7b03c7a69d-1545922223-360x240.jpg 360w, https:\/\/liked.hu\/old\/wp-content\/uploads\/2018\/12\/30326165-161024135133-il-padrino-1545830458-728-7b03c7a69d-1545922223-545x363.jpg 545w\" sizes=\"(max-width: 728px) 100vw, 728px\" \/>\t\t\t\t\t\t\t\t\t\t\t<figcaption class=\"zf-figcaption\">\r\n\t\t\t\t\t\t\t\t\t\t\t\t\t\t\t\t\t\t\t\t\t\t\t\t<cite><\/cite>\r\n\r\n\t\t\t\t\t\t\t\t\t\t\t\t\t\t\t\t\t\t\t\t\t\t\t<\/figcaption>\r\n\t\t\t\t\t\t\t\t\t\t\t\t\t\t\t\t\t\t\t<\/div>\r\n\t\t\t\t\t\t\t\t\t<hr \/>\r\n\t\t\t\t\t\t\t\t<\/figure>\r\n\t\t\t\t\t\t\t\t\t\t\t\t\t\t<\/li>\r\n\t\t\t\t\t\t\t\t\t\t\t\t<li class=\"zf-list_item\">\r\n\t\t\t\t\t\t\t<div class=\"zf-list_header\">\r\n\t\t\t\t\t\t\t\t<h3 id=\"listaelem14\" class=\"zf-list_title\">\r\n\t\t\t\t\t\t\t\t\t<span class=\"zf-number\">14<\/span>\r\n\t\t\t\t\t\t\t\t\tA Szerelm\u00fcnk lapjai c\u00edm\u0171 film No\u00e9 szerep\u00e9re a rendez\u0151 nem j\u00f3k\u00e9p\u0171 vagy men\u0151 f\u00e9rfit keresett, puszt\u00e1n egy \u201erendes f\u00e9rfit\u201d szeretett volna tal\u00e1lni. V\u00e9g\u00fcl a fiatal Ryan Gosling-ra esett a v\u00e1laszt\u00e1s, aki az\u00e9rt meg kell hagyni, hogy el\u00e9g j\u00f3k\u00e9p\u0171, \u00e9s el\u00e9g men\u0151 is.\t\t\t\t\t\t\t\t<\/h3>\r\n\t\t\t\t\t\t\t<\/div>\r\n\t\t\t\t\t\t\t\t\t\t\t\t\t\t\t<figure class=\"zf-list_media zf-media-wrapper zf-image zf-type-image\">\r\n\t\t\t\t\t\t\t\t\t<div title=\"A Szerelm\u00fcnk lapjai c\u00edm\u0171 film No\u00e9 szerep\u00e9re a rendez\u0151 nem j\u00f3k\u00e9p\u0171 vagy men\u0151 f\u00e9rfit keresett, puszt\u00e1n egy \u201erendes f\u00e9rfit\u201d szeretett volna tal\u00e1lni. V\u00e9g\u00fcl a fiatal Ryan Gosling-ra esett a v\u00e1laszt\u00e1s, aki az\u00e9rt meg kell hagyni, hogy el\u00e9g j\u00f3k\u00e9p\u0171, \u00e9s el\u00e9g men\u0151 is.\" alt=\"A Szerelm\u00fcnk lapjai c\u00edm\u0171 film No\u00e9 szerep\u00e9re a rendez\u0151 nem j\u00f3k\u00e9p\u0171 vagy men\u0151 f\u00e9rfit keresett, puszt\u00e1n egy \u201erendes f\u00e9rfit\u201d szeretett volna tal\u00e1lni. V\u00e9g\u00fcl a fiatal Ryan Gosling-ra esett a v\u00e1laszt\u00e1s, aki az\u00e9rt meg kell hagyni, hogy el\u00e9g j\u00f3k\u00e9p\u0171, \u00e9s el\u00e9g men\u0151 is.\" class=\"zf-media\">\r\n\t\t\t\t\t\t\t\t\t\t<img width=\"728\" height=\"485\" src=\"https:\/\/liked.hu\/old\/wp-content\/uploads\/2018\/12\/30326115-532c89330ebc96470fda7e01ec4d8ed0_511-1545748040-728-ce25d39c1a-1545922223.jpg\" class=\"\" alt=\"\" loading=\"lazy\" style=\"\" srcset=\"https:\/\/liked.hu\/old\/wp-content\/uploads\/2018\/12\/30326115-532c89330ebc96470fda7e01ec4d8ed0_511-1545748040-728-ce25d39c1a-1545922223.jpg 728w, https:\/\/liked.hu\/old\/wp-content\/uploads\/2018\/12\/30326115-532c89330ebc96470fda7e01ec4d8ed0_511-1545748040-728-ce25d39c1a-1545922223-300x200.jpg 300w, https:\/\/liked.hu\/old\/wp-content\/uploads\/2018\/12\/30326115-532c89330ebc96470fda7e01ec4d8ed0_511-1545748040-728-ce25d39c1a-1545922223-360x240.jpg 360w, https:\/\/liked.hu\/old\/wp-content\/uploads\/2018\/12\/30326115-532c89330ebc96470fda7e01ec4d8ed0_511-1545748040-728-ce25d39c1a-1545922223-545x363.jpg 545w\" sizes=\"(max-width: 728px) 100vw, 728px\" \/>\t\t\t\t\t\t\t\t\t\t\t<figcaption class=\"zf-figcaption\">\r\n\t\t\t\t\t\t\t\t\t\t\t\t\t\t\t\t\t\t\t\t\t\t\t\t<cite><\/cite>\r\n\r\n\t\t\t\t\t\t\t\t\t\t\t\t\t\t\t\t\t\t\t\t\t\t\t<\/figcaption>\r\n\t\t\t\t\t\t\t\t\t\t\t\t\t\t\t\t\t\t\t<\/div>\r\n\t\t\t\t\t\t\t\t\t<hr \/>\r\n\t\t\t\t\t\t\t\t<\/figure>\r\n\t\t\t\t\t\t\t\t\t\t\t\t\t\t<\/li>\r\n\t\t\t\t\t\t\t\t\t\t\t\t<li class=\"zf-list_item\">\r\n\t\t\t\t\t\t\t<div class=\"zf-list_header\">\r\n\t\t\t\t\t\t\t\t<h3 id=\"listaelem15\" class=\"zf-list_title\">\r\n\t\t\t\t\t\t\t\t\t<span class=\"zf-number\">15<\/span>\r\n\t\t\t\t\t\t\t\t\tHa k\u00f6zelebbr\u0151l megn\u00e9zed, a Titanic c\u00edm\u0171 filmben soha nem f\u00fcst\u00f6l a haj\u00f3 utols\u00f3, negyedik k\u00e9m\u00e9nye, aminek eg\u00e9szen egyszer\u0171 oka van: az eredeti haj\u00f3n is csak dekor\u00e1ci\u00f3s c\u00e9lt szolg\u00e1lt ugyanis ez a negyedik k\u00e9m\u00e9ny, \u00e9s James Cameron szeretett volna a v\u00e9gletekig h\u0171 maradni az eredeti esem\u00e9nyekhez.\t\t\t\t\t\t\t\t<\/h3>\r\n\t\t\t\t\t\t\t<\/div>\r\n\t\t\t\t\t\t\t\t\t\t\t\t\t\t\t<figure class=\"zf-list_media zf-media-wrapper zf-image zf-type-image\">\r\n\t\t\t\t\t\t\t\t\t<div title=\"Ha k\u00f6zelebbr\u0151l megn\u00e9zed, a Titanic c\u00edm\u0171 filmben soha nem f\u00fcst\u00f6l a haj\u00f3 utols\u00f3, negyedik k\u00e9m\u00e9nye, aminek eg\u00e9szen egyszer\u0171 oka van: az eredeti haj\u00f3n is csak dekor\u00e1ci\u00f3s c\u00e9lt szolg\u00e1lt ugyanis ez a negyedik k\u00e9m\u00e9ny, \u00e9s James Cameron szeretett volna a v\u00e9gletekig h\u0171 maradni az eredeti esem\u00e9nyekhez.\" alt=\"Ha k\u00f6zelebbr\u0151l megn\u00e9zed, a Titanic c\u00edm\u0171 filmben soha nem f\u00fcst\u00f6l a haj\u00f3 utols\u00f3, negyedik k\u00e9m\u00e9nye, aminek eg\u00e9szen egyszer\u0171 oka van: az eredeti haj\u00f3n is csak dekor\u00e1ci\u00f3s c\u00e9lt szolg\u00e1lt ugyanis ez a negyedik k\u00e9m\u00e9ny, \u00e9s James Cameron szeretett volna a v\u00e9gletekig h\u0171 maradni az eredeti esem\u00e9nyekhez.\" class=\"zf-media\">\r\n\t\t\t\t\t\t\t\t\t\t<img width=\"728\" height=\"411\" src=\"https:\/\/liked.hu\/old\/wp-content\/uploads\/2018\/12\/30326015-636915-1545746742-728-e5d1e8295d-1545922223.jpg\" class=\"\" alt=\"\" loading=\"lazy\" style=\"\" srcset=\"https:\/\/liked.hu\/old\/wp-content\/uploads\/2018\/12\/30326015-636915-1545746742-728-e5d1e8295d-1545922223.jpg 728w, https:\/\/liked.hu\/old\/wp-content\/uploads\/2018\/12\/30326015-636915-1545746742-728-e5d1e8295d-1545922223-300x169.jpg 300w, https:\/\/liked.hu\/old\/wp-content\/uploads\/2018\/12\/30326015-636915-1545746742-728-e5d1e8295d-1545922223-360x203.jpg 360w, https:\/\/liked.hu\/old\/wp-content\/uploads\/2018\/12\/30326015-636915-1545746742-728-e5d1e8295d-1545922223-545x308.jpg 545w\" sizes=\"(max-width: 728px) 100vw, 728px\" \/>\t\t\t\t\t\t\t\t\t\t\t<figcaption class=\"zf-figcaption\">\r\n\t\t\t\t\t\t\t\t\t\t\t\t\t\t\t\t\t\t\t\t\t\t\t\t<cite><\/cite>\r\n\r\n\t\t\t\t\t\t\t\t\t\t\t\t\t\t\t\t\t\t\t\t\t\t\t<\/figcaption>\r\n\t\t\t\t\t\t\t\t\t\t\t\t\t\t\t\t\t\t\t<\/div>\r\n\t\t\t\t\t\t\t\t\t<hr \/>\r\n\t\t\t\t\t\t\t\t<\/figure>\r\n\t\t\t\t\t\t\t\t\t\t\t\t\t\t<\/li>\r\n\t\t\t\t\t\t\t\t\t<\/ol>\r\n\t\t<\/div>\r\n\t<\/div>\r\n\r\n\t<\/div>\n","protected":false},"excerpt":{"rendered":"<p>N\u00e9z\u0151k\u00e9nt \u00e1ltal\u00e1ban minden rejtett apr\u00f3s\u00e1g \u00e9rdekel benn\u00fcnket a kedvenc filmjeinkkel kapcsolatban, a k\u00e9perny\u0151 el\u0151tt \u00fclve azonban m\u00e9gis \u00e1tsiklunk olykor n\u00e9h\u00e1ny rendk\u00edv\u00fcl fontos jellemz\u0151n. \u00c9szrevetted m\u00e1r p\u00e9ld\u00e1ul a Reszkessetek bet\u00f6r\u0151k c\u00edm\u0171 film pazarul fel\u00e9p\u00edtett kar\u00e1csonyi sz\u00ednvil\u00e1g\u00e1t? Tudod, hogy mi a kapcsolat a J\u00f3bar\u00e1tok c\u00edm\u0171 sorozat \u00e9s a P\u00f3kember c\u00edm\u0171 film k\u00f6z\u00f6tt? Nem? Akkor az al\u00e1bbi \u00e9rdekess\u00e9gek [&hellip;]<\/p>\n","protected":false},"author":13,"featured_media":123515,"comment_status":"open","ping_status":"closed","sticky":false,"template":"","format":"standard","meta":{"buzzeditor_post_format":""},"categories":[23,53],"tags":[6302,6304,6303,6301],"yoast_head":"<!-- This site is optimized with the Yoast SEO plugin v19.6.1 - https:\/\/yoast.com\/wordpress\/plugins\/seo\/ -->\n<title>15 \u00e9rdekes r\u00e9szlet a kedvenc filmjeinkb\u0151l, amit valami\u00e9rt sosem vett\u00fcnk \u00e9szre kor\u00e1bban<\/title>\n<meta name=\"description\" content=\"N\u00e9z\u0151k\u00e9nt \u00e1ltal\u00e1ban minden rejtett apr\u00f3s\u00e1g \u00e9rdekel benn\u00fcnket a kedvenc filmjeinkkel kapcsolatban, a k\u00e9perny\u0151 el\u0151tt \u00fclve azonban m\u00e9gis \u00e1tsiklunk olykor\" \/>\n<meta name=\"robots\" content=\"index, follow, max-snippet:-1, max-image-preview:large, max-video-preview:-1\" \/>\n<link rel=\"canonical\" href=\"https:\/\/liked.hu\/old\/erdekes\/15-erdekes-reszlet-a-kedvenc-filmjeinkbol-amit-valamiert-sosem-vettunk-eszre-korabban\/\" \/>\n<link rel=\"next\" href=\"https:\/\/liked.hu\/old\/erdekes\/15-erdekes-reszlet-a-kedvenc-filmjeinkbol-amit-valamiert-sosem-vettunk-eszre-korabban\/2\/\" \/>\n<meta property=\"og:locale\" content=\"hu_HU\" \/>\n<meta property=\"og:type\" content=\"article\" \/>\n<meta property=\"og:title\" content=\"15 \u00e9rdekes r\u00e9szlet a kedvenc filmjeinkb\u0151l, amit valami\u00e9rt sosem vett\u00fcnk \u00e9szre kor\u00e1bban\" \/>\n<meta property=\"og:description\" content=\"N\u00e9z\u0151k\u00e9nt \u00e1ltal\u00e1ban minden rejtett apr\u00f3s\u00e1g \u00e9rdekel benn\u00fcnket a kedvenc filmjeinkkel kapcsolatban, a k\u00e9perny\u0151 el\u0151tt \u00fclve azonban m\u00e9gis \u00e1tsiklunk olykor\" \/>\n<meta property=\"og:url\" content=\"https:\/\/liked.hu\/old\/erdekes\/15-erdekes-reszlet-a-kedvenc-filmjeinkbol-amit-valamiert-sosem-vettunk-eszre-korabban\/\" \/>\n<meta property=\"og:site_name\" content=\"Liked.hu\" \/>\n<meta property=\"article:publisher\" content=\"https:\/\/www.facebook.com\/liked.hu\" \/>\n<meta property=\"article:published_time\" content=\"2019-09-11T19:40:39+00:00\" \/>\n<meta property=\"article:modified_time\" content=\"2022-09-06T09:30:52+00:00\" \/>\n<meta property=\"og:image\" content=\"https:\/\/liked.hu\/old\/wp-content\/uploads\/2018\/12\/Rejtett-filmes-erdekessegek.jpg\" \/>\n\t<meta property=\"og:image:width\" content=\"1200\" \/>\n\t<meta property=\"og:image:height\" content=\"630\" \/>\n\t<meta property=\"og:image:type\" content=\"image\/jpeg\" \/>\n<meta name=\"author\" content=\"Klingstrom\" \/>\n<meta name=\"twitter:card\" content=\"summary\" \/>\n<meta name=\"twitter:creator\" content=\"@LikedHu\" \/>\n<meta name=\"twitter:site\" content=\"@LikedHu\" \/>\n<meta name=\"twitter:label1\" content=\"Szerz\u0151:\" \/>\n\t<meta name=\"twitter:data1\" content=\"Klingstrom\" \/>\n\t<meta name=\"twitter:label2\" content=\"Becs\u00fclt olvas\u00e1si id\u0151\" \/>\n\t<meta name=\"twitter:data2\" content=\"1 perc\" \/>\n<script type=\"application\/ld+json\" class=\"yoast-schema-graph\">{\"@context\":\"https:\/\/schema.org\",\"@graph\":[{\"@type\":\"Article\",\"@id\":\"https:\/\/liked.hu\/old\/erdekes\/15-erdekes-reszlet-a-kedvenc-filmjeinkbol-amit-valamiert-sosem-vettunk-eszre-korabban\/#article\",\"isPartOf\":{\"@id\":\"https:\/\/liked.hu\/old\/erdekes\/15-erdekes-reszlet-a-kedvenc-filmjeinkbol-amit-valamiert-sosem-vettunk-eszre-korabban\/\"},\"author\":{\"name\":\"Klingstrom\",\"@id\":\"https:\/\/liked.hu\/old\/#\/schema\/person\/1c8d3f8764991e8dcd6572a7de72da8a\"},\"headline\":\"15 \u00e9rdekes r\u00e9szlet a kedvenc filmjeinkb\u0151l, amit valami\u00e9rt sosem vett\u00fcnk \u00e9szre kor\u00e1bban\",\"datePublished\":\"2019-09-11T19:40:39+00:00\",\"dateModified\":\"2022-09-06T09:30:52+00:00\",\"mainEntityOfPage\":{\"@id\":\"https:\/\/liked.hu\/old\/erdekes\/15-erdekes-reszlet-a-kedvenc-filmjeinkbol-amit-valamiert-sosem-vettunk-eszre-korabban\/\"},\"wordCount\":133,\"commentCount\":0,\"publisher\":{\"@id\":\"https:\/\/liked.hu\/old\/#organization\"},\"keywords\":[\"\u00e1tsiklott r\u00e9szlet\",\"filmes \u00e9rdekess\u00e9gek\",\"filmes r\u00e9szletek\",\"kedvenc filmjeink\"],\"articleSection\":[\"\u00c9rdekess\u00e9gek\",\"Filmek \u00e9s TV\"],\"inLanguage\":\"hu\",\"potentialAction\":[{\"@type\":\"CommentAction\",\"name\":\"Comment\",\"target\":[\"https:\/\/liked.hu\/old\/erdekes\/15-erdekes-reszlet-a-kedvenc-filmjeinkbol-amit-valamiert-sosem-vettunk-eszre-korabban\/#respond\"]}]},{\"@type\":\"WebPage\",\"@id\":\"https:\/\/liked.hu\/old\/erdekes\/15-erdekes-reszlet-a-kedvenc-filmjeinkbol-amit-valamiert-sosem-vettunk-eszre-korabban\/\",\"url\":\"https:\/\/liked.hu\/old\/erdekes\/15-erdekes-reszlet-a-kedvenc-filmjeinkbol-amit-valamiert-sosem-vettunk-eszre-korabban\/\",\"name\":\"15 \u00e9rdekes r\u00e9szlet a kedvenc filmjeinkb\u0151l, amit valami\u00e9rt sosem vett\u00fcnk \u00e9szre kor\u00e1bban\",\"isPartOf\":{\"@id\":\"https:\/\/liked.hu\/old\/#website\"},\"datePublished\":\"2019-09-11T19:40:39+00:00\",\"dateModified\":\"2022-09-06T09:30:52+00:00\",\"description\":\"N\u00e9z\u0151k\u00e9nt \u00e1ltal\u00e1ban minden rejtett apr\u00f3s\u00e1g \u00e9rdekel benn\u00fcnket a kedvenc filmjeinkkel kapcsolatban, a k\u00e9perny\u0151 el\u0151tt \u00fclve azonban m\u00e9gis \u00e1tsiklunk olykor\",\"breadcrumb\":{\"@id\":\"https:\/\/liked.hu\/old\/erdekes\/15-erdekes-reszlet-a-kedvenc-filmjeinkbol-amit-valamiert-sosem-vettunk-eszre-korabban\/#breadcrumb\"},\"inLanguage\":\"hu\",\"potentialAction\":[{\"@type\":\"ReadAction\",\"target\":[\"https:\/\/liked.hu\/old\/erdekes\/15-erdekes-reszlet-a-kedvenc-filmjeinkbol-amit-valamiert-sosem-vettunk-eszre-korabban\/\"]}]},{\"@type\":\"BreadcrumbList\",\"@id\":\"https:\/\/liked.hu\/old\/erdekes\/15-erdekes-reszlet-a-kedvenc-filmjeinkbol-amit-valamiert-sosem-vettunk-eszre-korabban\/#breadcrumb\",\"itemListElement\":[{\"@type\":\"ListItem\",\"position\":1,\"name\":\"Kezd\u0151lap\"}]},{\"@type\":\"WebSite\",\"@id\":\"https:\/\/liked.hu\/old\/#website\",\"url\":\"https:\/\/liked.hu\/old\/\",\"name\":\"Liked.hu\",\"description\":\"\",\"publisher\":{\"@id\":\"https:\/\/liked.hu\/old\/#organization\"},\"potentialAction\":[{\"@type\":\"SearchAction\",\"target\":{\"@type\":\"EntryPoint\",\"urlTemplate\":\"https:\/\/liked.hu\/old\/?s={search_term_string}\"},\"query-input\":\"required name=search_term_string\"}],\"inLanguage\":\"hu\"},{\"@type\":\"Organization\",\"@id\":\"https:\/\/liked.hu\/old\/#organization\",\"name\":\"Liked.hu\",\"url\":\"https:\/\/liked.hu\/old\/\",\"sameAs\":[\"https:\/\/hu.pinterest.com\/likedhungary\/\",\"https:\/\/www.youtube.com\/channel\/UCPv91dbMoIukYcM9b9nHN6Q\",\"https:\/\/www.facebook.com\/liked.hu\",\"https:\/\/twitter.com\/LikedHu\"],\"logo\":{\"@type\":\"ImageObject\",\"inLanguage\":\"hu\",\"@id\":\"https:\/\/liked.hu\/old\/#\/schema\/logo\/image\/\",\"url\":\"https:\/\/liked.hu\/wp-content\/uploads\/2018\/08\/Liked-icon.png\",\"contentUrl\":\"https:\/\/liked.hu\/wp-content\/uploads\/2018\/08\/Liked-icon.png\",\"width\":512,\"height\":512,\"caption\":\"Liked.hu\"},\"image\":{\"@id\":\"https:\/\/liked.hu\/old\/#\/schema\/logo\/image\/\"}},{\"@type\":\"Person\",\"@id\":\"https:\/\/liked.hu\/old\/#\/schema\/person\/1c8d3f8764991e8dcd6572a7de72da8a\",\"name\":\"Klingstrom\",\"image\":{\"@type\":\"ImageObject\",\"inLanguage\":\"hu\",\"@id\":\"https:\/\/liked.hu\/old\/#\/schema\/person\/image\/\",\"url\":\"https:\/\/liked.hu\/old\/wp-content\/uploads\/avatars\/13\/604de88bd578a-bpfull.jpg\",\"contentUrl\":\"https:\/\/liked.hu\/old\/wp-content\/uploads\/avatars\/13\/604de88bd578a-bpfull.jpg\",\"caption\":\"Klingstrom\"},\"url\":\"https:\/\/liked.hu\/old\/u\/klingstrom\/\"}]}<\/script>\n<!-- \/ Yoast SEO plugin. -->","yoast_head_json":{"title":"15 \u00e9rdekes r\u00e9szlet a kedvenc filmjeinkb\u0151l, amit valami\u00e9rt sosem vett\u00fcnk \u00e9szre kor\u00e1bban","description":"N\u00e9z\u0151k\u00e9nt \u00e1ltal\u00e1ban minden rejtett apr\u00f3s\u00e1g \u00e9rdekel benn\u00fcnket a kedvenc filmjeinkkel kapcsolatban, a k\u00e9perny\u0151 el\u0151tt \u00fclve azonban m\u00e9gis \u00e1tsiklunk olykor","robots":{"index":"index","follow":"follow","max-snippet":"max-snippet:-1","max-image-preview":"max-image-preview:large","max-video-preview":"max-video-preview:-1"},"canonical":"https:\/\/liked.hu\/old\/erdekes\/15-erdekes-reszlet-a-kedvenc-filmjeinkbol-amit-valamiert-sosem-vettunk-eszre-korabban\/","next":"https:\/\/liked.hu\/old\/erdekes\/15-erdekes-reszlet-a-kedvenc-filmjeinkbol-amit-valamiert-sosem-vettunk-eszre-korabban\/2\/","og_locale":"hu_HU","og_type":"article","og_title":"15 \u00e9rdekes r\u00e9szlet a kedvenc filmjeinkb\u0151l, amit valami\u00e9rt sosem vett\u00fcnk \u00e9szre kor\u00e1bban","og_description":"N\u00e9z\u0151k\u00e9nt \u00e1ltal\u00e1ban minden rejtett apr\u00f3s\u00e1g \u00e9rdekel benn\u00fcnket a kedvenc filmjeinkkel kapcsolatban, a k\u00e9perny\u0151 el\u0151tt \u00fclve azonban m\u00e9gis \u00e1tsiklunk olykor","og_url":"https:\/\/liked.hu\/old\/erdekes\/15-erdekes-reszlet-a-kedvenc-filmjeinkbol-amit-valamiert-sosem-vettunk-eszre-korabban\/","og_site_name":"Liked.hu","article_publisher":"https:\/\/www.facebook.com\/liked.hu","article_published_time":"2019-09-11T19:40:39+00:00","article_modified_time":"2022-09-06T09:30:52+00:00","og_image":[{"width":1200,"height":630,"url":"https:\/\/liked.hu\/old\/wp-content\/uploads\/2018\/12\/Rejtett-filmes-erdekessegek.jpg","type":"image\/jpeg"}],"author":"Klingstrom","twitter_card":"summary","twitter_creator":"@LikedHu","twitter_site":"@LikedHu","twitter_misc":{"Szerz\u0151:":"Klingstrom","Becs\u00fclt olvas\u00e1si id\u0151":"1 perc"},"schema":{"@context":"https:\/\/schema.org","@graph":[{"@type":"Article","@id":"https:\/\/liked.hu\/old\/erdekes\/15-erdekes-reszlet-a-kedvenc-filmjeinkbol-amit-valamiert-sosem-vettunk-eszre-korabban\/#article","isPartOf":{"@id":"https:\/\/liked.hu\/old\/erdekes\/15-erdekes-reszlet-a-kedvenc-filmjeinkbol-amit-valamiert-sosem-vettunk-eszre-korabban\/"},"author":{"name":"Klingstrom","@id":"https:\/\/liked.hu\/old\/#\/schema\/person\/1c8d3f8764991e8dcd6572a7de72da8a"},"headline":"15 \u00e9rdekes r\u00e9szlet a kedvenc filmjeinkb\u0151l, amit valami\u00e9rt sosem vett\u00fcnk \u00e9szre kor\u00e1bban","datePublished":"2019-09-11T19:40:39+00:00","dateModified":"2022-09-06T09:30:52+00:00","mainEntityOfPage":{"@id":"https:\/\/liked.hu\/old\/erdekes\/15-erdekes-reszlet-a-kedvenc-filmjeinkbol-amit-valamiert-sosem-vettunk-eszre-korabban\/"},"wordCount":133,"commentCount":0,"publisher":{"@id":"https:\/\/liked.hu\/old\/#organization"},"keywords":["\u00e1tsiklott r\u00e9szlet","filmes \u00e9rdekess\u00e9gek","filmes r\u00e9szletek","kedvenc filmjeink"],"articleSection":["\u00c9rdekess\u00e9gek","Filmek \u00e9s TV"],"inLanguage":"hu","potentialAction":[{"@type":"CommentAction","name":"Comment","target":["https:\/\/liked.hu\/old\/erdekes\/15-erdekes-reszlet-a-kedvenc-filmjeinkbol-amit-valamiert-sosem-vettunk-eszre-korabban\/#respond"]}]},{"@type":"WebPage","@id":"https:\/\/liked.hu\/old\/erdekes\/15-erdekes-reszlet-a-kedvenc-filmjeinkbol-amit-valamiert-sosem-vettunk-eszre-korabban\/","url":"https:\/\/liked.hu\/old\/erdekes\/15-erdekes-reszlet-a-kedvenc-filmjeinkbol-amit-valamiert-sosem-vettunk-eszre-korabban\/","name":"15 \u00e9rdekes r\u00e9szlet a kedvenc filmjeinkb\u0151l, amit valami\u00e9rt sosem vett\u00fcnk \u00e9szre kor\u00e1bban","isPartOf":{"@id":"https:\/\/liked.hu\/old\/#website"},"datePublished":"2019-09-11T19:40:39+00:00","dateModified":"2022-09-06T09:30:52+00:00","description":"N\u00e9z\u0151k\u00e9nt \u00e1ltal\u00e1ban minden rejtett apr\u00f3s\u00e1g \u00e9rdekel benn\u00fcnket a kedvenc filmjeinkkel kapcsolatban, a k\u00e9perny\u0151 el\u0151tt \u00fclve azonban m\u00e9gis \u00e1tsiklunk olykor","breadcrumb":{"@id":"https:\/\/liked.hu\/old\/erdekes\/15-erdekes-reszlet-a-kedvenc-filmjeinkbol-amit-valamiert-sosem-vettunk-eszre-korabban\/#breadcrumb"},"inLanguage":"hu","potentialAction":[{"@type":"ReadAction","target":["https:\/\/liked.hu\/old\/erdekes\/15-erdekes-reszlet-a-kedvenc-filmjeinkbol-amit-valamiert-sosem-vettunk-eszre-korabban\/"]}]},{"@type":"BreadcrumbList","@id":"https:\/\/liked.hu\/old\/erdekes\/15-erdekes-reszlet-a-kedvenc-filmjeinkbol-amit-valamiert-sosem-vettunk-eszre-korabban\/#breadcrumb","itemListElement":[{"@type":"ListItem","position":1,"name":"Kezd\u0151lap"}]},{"@type":"WebSite","@id":"https:\/\/liked.hu\/old\/#website","url":"https:\/\/liked.hu\/old\/","name":"Liked.hu","description":"","publisher":{"@id":"https:\/\/liked.hu\/old\/#organization"},"potentialAction":[{"@type":"SearchAction","target":{"@type":"EntryPoint","urlTemplate":"https:\/\/liked.hu\/old\/?s={search_term_string}"},"query-input":"required name=search_term_string"}],"inLanguage":"hu"},{"@type":"Organization","@id":"https:\/\/liked.hu\/old\/#organization","name":"Liked.hu","url":"https:\/\/liked.hu\/old\/","sameAs":["https:\/\/hu.pinterest.com\/likedhungary\/","https:\/\/www.youtube.com\/channel\/UCPv91dbMoIukYcM9b9nHN6Q","https:\/\/www.facebook.com\/liked.hu","https:\/\/twitter.com\/LikedHu"],"logo":{"@type":"ImageObject","inLanguage":"hu","@id":"https:\/\/liked.hu\/old\/#\/schema\/logo\/image\/","url":"https:\/\/liked.hu\/wp-content\/uploads\/2018\/08\/Liked-icon.png","contentUrl":"https:\/\/liked.hu\/wp-content\/uploads\/2018\/08\/Liked-icon.png","width":512,"height":512,"caption":"Liked.hu"},"image":{"@id":"https:\/\/liked.hu\/old\/#\/schema\/logo\/image\/"}},{"@type":"Person","@id":"https:\/\/liked.hu\/old\/#\/schema\/person\/1c8d3f8764991e8dcd6572a7de72da8a","name":"Klingstrom","image":{"@type":"ImageObject","inLanguage":"hu","@id":"https:\/\/liked.hu\/old\/#\/schema\/person\/image\/","url":"https:\/\/liked.hu\/old\/wp-content\/uploads\/avatars\/13\/604de88bd578a-bpfull.jpg","contentUrl":"https:\/\/liked.hu\/old\/wp-content\/uploads\/avatars\/13\/604de88bd578a-bpfull.jpg","caption":"Klingstrom"},"url":"https:\/\/liked.hu\/old\/u\/klingstrom\/"}]}},"publishpress_future_action":{"enabled":false,"date":"1970-01-01 01:00:00","action":"","terms":[],"taxonomy":"","browser_timezone_offset":0},"_links":{"self":[{"href":"https:\/\/liked.hu\/old\/wp-json\/wp\/v2\/posts\/123513"}],"collection":[{"href":"https:\/\/liked.hu\/old\/wp-json\/wp\/v2\/posts"}],"about":[{"href":"https:\/\/liked.hu\/old\/wp-json\/wp\/v2\/types\/post"}],"author":[{"embeddable":true,"href":"https:\/\/liked.hu\/old\/wp-json\/wp\/v2\/users\/13"}],"replies":[{"embeddable":true,"href":"https:\/\/liked.hu\/old\/wp-json\/wp\/v2\/comments?post=123513"}],"version-history":[{"count":0,"href":"https:\/\/liked.hu\/old\/wp-json\/wp\/v2\/posts\/123513\/revisions"}],"wp:featuredmedia":[{"embeddable":true,"href":"https:\/\/liked.hu\/old\/wp-json\/wp\/v2\/media\/123515"}],"wp:attachment":[{"href":"https:\/\/liked.hu\/old\/wp-json\/wp\/v2\/media?parent=123513"}],"wp:term":[{"taxonomy":"category","embeddable":true,"href":"https:\/\/liked.hu\/old\/wp-json\/wp\/v2\/categories?post=123513"},{"taxonomy":"post_tag","embeddable":true,"href":"https:\/\/liked.hu\/old\/wp-json\/wp\/v2\/tags?post=123513"}],"curies":[{"name":"wp","href":"https:\/\/api.w.org\/{rel}","templated":true}]}}