{"id":11837,"date":"2016-12-14T14:40:24","date_gmt":"2016-12-14T13:40:24","guid":{"rendered":"http:\/\/liked.hu\/?p=11837"},"modified":"2022-09-05T12:10:21","modified_gmt":"2022-09-05T10:10:21","slug":"vilag-legerosebb-tuzoltoautoja","status":"publish","type":"post","link":"https:\/\/liked.hu\/old\/video\/vilag-legerosebb-tuzoltoautoja\/","title":{"rendered":"\u00cdgy puszt\u00edtja a t\u00fczet a vil\u00e1g leger\u0151sebb, g\u00e1zturbin\u00e1s-sug\u00e1rhajt\u00f3m\u0171vel felszerelt t\u0171zolt\u00f3aut\u00f3ja"},"content":{"rendered":"<p>Ha hiszitek, ha nem, a vil\u00e1g leger\u0151sebb t\u0171zolt\u00f3-g\u00e9pezete egy magyar m\u00e9rn\u00f6k\u00f6k \u00e1ltal megtervezett sz\u00f6rnyeteg, melyet a hidegh\u00e1bor\u00fa idej\u00e9n, az 1968. december 19-i algy\u0151i g\u00e1zkit\u00f6r\u00e9s t\u00fcz\u00e9nek olt\u00e1s\u00e1ra fejlesztettek ki.<\/p>\n\n<div style=\"float:none;margin:0px 0 0px 0;text-align:center;\">\n<div class=\"mobileShowkakettes\"><div class=\"mobileShowka2\"><div style=\"padding-top:0px;padding-bottom:15px;min-height: 300px;\"><div class=\"hirdetes\">HIRDET\u00c9S<\/div>\n<!-- 300lista -->\n<ins class=\"adsbygoogle\"\n     style=\"display:inline-block;width:300px;height:250px\"\n     data-ad-client=\"ca-pub-9424088931673893\"\n     data-ad-slot=\"8471340766\"><\/ins>\n<script async>\n     (adsbygoogle = window.adsbygoogle || []).push({});\n<\/script><\/div><\/div><\/div><\/div>\n\n<p>Ha b\u00e1r az \u00e9vsz\u00e1mokb\u00f3l is k\u00f6nnyen kik\u00f6vetkeztethet\u0151, hogy 1968 bizony nem ma volt, m\u00e9gis a ,,Big Wind\u201d (nagy sz\u00e9l) n\u00e9vre keresztelt monstrum mind a mai napig a vil\u00e1g leger\u0151sebb ,,t\u0171zolt\u00f3aut\u00f3j\u00e1nak\u201d sz\u00e1m\u00edt.<\/p>\n<p>A ,t\u0171zolt\u00f3aut\u00f3\u201d sz\u00f3 az\u00e9rt ker\u00fclt id\u00e9z\u0151jelbe, mert er\u0151s t\u00falz\u00e1s lenne err\u0151l a sz\u00f6rnyetegr\u0151l azt \u00e1ll\u00edtani, hogy egy sima aut\u00f3 lenne. A&nbsp;j\u00e1rm\u0171 alapj\u00e1t ugyanis egy l\u00e1nctalpakon gurul\u00f3 tank k\u00e9pezi, erre a p\u00e1nc\u00e9lozott sz\u00f6rnyetegre ker\u00fclt a&nbsp;k\u00e9t darab MiG-21 sug\u00e1rhajt\u00f3m\u0171, ami garant\u00e1lja, hogy&nbsp;a g\u00e9p percenk\u00e9nt t\u00f6bb mint 12 000 liter vizet, 1600 liter k\u00f6z\u00e9phabot, 6400 liter neh\u00e9zhabot \u00e9s m\u00e1sodpercenk\u00e9nt mint egy 80kg port legyen k\u00e9pes a kiszemelt t\u0171zre z\u00fad\u00edtani. Ez a ritkas\u00e1gsz\u00e1mba men\u0151 turb\u00f3reakt\u00edv olt\u00f3g\u00e9p jelenleg a Pestvid\u00e9ki Rep\u00fcl\u0151g\u00e9p Jav\u00edt\u00f3 \u00dczemben (T\u00f6k\u00f6l) tal\u00e1lhat\u00f3.<\/p>\n<p>Ennyit az adatokr\u00f3l, l\u00e1ssuk hogyan is m\u0171k\u00f6dik ez a brut\u00e1lis monstrum a val\u00f3s\u00e1gban! Ha b\u0151vebben szeretn\u00e9tek r\u00f3la olvasni, \u00e9rdemes ell\u00e1togatni a Big Wind hivatalos, magyar nyelv\u0171 <strong><a href=\"https:\/\/liked.hu\/old\/kimeno.php?https:\/\/hu.wikipedia.org\/wiki\/Big_Wind\">Wikip\u00e9dia<\/a><\/strong>&nbsp;oldal\u00e1ra, ott minden r\u00e9szletes inform\u00e1ci\u00f3t megtal\u00e1lhattok r\u00f3la.<\/p>\n<p><iframe loading=\"lazy\" title=\"The Most Powerful Fire Truck in The World - Big Wind\" width=\"500\" height=\"281\" src=\"https:\/\/www.youtube.com\/embed\/j7Ss3BMrscE?feature=oembed\" frameborder=\"0\" allow=\"accelerometer; autoplay; clipboard-write; encrypted-media; gyroscope; picture-in-picture; web-share\" referrerpolicy=\"strict-origin-when-cross-origin\" allowfullscreen><\/iframe><\/p>\n","protected":false},"excerpt":{"rendered":"<p>Ha hiszitek, ha nem, a vil\u00e1g leger\u0151sebb t\u0171zolt\u00f3-g\u00e9pezete egy magyar m\u00e9rn\u00f6k\u00f6k \u00e1ltal megtervezett sz\u00f6rnyeteg, melyet a hidegh\u00e1bor\u00fa idej\u00e9n, az 1968. december 19-i algy\u0151i g\u00e1zkit\u00f6r\u00e9s t\u00fcz\u00e9nek olt\u00e1s\u00e1ra fejlesztettek ki. Ha b\u00e1r az \u00e9vsz\u00e1mokb\u00f3l is k\u00f6nnyen kik\u00f6vetkeztethet\u0151, hogy 1968 bizony nem ma volt, m\u00e9gis a ,,Big Wind\u201d (nagy sz\u00e9l) n\u00e9vre keresztelt monstrum mind a mai napig a [&hellip;]<\/p>\n","protected":false},"author":13,"featured_media":291348,"comment_status":"open","ping_status":"closed","sticky":false,"template":"","format":"standard","meta":{"buzzeditor_post_format":""},"categories":[43],"tags":[8700,890,1551,1720,2176,2327,2694],"yoast_head":"<!-- This site is optimized with the Yoast SEO plugin v19.6.1 - https:\/\/yoast.com\/wordpress\/plugins\/seo\/ -->\n<title>\u00cdgy puszt\u00edtja a t\u00fczet a vil\u00e1g leger\u0151sebb, g\u00e1zturbin\u00e1s-sug\u00e1rhajt\u00f3m\u0171vel felszerelt t\u0171zolt\u00f3aut\u00f3ja<\/title>\n<meta name=\"description\" content=\"Ha hiszitek, ha nem, a vil\u00e1g leger\u0151sebb t\u0171zolt\u00f3-g\u00e9pezete egy magyar m\u00e9rn\u00f6k\u00f6k \u00e1ltal megtervezett sz\u00f6rnyeteg, melyet a hidegh\u00e1bor\u00fa idej\u00e9n, az 1968. december\" \/>\n<meta name=\"robots\" content=\"index, follow, max-snippet:-1, max-image-preview:large, max-video-preview:-1\" \/>\n<link rel=\"canonical\" href=\"https:\/\/liked.hu\/old\/video\/vilag-legerosebb-tuzoltoautoja\/\" \/>\n<meta property=\"og:locale\" content=\"hu_HU\" \/>\n<meta property=\"og:type\" content=\"article\" \/>\n<meta property=\"og:title\" content=\"\u00cdgy puszt\u00edtja a t\u00fczet a vil\u00e1g leger\u0151sebb, g\u00e1zturbin\u00e1s-sug\u00e1rhajt\u00f3m\u0171vel felszerelt t\u0171zolt\u00f3aut\u00f3ja\" \/>\n<meta property=\"og:description\" content=\"Ha hiszitek, ha nem, a vil\u00e1g leger\u0151sebb t\u0171zolt\u00f3-g\u00e9pezete egy magyar m\u00e9rn\u00f6k\u00f6k \u00e1ltal megtervezett sz\u00f6rnyeteg, melyet a hidegh\u00e1bor\u00fa idej\u00e9n, az 1968. december\" \/>\n<meta property=\"og:url\" content=\"https:\/\/liked.hu\/old\/video\/vilag-legerosebb-tuzoltoautoja\/\" \/>\n<meta property=\"og:site_name\" content=\"Liked.hu\" \/>\n<meta property=\"article:publisher\" content=\"https:\/\/www.facebook.com\/liked.hu\" \/>\n<meta property=\"article:published_time\" content=\"2016-12-14T13:40:24+00:00\" \/>\n<meta property=\"article:modified_time\" content=\"2022-09-05T10:10:21+00:00\" \/>\n<meta property=\"og:image\" content=\"https:\/\/liked.hu\/old\/wp-content\/uploads\/2016\/12\/Tuzolto-szornyeteg.jpg\" \/>\n\t<meta property=\"og:image:width\" content=\"1200\" \/>\n\t<meta property=\"og:image:height\" content=\"630\" \/>\n\t<meta property=\"og:image:type\" content=\"image\/jpeg\" \/>\n<meta name=\"author\" content=\"Klingstrom\" \/>\n<meta name=\"twitter:card\" content=\"summary\" \/>\n<meta name=\"twitter:creator\" content=\"@LikedHu\" \/>\n<meta name=\"twitter:site\" content=\"@LikedHu\" \/>\n<meta name=\"twitter:label1\" content=\"Szerz\u0151:\" \/>\n\t<meta name=\"twitter:data1\" content=\"Klingstrom\" \/>\n\t<meta name=\"twitter:label2\" content=\"Becs\u00fclt olvas\u00e1si id\u0151\" \/>\n\t<meta name=\"twitter:data2\" content=\"1 perc\" \/>\n<script type=\"application\/ld+json\" class=\"yoast-schema-graph\">{\"@context\":\"https:\/\/schema.org\",\"@graph\":[{\"@type\":\"Article\",\"@id\":\"https:\/\/liked.hu\/old\/video\/vilag-legerosebb-tuzoltoautoja\/#article\",\"isPartOf\":{\"@id\":\"https:\/\/liked.hu\/old\/video\/vilag-legerosebb-tuzoltoautoja\/\"},\"author\":{\"name\":\"Klingstrom\",\"@id\":\"https:\/\/liked.hu\/old\/#\/schema\/person\/1c8d3f8764991e8dcd6572a7de72da8a\"},\"headline\":\"\u00cdgy puszt\u00edtja a t\u00fczet a vil\u00e1g leger\u0151sebb, g\u00e1zturbin\u00e1s-sug\u00e1rhajt\u00f3m\u0171vel felszerelt t\u0171zolt\u00f3aut\u00f3ja\",\"datePublished\":\"2016-12-14T13:40:24+00:00\",\"dateModified\":\"2022-09-05T10:10:21+00:00\",\"mainEntityOfPage\":{\"@id\":\"https:\/\/liked.hu\/old\/video\/vilag-legerosebb-tuzoltoautoja\/\"},\"wordCount\":311,\"commentCount\":0,\"publisher\":{\"@id\":\"https:\/\/liked.hu\/old\/#organization\"},\"keywords\":[\"B\u00edzz bennem m\u00e9rn\u00f6k vagyok\",\"g\u00e9p\",\"legjobb\",\"m\u00e9rn\u00f6k\",\"rekord\",\"sug\u00e1rhajt\u00f3m\u0171\",\"t\u0171zolt\u00f3\"],\"articleSection\":[\"Vide\u00f3k\"],\"inLanguage\":\"hu\",\"potentialAction\":[{\"@type\":\"CommentAction\",\"name\":\"Comment\",\"target\":[\"https:\/\/liked.hu\/old\/video\/vilag-legerosebb-tuzoltoautoja\/#respond\"]}]},{\"@type\":\"WebPage\",\"@id\":\"https:\/\/liked.hu\/old\/video\/vilag-legerosebb-tuzoltoautoja\/\",\"url\":\"https:\/\/liked.hu\/old\/video\/vilag-legerosebb-tuzoltoautoja\/\",\"name\":\"\u00cdgy puszt\u00edtja a t\u00fczet a vil\u00e1g leger\u0151sebb, g\u00e1zturbin\u00e1s-sug\u00e1rhajt\u00f3m\u0171vel felszerelt t\u0171zolt\u00f3aut\u00f3ja\",\"isPartOf\":{\"@id\":\"https:\/\/liked.hu\/old\/#website\"},\"datePublished\":\"2016-12-14T13:40:24+00:00\",\"dateModified\":\"2022-09-05T10:10:21+00:00\",\"description\":\"Ha hiszitek, ha nem, a vil\u00e1g leger\u0151sebb t\u0171zolt\u00f3-g\u00e9pezete egy magyar m\u00e9rn\u00f6k\u00f6k \u00e1ltal megtervezett sz\u00f6rnyeteg, melyet a hidegh\u00e1bor\u00fa idej\u00e9n, az 1968. december\",\"breadcrumb\":{\"@id\":\"https:\/\/liked.hu\/old\/video\/vilag-legerosebb-tuzoltoautoja\/#breadcrumb\"},\"inLanguage\":\"hu\",\"potentialAction\":[{\"@type\":\"ReadAction\",\"target\":[\"https:\/\/liked.hu\/old\/video\/vilag-legerosebb-tuzoltoautoja\/\"]}]},{\"@type\":\"BreadcrumbList\",\"@id\":\"https:\/\/liked.hu\/old\/video\/vilag-legerosebb-tuzoltoautoja\/#breadcrumb\",\"itemListElement\":[{\"@type\":\"ListItem\",\"position\":1,\"name\":\"Kezd\u0151lap\",\"item\":\"https:\/\/liked.hu\/old\/\"},{\"@type\":\"ListItem\",\"position\":2,\"name\":\"\u00cdgy puszt\u00edtja a t\u00fczet a vil\u00e1g leger\u0151sebb, g\u00e1zturbin\u00e1s-sug\u00e1rhajt\u00f3m\u0171vel felszerelt t\u0171zolt\u00f3aut\u00f3ja\"}]},{\"@type\":\"WebSite\",\"@id\":\"https:\/\/liked.hu\/old\/#website\",\"url\":\"https:\/\/liked.hu\/old\/\",\"name\":\"Liked.hu\",\"description\":\"\",\"publisher\":{\"@id\":\"https:\/\/liked.hu\/old\/#organization\"},\"potentialAction\":[{\"@type\":\"SearchAction\",\"target\":{\"@type\":\"EntryPoint\",\"urlTemplate\":\"https:\/\/liked.hu\/old\/?s={search_term_string}\"},\"query-input\":\"required name=search_term_string\"}],\"inLanguage\":\"hu\"},{\"@type\":\"Organization\",\"@id\":\"https:\/\/liked.hu\/old\/#organization\",\"name\":\"Liked.hu\",\"url\":\"https:\/\/liked.hu\/old\/\",\"sameAs\":[\"https:\/\/hu.pinterest.com\/likedhungary\/\",\"https:\/\/www.youtube.com\/channel\/UCPv91dbMoIukYcM9b9nHN6Q\",\"https:\/\/www.facebook.com\/liked.hu\",\"https:\/\/twitter.com\/LikedHu\"],\"logo\":{\"@type\":\"ImageObject\",\"inLanguage\":\"hu\",\"@id\":\"https:\/\/liked.hu\/old\/#\/schema\/logo\/image\/\",\"url\":\"https:\/\/liked.hu\/wp-content\/uploads\/2018\/08\/Liked-icon.png\",\"contentUrl\":\"https:\/\/liked.hu\/wp-content\/uploads\/2018\/08\/Liked-icon.png\",\"width\":512,\"height\":512,\"caption\":\"Liked.hu\"},\"image\":{\"@id\":\"https:\/\/liked.hu\/old\/#\/schema\/logo\/image\/\"}},{\"@type\":\"Person\",\"@id\":\"https:\/\/liked.hu\/old\/#\/schema\/person\/1c8d3f8764991e8dcd6572a7de72da8a\",\"name\":\"Klingstrom\",\"image\":{\"@type\":\"ImageObject\",\"inLanguage\":\"hu\",\"@id\":\"https:\/\/liked.hu\/old\/#\/schema\/person\/image\/\",\"url\":\"https:\/\/liked.hu\/old\/wp-content\/uploads\/avatars\/13\/604de88bd578a-bpfull.jpg\",\"contentUrl\":\"https:\/\/liked.hu\/old\/wp-content\/uploads\/avatars\/13\/604de88bd578a-bpfull.jpg\",\"caption\":\"Klingstrom\"},\"url\":\"https:\/\/liked.hu\/old\/u\/klingstrom\/\"}]}<\/script>\n<!-- \/ Yoast SEO plugin. -->","yoast_head_json":{"title":"\u00cdgy puszt\u00edtja a t\u00fczet a vil\u00e1g leger\u0151sebb, g\u00e1zturbin\u00e1s-sug\u00e1rhajt\u00f3m\u0171vel felszerelt t\u0171zolt\u00f3aut\u00f3ja","description":"Ha hiszitek, ha nem, a vil\u00e1g leger\u0151sebb t\u0171zolt\u00f3-g\u00e9pezete egy magyar m\u00e9rn\u00f6k\u00f6k \u00e1ltal megtervezett sz\u00f6rnyeteg, melyet a hidegh\u00e1bor\u00fa idej\u00e9n, az 1968. december","robots":{"index":"index","follow":"follow","max-snippet":"max-snippet:-1","max-image-preview":"max-image-preview:large","max-video-preview":"max-video-preview:-1"},"canonical":"https:\/\/liked.hu\/old\/video\/vilag-legerosebb-tuzoltoautoja\/","og_locale":"hu_HU","og_type":"article","og_title":"\u00cdgy puszt\u00edtja a t\u00fczet a vil\u00e1g leger\u0151sebb, g\u00e1zturbin\u00e1s-sug\u00e1rhajt\u00f3m\u0171vel felszerelt t\u0171zolt\u00f3aut\u00f3ja","og_description":"Ha hiszitek, ha nem, a vil\u00e1g leger\u0151sebb t\u0171zolt\u00f3-g\u00e9pezete egy magyar m\u00e9rn\u00f6k\u00f6k \u00e1ltal megtervezett sz\u00f6rnyeteg, melyet a hidegh\u00e1bor\u00fa idej\u00e9n, az 1968. december","og_url":"https:\/\/liked.hu\/old\/video\/vilag-legerosebb-tuzoltoautoja\/","og_site_name":"Liked.hu","article_publisher":"https:\/\/www.facebook.com\/liked.hu","article_published_time":"2016-12-14T13:40:24+00:00","article_modified_time":"2022-09-05T10:10:21+00:00","og_image":[{"width":1200,"height":630,"url":"https:\/\/liked.hu\/old\/wp-content\/uploads\/2016\/12\/Tuzolto-szornyeteg.jpg","type":"image\/jpeg"}],"author":"Klingstrom","twitter_card":"summary","twitter_creator":"@LikedHu","twitter_site":"@LikedHu","twitter_misc":{"Szerz\u0151:":"Klingstrom","Becs\u00fclt olvas\u00e1si id\u0151":"1 perc"},"schema":{"@context":"https:\/\/schema.org","@graph":[{"@type":"Article","@id":"https:\/\/liked.hu\/old\/video\/vilag-legerosebb-tuzoltoautoja\/#article","isPartOf":{"@id":"https:\/\/liked.hu\/old\/video\/vilag-legerosebb-tuzoltoautoja\/"},"author":{"name":"Klingstrom","@id":"https:\/\/liked.hu\/old\/#\/schema\/person\/1c8d3f8764991e8dcd6572a7de72da8a"},"headline":"\u00cdgy puszt\u00edtja a t\u00fczet a vil\u00e1g leger\u0151sebb, g\u00e1zturbin\u00e1s-sug\u00e1rhajt\u00f3m\u0171vel felszerelt t\u0171zolt\u00f3aut\u00f3ja","datePublished":"2016-12-14T13:40:24+00:00","dateModified":"2022-09-05T10:10:21+00:00","mainEntityOfPage":{"@id":"https:\/\/liked.hu\/old\/video\/vilag-legerosebb-tuzoltoautoja\/"},"wordCount":311,"commentCount":0,"publisher":{"@id":"https:\/\/liked.hu\/old\/#organization"},"keywords":["B\u00edzz bennem m\u00e9rn\u00f6k vagyok","g\u00e9p","legjobb","m\u00e9rn\u00f6k","rekord","sug\u00e1rhajt\u00f3m\u0171","t\u0171zolt\u00f3"],"articleSection":["Vide\u00f3k"],"inLanguage":"hu","potentialAction":[{"@type":"CommentAction","name":"Comment","target":["https:\/\/liked.hu\/old\/video\/vilag-legerosebb-tuzoltoautoja\/#respond"]}]},{"@type":"WebPage","@id":"https:\/\/liked.hu\/old\/video\/vilag-legerosebb-tuzoltoautoja\/","url":"https:\/\/liked.hu\/old\/video\/vilag-legerosebb-tuzoltoautoja\/","name":"\u00cdgy puszt\u00edtja a t\u00fczet a vil\u00e1g leger\u0151sebb, g\u00e1zturbin\u00e1s-sug\u00e1rhajt\u00f3m\u0171vel felszerelt t\u0171zolt\u00f3aut\u00f3ja","isPartOf":{"@id":"https:\/\/liked.hu\/old\/#website"},"datePublished":"2016-12-14T13:40:24+00:00","dateModified":"2022-09-05T10:10:21+00:00","description":"Ha hiszitek, ha nem, a vil\u00e1g leger\u0151sebb t\u0171zolt\u00f3-g\u00e9pezete egy magyar m\u00e9rn\u00f6k\u00f6k \u00e1ltal megtervezett sz\u00f6rnyeteg, melyet a hidegh\u00e1bor\u00fa idej\u00e9n, az 1968. december","breadcrumb":{"@id":"https:\/\/liked.hu\/old\/video\/vilag-legerosebb-tuzoltoautoja\/#breadcrumb"},"inLanguage":"hu","potentialAction":[{"@type":"ReadAction","target":["https:\/\/liked.hu\/old\/video\/vilag-legerosebb-tuzoltoautoja\/"]}]},{"@type":"BreadcrumbList","@id":"https:\/\/liked.hu\/old\/video\/vilag-legerosebb-tuzoltoautoja\/#breadcrumb","itemListElement":[{"@type":"ListItem","position":1,"name":"Kezd\u0151lap","item":"https:\/\/liked.hu\/old\/"},{"@type":"ListItem","position":2,"name":"\u00cdgy puszt\u00edtja a t\u00fczet a vil\u00e1g leger\u0151sebb, g\u00e1zturbin\u00e1s-sug\u00e1rhajt\u00f3m\u0171vel felszerelt t\u0171zolt\u00f3aut\u00f3ja"}]},{"@type":"WebSite","@id":"https:\/\/liked.hu\/old\/#website","url":"https:\/\/liked.hu\/old\/","name":"Liked.hu","description":"","publisher":{"@id":"https:\/\/liked.hu\/old\/#organization"},"potentialAction":[{"@type":"SearchAction","target":{"@type":"EntryPoint","urlTemplate":"https:\/\/liked.hu\/old\/?s={search_term_string}"},"query-input":"required name=search_term_string"}],"inLanguage":"hu"},{"@type":"Organization","@id":"https:\/\/liked.hu\/old\/#organization","name":"Liked.hu","url":"https:\/\/liked.hu\/old\/","sameAs":["https:\/\/hu.pinterest.com\/likedhungary\/","https:\/\/www.youtube.com\/channel\/UCPv91dbMoIukYcM9b9nHN6Q","https:\/\/www.facebook.com\/liked.hu","https:\/\/twitter.com\/LikedHu"],"logo":{"@type":"ImageObject","inLanguage":"hu","@id":"https:\/\/liked.hu\/old\/#\/schema\/logo\/image\/","url":"https:\/\/liked.hu\/wp-content\/uploads\/2018\/08\/Liked-icon.png","contentUrl":"https:\/\/liked.hu\/wp-content\/uploads\/2018\/08\/Liked-icon.png","width":512,"height":512,"caption":"Liked.hu"},"image":{"@id":"https:\/\/liked.hu\/old\/#\/schema\/logo\/image\/"}},{"@type":"Person","@id":"https:\/\/liked.hu\/old\/#\/schema\/person\/1c8d3f8764991e8dcd6572a7de72da8a","name":"Klingstrom","image":{"@type":"ImageObject","inLanguage":"hu","@id":"https:\/\/liked.hu\/old\/#\/schema\/person\/image\/","url":"https:\/\/liked.hu\/old\/wp-content\/uploads\/avatars\/13\/604de88bd578a-bpfull.jpg","contentUrl":"https:\/\/liked.hu\/old\/wp-content\/uploads\/avatars\/13\/604de88bd578a-bpfull.jpg","caption":"Klingstrom"},"url":"https:\/\/liked.hu\/old\/u\/klingstrom\/"}]}},"publishpress_future_action":{"enabled":false,"date":"1970-01-01 01:00:00","action":"","terms":[],"taxonomy":"","browser_timezone_offset":0},"_links":{"self":[{"href":"https:\/\/liked.hu\/old\/wp-json\/wp\/v2\/posts\/11837"}],"collection":[{"href":"https:\/\/liked.hu\/old\/wp-json\/wp\/v2\/posts"}],"about":[{"href":"https:\/\/liked.hu\/old\/wp-json\/wp\/v2\/types\/post"}],"author":[{"embeddable":true,"href":"https:\/\/liked.hu\/old\/wp-json\/wp\/v2\/users\/13"}],"replies":[{"embeddable":true,"href":"https:\/\/liked.hu\/old\/wp-json\/wp\/v2\/comments?post=11837"}],"version-history":[{"count":0,"href":"https:\/\/liked.hu\/old\/wp-json\/wp\/v2\/posts\/11837\/revisions"}],"wp:featuredmedia":[{"embeddable":true,"href":"https:\/\/liked.hu\/old\/wp-json\/wp\/v2\/media\/291348"}],"wp:attachment":[{"href":"https:\/\/liked.hu\/old\/wp-json\/wp\/v2\/media?parent=11837"}],"wp:term":[{"taxonomy":"category","embeddable":true,"href":"https:\/\/liked.hu\/old\/wp-json\/wp\/v2\/categories?post=11837"},{"taxonomy":"post_tag","embeddable":true,"href":"https:\/\/liked.hu\/old\/wp-json\/wp\/v2\/tags?post=11837"}],"curies":[{"name":"wp","href":"https:\/\/api.w.org\/{rel}","templated":true}]}}