{"id":117461,"date":"2019-08-17T18:30:15","date_gmt":"2019-08-17T16:30:15","guid":{"rendered":"https:\/\/liked.hu\/old\/?p=117461"},"modified":"2022-09-06T02:30:15","modified_gmt":"2022-09-06T00:30:15","slug":"igy-neznek-ki-a-bolygo-legdogosebb-nagymamai-akiknek-a-sutemenyeit-meg-ma-is-sokan-megkostolnak","status":"publish","type":"post","link":"https:\/\/liked.hu\/old\/internetes-dolgok\/igy-neznek-ki-a-bolygo-legdogosebb-nagymamai-akiknek-a-sutemenyeit-meg-ma-is-sokan-megkostolnak\/","title":{"rendered":"\u00cdgy n\u00e9znek ki a bolyg\u00f3 legd\u00f6g\u00f6sebb nagymam\u00e1i, akiknek a s\u00fctem\u00e9nyeit m\u00e9g ma is sokan megk\u00f3stoln\u00e1k"},"content":{"rendered":"<p>Nagymam\u00e1k &#8211; legt\u00f6bb\u00fcnknek aranyos, szem\u00fcveg al\u00f3l kikandik\u00e1l\u00f3, konyh\u00e1ban szorgoskod\u00f3, csupasz\u00edv \u0151szhaj\u00fa n\u00e9nik\u00e9k jutnak az esz\u00fcnkbe, legal\u00e1bbis a mi nagymam\u00e1ink m\u00e9g ilyenek voltak.<\/p>\n\n<div style=\"float:none;margin:0px 0 0px 0;text-align:center;\">\n<div class=\"mobileShowkakettes\"><div class=\"mobileShowka2\"><div style=\"padding-top:0px;padding-bottom:15px;min-height: 300px;\"><div class=\"hirdetes\">HIRDET\u00c9S<\/div>\n<!-- 300lista -->\n<ins class=\"adsbygoogle\"\n     style=\"display:inline-block;width:300px;height:250px\"\n     data-ad-client=\"ca-pub-9424088931673893\"\n     data-ad-slot=\"8471340766\"><\/ins>\n<script async>\n     (adsbygoogle = window.adsbygoogle || []).push({});\n<\/script><\/div><\/div><\/div><\/div>\n\n<p>Manaps\u00e1g azonban nagyot fordult a vil\u00e1g, \u00e9s mint ahogy azt a most k\u00f6vetkez\u0151 k\u00e9pek is remek\u00fcl mutatj\u00e1k, egy nagymama is rendelkezhet huszon\u00e9ves l\u00e1nyokat megsz\u00e9gyen\u00edt\u0151 k\u00fcls\u0151vel.<\/p>\n<div id=\"zombify-main-section-front\" class=\"zombify-main-section-front zombify-screen zf-media-full\">\r\n<link rel=\"stylesheet\" type=\"text\/css\" href=\"https:\/\/liked.hu\/old\/js\/zombify.css\">\r\n    <link rel=\"stylesheet\" type=\"text\/css\" href=\"https:\/\/liked.hu\/old\/wp-content\/themes\/newsy-child\/style.css\">\r\n\t\r\n    <div class=\"zf-container\">\r\n\r\n\r\n        <div id=\"zf-story\" class=\"zf-story\">\r\n            <div class=\"zf-story_item\">\r\n\t<h3 class=\"zf_title\">Zaklina Berrido Pisano - 51 \u00e9ves<\/h3>\r\n\t\t\t<figure class=\"zf-story_media zf-media-wrapper zf-image zf-type-image\">\r\n\t\t\t<div class=\"zf-media\">\r\n\t\t\t\t<img width=\"800\" height=\"1000\" src=\"https:\/\/liked.hu\/old\/wp-content\/uploads\/2018\/11\/1-130.jpg\" class=\"\" alt=\"\" loading=\"lazy\" style=\"\" srcset=\"https:\/\/liked.hu\/old\/wp-content\/uploads\/2018\/11\/1-130.jpg 800w, https:\/\/liked.hu\/old\/wp-content\/uploads\/2018\/11\/1-130-240x300.jpg 240w, https:\/\/liked.hu\/old\/wp-content\/uploads\/2018\/11\/1-130-768x960.jpg 768w, https:\/\/liked.hu\/old\/wp-content\/uploads\/2018\/11\/1-130-360x450.jpg 360w, https:\/\/liked.hu\/old\/wp-content\/uploads\/2018\/11\/1-130-545x681.jpg 545w\" sizes=\"(max-width: 800px) 100vw, 800px\" \/>\t\t\t\t\t<figcaption class=\"zf-figcaption\">\r\n\t\t\t\t\t\t<cite>\r\n\t\t\t\t\t\t\t<a href=\"https:\/\/www.instagram.com\/realfashionist\/\"\r\n\t\t\t\t\t\t\t   class=\"zf-media_credit\"\r\n\t\t\t\t\t\t\t   target=\"_blank\"\r\n\t\t\t\t\t\t\t   rel=\"nofollow noopener\">instagram<\/a>\r\n\t\t\t\t\t\t<\/cite>\r\n\t\t\t\t\t<\/figcaption>\r\n\t\t\t\t\t\t\t<\/div>\r\n\t\t<\/figure>\r\n\t\t\t\t\t<div class=\"zf_description\"><p>A rendk&iacute;v&uuml;l megnyer\u0151 k&uuml;lsej\u0171, kor&aacute;t meghazudtol&oacute; olasz divatbloggernek k&eacute;t gyermeke &eacute;s k&eacute;t unok&aacute;ja van, akik egy&eacute;bk&eacute;nt gyakran l&aacute;that&oacute;k a h&ouml;lgy Instagram oldal&aacute;n. Haz&aacute;j&aacute;ban rendk&iacute;v&uuml;li n&eacute;pszer\u0171s&eacute;gnek &ouml;rvend, amit az is j&oacute;l mutat, hogy k&ouml;zel f&eacute;lmilli&oacute;an k&ouml;vetik \u0151t az Instagramon.<\/p><p><img src=\"https:\/\/liked.hu\/wp-content\/uploads\/2018\/11\/Zaklina-Berrido-Pisano.jpg\" class=\"fr-fic fr-dib\" data-id=\"117441\"><\/p><p><img src=\"https:\/\/liked.hu\/wp-content\/uploads\/2018\/11\/Zaklina-Berrido-Pisano1.jpg\" class=\"fr-fic fr-dib\" data-id=\"117442\"><\/p><p><img src=\"https:\/\/liked.hu\/wp-content\/uploads\/2018\/11\/Zaklina-Berrido-Pisano2.jpg\" class=\"fr-fic fr-dib\" data-id=\"117443\"><\/p><\/div><\/div><div class=\"zf-story_item\">\r\n\t<h3 class=\"zf_title\">Yasmina Rossi - 63 \u00e9ves<\/h3>\r\n\t\t\t<figure class=\"zf-story_media zf-media-wrapper zf-image zf-type-image\">\r\n\t\t\t<div class=\"zf-media\">\r\n\t\t\t\t<img width=\"800\" height=\"449\" src=\"https:\/\/liked.hu\/old\/wp-content\/uploads\/2018\/11\/5-147.jpg\" class=\"\" alt=\"\" loading=\"lazy\" style=\"\" srcset=\"https:\/\/liked.hu\/old\/wp-content\/uploads\/2018\/11\/5-147.jpg 800w, https:\/\/liked.hu\/old\/wp-content\/uploads\/2018\/11\/5-147-300x168.jpg 300w, https:\/\/liked.hu\/old\/wp-content\/uploads\/2018\/11\/5-147-768x431.jpg 768w, https:\/\/liked.hu\/old\/wp-content\/uploads\/2018\/11\/5-147-360x202.jpg 360w, https:\/\/liked.hu\/old\/wp-content\/uploads\/2018\/11\/5-147-545x306.jpg 545w\" sizes=\"(max-width: 800px) 100vw, 800px\" \/>\t\t\t\t\t<figcaption class=\"zf-figcaption\">\r\n\t\t\t\t\t\t<cite>\r\n\t\t\t\t\t\t\t<a href=\"https:\/\/www.instagram.com\/yasmina.rossi\/?hl=hu\"\r\n\t\t\t\t\t\t\t   class=\"zf-media_credit\"\r\n\t\t\t\t\t\t\t   target=\"_blank\"\r\n\t\t\t\t\t\t\t   rel=\"nofollow noopener\">instagram<\/a>\r\n\t\t\t\t\t\t<\/cite>\r\n\t\t\t\t\t<\/figcaption>\r\n\t\t\t\t\t\t\t<\/div>\r\n\t\t<\/figure>\r\n\t\t\t\t\t<div class=\"zf_description\"><p>Yasmina Rossi amerikai divatmodell 40 &eacute;vesen ker&uuml;lt a szakm&aacute;j&aacute;ba &eacute;s most, 60 &eacute;ves kor&aacute;ra el&eacute;rte karrierje cs&uacute;cs&aacute;t. Roppant fiatalos k&uuml;lseje miatt szinte tolonganak &eacute;rte a divatc&eacute;gek &eacute;s a magazinok, hiszen Yasmina k&eacute;peihez nincs sz&uuml;ks&eacute;g retus&aacute;l&aacute;sra, egyszer\u0171en &uacute;gy t&ouml;k&eacute;letes, ahogy van. Elmond&aacute;sa szerint sosem f&eacute;lt az &ouml;reged&eacute;st\u0151l &eacute;s szeretn&eacute; megmutatni a vil&aacute;gnak, hogy az &eacute;letkor csak egy sz&aacute;m, &eacute;s igaz&aacute;b&oacute;l t\u0151l&uuml;nk f&uuml;gg, hogy meddig szeretn&eacute;nk gy&ouml;ny&ouml;r\u0171ek maradni.<\/p><p><img src=\"https:\/\/liked.hu\/wp-content\/uploads\/2018\/11\/Yasmina-Rossi.jpg\" class=\"fr-fic fr-dib\" data-id=\"117445\"><\/p><p><img src=\"https:\/\/liked.hu\/wp-content\/uploads\/2018\/11\/Yasmina-Rossi2.jpg\" class=\"fr-fic fr-dib\" data-id=\"117446\"><\/p><p><img src=\"https:\/\/liked.hu\/wp-content\/uploads\/2018\/11\/Yasmina-Rossi3.jpg\" class=\"fr-fic fr-dib\" data-id=\"117447\"><\/p><\/div><\/div><div class=\"zf-story_item\">\r\n\t<h3 class=\"zf_title\">Melissa - 63 \u00e9ves<\/h3>\r\n\t\t\t<figure class=\"zf-story_media zf-media-wrapper zf-image zf-type-image\">\r\n\t\t\t<div class=\"zf-media\">\r\n\t\t\t\t<img width=\"800\" height=\"1000\" src=\"https:\/\/liked.hu\/old\/wp-content\/uploads\/2018\/11\/9-134.jpg\" class=\"\" alt=\"\" loading=\"lazy\" style=\"\" srcset=\"https:\/\/liked.hu\/old\/wp-content\/uploads\/2018\/11\/9-134.jpg 800w, https:\/\/liked.hu\/old\/wp-content\/uploads\/2018\/11\/9-134-240x300.jpg 240w, https:\/\/liked.hu\/old\/wp-content\/uploads\/2018\/11\/9-134-768x960.jpg 768w, https:\/\/liked.hu\/old\/wp-content\/uploads\/2018\/11\/9-134-360x450.jpg 360w, https:\/\/liked.hu\/old\/wp-content\/uploads\/2018\/11\/9-134-545x681.jpg 545w\" sizes=\"(max-width: 800px) 100vw, 800px\" \/>\t\t\t<\/div>\r\n\t\t<\/figure>\r\n\t\t\t\t\t<div class=\"zf_description\"><p>Ak&aacute;r hiszitek ak&aacute;r nem, ez a h&ouml;lgy 8 gy&ouml;ny&ouml;r\u0171 gyermek nagymam&aacute;ja. Elmond&aacute;sa szerint sohasem haszn&aacute;lt hidrat&aacute;l&oacute;kr&eacute;meket, retinol tartalm&uacute; gy&oacute;gyszereket vagy m&aacute;s kozmetikai szereket, egyszer\u0171en &eacute;lvezi az &eacute;letet &eacute;s amikor csak teheti sportol&aacute;ssal &uuml;ti el az id\u0151t.<\/p><p><img src=\"https:\/\/liked.hu\/wp-content\/uploads\/2018\/11\/Melissa.jpg\" class=\"fr-fic fr-dib\" data-id=\"117449\"><\/p><p><img src=\"https:\/\/liked.hu\/wp-content\/uploads\/2018\/11\/Melissa2.jpg\" class=\"fr-fic fr-dib\" data-id=\"117450\"><\/p><p><img src=\"https:\/\/liked.hu\/wp-content\/uploads\/2018\/11\/Melissa3.jpg\" class=\"fr-fic fr-dib\" data-id=\"117451\"><\/p><\/div><\/div><div class=\"zf-story_item\">\r\n\t<h3 class=\"zf_title\">Christie Brinkley - 64 \u00e9ves<\/h3>\r\n\t\t\t<figure class=\"zf-story_media zf-media-wrapper zf-image zf-type-image\">\r\n\t\t\t<div class=\"zf-media\">\r\n\t\t\t\t<img width=\"800\" height=\"800\" src=\"https:\/\/liked.hu\/old\/wp-content\/uploads\/2018\/11\/12-124.jpg\" class=\"\" alt=\"\" loading=\"lazy\" style=\"\" srcset=\"https:\/\/liked.hu\/old\/wp-content\/uploads\/2018\/11\/12-124.jpg 800w, https:\/\/liked.hu\/old\/wp-content\/uploads\/2018\/11\/12-124-150x150.jpg 150w, https:\/\/liked.hu\/old\/wp-content\/uploads\/2018\/11\/12-124-300x300.jpg 300w, https:\/\/liked.hu\/old\/wp-content\/uploads\/2018\/11\/12-124-768x768.jpg 768w, https:\/\/liked.hu\/old\/wp-content\/uploads\/2018\/11\/12-124-400x400.jpg 400w, https:\/\/liked.hu\/old\/wp-content\/uploads\/2018\/11\/12-124-360x360.jpg 360w, https:\/\/liked.hu\/old\/wp-content\/uploads\/2018\/11\/12-124-545x545.jpg 545w, https:\/\/liked.hu\/old\/wp-content\/uploads\/2018\/11\/12-124-350x350.jpg 350w\" sizes=\"(max-width: 800px) 100vw, 800px\" \/>\t\t\t<\/div>\r\n\t\t<\/figure>\r\n\t\t\t\t\t<div class=\"zf_description\"><p>Christie Brinkley neve sokak sz&aacute;m&aacute;ra lehet ismer\u0151s, az id\u0151s modell ugyanis olyan filmekben j&aacute;tszott, mint p&eacute;ld&aacute;ul a Csal&aacute;di vak&aacute;ci&oacute; c&iacute;m\u0171 1983-as film. Minden reggel egy poh&aacute;r meleg v&iacute;zzel &eacute;s citrommal kezdi a napot, emellett pedig veget&aacute;ri&aacute;nus.<\/p><p><img src=\"https:\/\/liked.hu\/wp-content\/uploads\/2018\/11\/Christie-Brinkley.jpg\" class=\"fr-fic fr-dib\" data-id=\"117453\"><\/p><p><img src=\"https:\/\/liked.hu\/wp-content\/uploads\/2018\/11\/Christie-Brinkley2.jpg\" class=\"fr-fic fr-dib\" data-id=\"117454\"><\/p><p><img src=\"https:\/\/liked.hu\/wp-content\/uploads\/2018\/11\/Christie-Brinkley3.jpg\" class=\"fr-fic fr-dib\" data-id=\"117455\"><\/p><p><img src=\"https:\/\/liked.hu\/wp-content\/uploads\/2018\/11\/Christie-Brinkley4.jpeg\" class=\"fr-fic fr-dib\" data-id=\"117456\"><\/p><\/div><\/div><div class=\"zf-story_item\">\r\n\t<h3 class=\"zf_title\">Elena Sanzharovskaya - 55 \u00e9ves<\/h3>\r\n\t\t\t<figure class=\"zf-story_media zf-media-wrapper zf-image zf-type-image\">\r\n\t\t\t<div class=\"zf-media\">\r\n\t\t\t\t<img width=\"800\" height=\"999\" src=\"https:\/\/liked.hu\/old\/wp-content\/uploads\/2018\/11\/15-112.jpg\" class=\"\" alt=\"\" loading=\"lazy\" style=\"\" srcset=\"https:\/\/liked.hu\/old\/wp-content\/uploads\/2018\/11\/15-112.jpg 800w, https:\/\/liked.hu\/old\/wp-content\/uploads\/2018\/11\/15-112-240x300.jpg 240w, https:\/\/liked.hu\/old\/wp-content\/uploads\/2018\/11\/15-112-768x959.jpg 768w, https:\/\/liked.hu\/old\/wp-content\/uploads\/2018\/11\/15-112-360x450.jpg 360w, https:\/\/liked.hu\/old\/wp-content\/uploads\/2018\/11\/15-112-545x681.jpg 545w\" sizes=\"(max-width: 800px) 100vw, 800px\" \/>\t\t\t\t\t<figcaption class=\"zf-figcaption\">\r\n\t\t\t\t\t\t<cite>\r\n\t\t\t\t\t\t\t<a href=\"https:\/\/www.instagram.com\/sanzhlena_zozh\/\"\r\n\t\t\t\t\t\t\t   class=\"zf-media_credit\"\r\n\t\t\t\t\t\t\t   target=\"_blank\"\r\n\t\t\t\t\t\t\t   rel=\"nofollow noopener\">instagramon<\/a>\r\n\t\t\t\t\t\t<\/cite>\r\n\t\t\t\t\t<\/figcaption>\r\n\t\t\t\t\t\t\t<\/div>\r\n\t\t<\/figure>\r\n\t\t\t\t\t<div class=\"zf_description\"><p>Az 55 &eacute;ves orosz fitness edz\u0151 nagymam&aacute;t k&ouml;zel f&eacute;lmilli&oacute; ember k&ouml;veti az Instagramon, ami nem is csoda, hiszen mindenki &uacute;gy akar kin&eacute;zni 55 &eacute;vesen, mint \u0151. Nem mindennapi k&uuml;lsej&eacute;re szinte saj&aacute;t brandet h&uacute;zott fel a talpraesett nagyi, akinek saj&aacute;t weboldala is van, &eacute;s nem mell&eacute;kesen sz&aacute;mtalan t&eacute;v&eacute;m\u0171sorba h&iacute;vj&aacute;k \u0151t meg haz&aacute;j&aacute;ban.<\/p><p><img src=\"https:\/\/liked.hu\/wp-content\/uploads\/2018\/11\/Elena-Sanzharovskaya.jpg\" class=\"fr-fic fr-dib\" data-id=\"117458\"><\/p><p><img src=\"https:\/\/liked.hu\/wp-content\/uploads\/2018\/11\/Elena-Sanzharovskaya2.jpg\" class=\"fr-fic fr-dib\" data-id=\"117459\"><\/p><p><img src=\"https:\/\/liked.hu\/wp-content\/uploads\/2018\/11\/Elena-Sanzharovskaya3.jpg\" class=\"fr-fic fr-dib\" data-id=\"117460\"><\/p><\/div><\/div>        <\/div>\r\n    <\/div>\r\n\r\n    <\/div>\r\n\r\n\r\n\n","protected":false},"excerpt":{"rendered":"<p>Nagymam\u00e1k &#8211; legt\u00f6bb\u00fcnknek aranyos, szem\u00fcveg al\u00f3l kikandik\u00e1l\u00f3, konyh\u00e1ban szorgoskod\u00f3, csupasz\u00edv \u0151szhaj\u00fa n\u00e9nik\u00e9k jutnak az esz\u00fcnkbe, legal\u00e1bbis a mi nagymam\u00e1ink m\u00e9g ilyenek voltak. Manaps\u00e1g azonban nagyot fordult a vil\u00e1g, \u00e9s mint ahogy azt a most k\u00f6vetkez\u0151 k\u00e9pek is remek\u00fcl mutatj\u00e1k, egy nagymama is rendelkezhet huszon\u00e9ves l\u00e1nyokat megsz\u00e9gyen\u00edt\u0151 k\u00fcls\u0151vel.<\/p>\n","protected":false},"author":5,"featured_media":117462,"comment_status":"open","ping_status":"closed","sticky":false,"template":"","format":"standard","meta":{"buzzeditor_post_format":""},"categories":[9578],"tags":[445,3684,1098,5825,4020,2418,2465],"yoast_head":"<!-- This site is optimized with the Yoast SEO plugin v19.6.1 - https:\/\/yoast.com\/wordpress\/plugins\/seo\/ -->\n<title>\u00cdgy n\u00e9znek ki a bolyg\u00f3 legd\u00f6g\u00f6sebb nagymam\u00e1i, akiknek a s\u00fctem\u00e9nyeit m\u00e9g ma is sokan megk\u00f3stoln\u00e1k<\/title>\n<meta name=\"description\" content=\"Nagymam\u00e1k - legt\u00f6bb\u00fcnknek aranyos, szem\u00fcveg al\u00f3l kikandik\u00e1l\u00f3, konyh\u00e1ban szorgoskod\u00f3, csupasz\u00edv \u0151szhaj\u00fa n\u00e9nik\u00e9k jutnak az esz\u00fcnkbe, legal\u00e1bbis a mi\" \/>\n<meta name=\"robots\" content=\"index, follow, max-snippet:-1, max-image-preview:large, max-video-preview:-1\" \/>\n<link rel=\"canonical\" href=\"https:\/\/liked.hu\/old\/internetes-dolgok\/igy-neznek-ki-a-bolygo-legdogosebb-nagymamai-akiknek-a-sutemenyeit-meg-ma-is-sokan-megkostolnak\/\" \/>\n<meta property=\"og:locale\" content=\"hu_HU\" \/>\n<meta property=\"og:type\" content=\"article\" \/>\n<meta property=\"og:title\" content=\"\u00cdgy n\u00e9znek ki a bolyg\u00f3 legd\u00f6g\u00f6sebb nagymam\u00e1i, akiknek a s\u00fctem\u00e9nyeit m\u00e9g ma is sokan megk\u00f3stoln\u00e1k\" \/>\n<meta property=\"og:description\" content=\"Nagymam\u00e1k - legt\u00f6bb\u00fcnknek aranyos, szem\u00fcveg al\u00f3l kikandik\u00e1l\u00f3, konyh\u00e1ban szorgoskod\u00f3, csupasz\u00edv \u0151szhaj\u00fa n\u00e9nik\u00e9k jutnak az esz\u00fcnkbe, legal\u00e1bbis a mi\" \/>\n<meta property=\"og:url\" content=\"https:\/\/liked.hu\/old\/internetes-dolgok\/igy-neznek-ki-a-bolygo-legdogosebb-nagymamai-akiknek-a-sutemenyeit-meg-ma-is-sokan-megkostolnak\/\" \/>\n<meta property=\"og:site_name\" content=\"Liked.hu\" \/>\n<meta property=\"article:publisher\" content=\"https:\/\/www.facebook.com\/liked.hu\" \/>\n<meta property=\"article:published_time\" content=\"2019-08-17T16:30:15+00:00\" \/>\n<meta property=\"article:modified_time\" content=\"2022-09-06T00:30:15+00:00\" \/>\n<meta property=\"og:image\" content=\"https:\/\/liked.hu\/old\/wp-content\/uploads\/2018\/11\/Dogos-nagymamak.jpg\" \/>\n\t<meta property=\"og:image:width\" content=\"1200\" \/>\n\t<meta property=\"og:image:height\" content=\"630\" \/>\n\t<meta property=\"og:image:type\" content=\"image\/jpeg\" \/>\n<meta name=\"author\" content=\"Sludenkor\" \/>\n<meta name=\"twitter:card\" content=\"summary\" \/>\n<meta name=\"twitter:creator\" content=\"@LikedHu\" \/>\n<meta name=\"twitter:site\" content=\"@LikedHu\" \/>\n<meta name=\"twitter:label1\" content=\"Szerz\u0151:\" \/>\n\t<meta name=\"twitter:data1\" content=\"Sludenkor\" \/>\n\t<meta name=\"twitter:label2\" content=\"Becs\u00fclt olvas\u00e1si id\u0151\" \/>\n\t<meta name=\"twitter:data2\" content=\"1 perc\" \/>\n<script type=\"application\/ld+json\" class=\"yoast-schema-graph\">{\"@context\":\"https:\/\/schema.org\",\"@graph\":[{\"@type\":\"Article\",\"@id\":\"https:\/\/liked.hu\/old\/internetes-dolgok\/igy-neznek-ki-a-bolygo-legdogosebb-nagymamai-akiknek-a-sutemenyeit-meg-ma-is-sokan-megkostolnak\/#article\",\"isPartOf\":{\"@id\":\"https:\/\/liked.hu\/old\/internetes-dolgok\/igy-neznek-ki-a-bolygo-legdogosebb-nagymamai-akiknek-a-sutemenyeit-meg-ma-is-sokan-megkostolnak\/\"},\"author\":{\"name\":\"Sludenkor\",\"@id\":\"https:\/\/liked.hu\/old\/#\/schema\/person\/6650f7130e2154421c3a5cae3435b47c\"},\"headline\":\"\u00cdgy n\u00e9znek ki a bolyg\u00f3 legd\u00f6g\u00f6sebb nagymam\u00e1i, akiknek a s\u00fctem\u00e9nyeit m\u00e9g ma is sokan megk\u00f3stoln\u00e1k\",\"datePublished\":\"2019-08-17T16:30:15+00:00\",\"dateModified\":\"2022-09-06T00:30:15+00:00\",\"mainEntityOfPage\":{\"@id\":\"https:\/\/liked.hu\/old\/internetes-dolgok\/igy-neznek-ki-a-bolygo-legdogosebb-nagymamai-akiknek-a-sutemenyeit-meg-ma-is-sokan-megkostolnak\/\"},\"wordCount\":101,\"commentCount\":0,\"publisher\":{\"@id\":\"https:\/\/liked.hu\/old\/#organization\"},\"keywords\":[\"csinos\",\"d\u00f6g\u00f6s\",\"h\u00f6lgy\",\"nagyik\",\"nagymam\u00e1k\",\"szexi\",\"sztori\"],\"articleSection\":[\"Interneten tal\u00e1lt dolgok\"],\"inLanguage\":\"hu\",\"potentialAction\":[{\"@type\":\"CommentAction\",\"name\":\"Comment\",\"target\":[\"https:\/\/liked.hu\/old\/internetes-dolgok\/igy-neznek-ki-a-bolygo-legdogosebb-nagymamai-akiknek-a-sutemenyeit-meg-ma-is-sokan-megkostolnak\/#respond\"]}]},{\"@type\":\"WebPage\",\"@id\":\"https:\/\/liked.hu\/old\/internetes-dolgok\/igy-neznek-ki-a-bolygo-legdogosebb-nagymamai-akiknek-a-sutemenyeit-meg-ma-is-sokan-megkostolnak\/\",\"url\":\"https:\/\/liked.hu\/old\/internetes-dolgok\/igy-neznek-ki-a-bolygo-legdogosebb-nagymamai-akiknek-a-sutemenyeit-meg-ma-is-sokan-megkostolnak\/\",\"name\":\"\u00cdgy n\u00e9znek ki a bolyg\u00f3 legd\u00f6g\u00f6sebb nagymam\u00e1i, akiknek a s\u00fctem\u00e9nyeit m\u00e9g ma is sokan megk\u00f3stoln\u00e1k\",\"isPartOf\":{\"@id\":\"https:\/\/liked.hu\/old\/#website\"},\"datePublished\":\"2019-08-17T16:30:15+00:00\",\"dateModified\":\"2022-09-06T00:30:15+00:00\",\"description\":\"Nagymam\u00e1k - legt\u00f6bb\u00fcnknek aranyos, szem\u00fcveg al\u00f3l kikandik\u00e1l\u00f3, konyh\u00e1ban szorgoskod\u00f3, csupasz\u00edv \u0151szhaj\u00fa n\u00e9nik\u00e9k jutnak az esz\u00fcnkbe, legal\u00e1bbis a mi\",\"breadcrumb\":{\"@id\":\"https:\/\/liked.hu\/old\/internetes-dolgok\/igy-neznek-ki-a-bolygo-legdogosebb-nagymamai-akiknek-a-sutemenyeit-meg-ma-is-sokan-megkostolnak\/#breadcrumb\"},\"inLanguage\":\"hu\",\"potentialAction\":[{\"@type\":\"ReadAction\",\"target\":[\"https:\/\/liked.hu\/old\/internetes-dolgok\/igy-neznek-ki-a-bolygo-legdogosebb-nagymamai-akiknek-a-sutemenyeit-meg-ma-is-sokan-megkostolnak\/\"]}]},{\"@type\":\"BreadcrumbList\",\"@id\":\"https:\/\/liked.hu\/old\/internetes-dolgok\/igy-neznek-ki-a-bolygo-legdogosebb-nagymamai-akiknek-a-sutemenyeit-meg-ma-is-sokan-megkostolnak\/#breadcrumb\",\"itemListElement\":[{\"@type\":\"ListItem\",\"position\":1,\"name\":\"Kezd\u0151lap\",\"item\":\"https:\/\/liked.hu\/old\/\"},{\"@type\":\"ListItem\",\"position\":2,\"name\":\"\u00cdgy n\u00e9znek ki a bolyg\u00f3 legd\u00f6g\u00f6sebb nagymam\u00e1i, akiknek a s\u00fctem\u00e9nyeit m\u00e9g ma is sokan megk\u00f3stoln\u00e1k\"}]},{\"@type\":\"WebSite\",\"@id\":\"https:\/\/liked.hu\/old\/#website\",\"url\":\"https:\/\/liked.hu\/old\/\",\"name\":\"Liked.hu\",\"description\":\"\",\"publisher\":{\"@id\":\"https:\/\/liked.hu\/old\/#organization\"},\"potentialAction\":[{\"@type\":\"SearchAction\",\"target\":{\"@type\":\"EntryPoint\",\"urlTemplate\":\"https:\/\/liked.hu\/old\/?s={search_term_string}\"},\"query-input\":\"required name=search_term_string\"}],\"inLanguage\":\"hu\"},{\"@type\":\"Organization\",\"@id\":\"https:\/\/liked.hu\/old\/#organization\",\"name\":\"Liked.hu\",\"url\":\"https:\/\/liked.hu\/old\/\",\"sameAs\":[\"https:\/\/hu.pinterest.com\/likedhungary\/\",\"https:\/\/www.youtube.com\/channel\/UCPv91dbMoIukYcM9b9nHN6Q\",\"https:\/\/www.facebook.com\/liked.hu\",\"https:\/\/twitter.com\/LikedHu\"],\"logo\":{\"@type\":\"ImageObject\",\"inLanguage\":\"hu\",\"@id\":\"https:\/\/liked.hu\/old\/#\/schema\/logo\/image\/\",\"url\":\"https:\/\/liked.hu\/wp-content\/uploads\/2018\/08\/Liked-icon.png\",\"contentUrl\":\"https:\/\/liked.hu\/wp-content\/uploads\/2018\/08\/Liked-icon.png\",\"width\":512,\"height\":512,\"caption\":\"Liked.hu\"},\"image\":{\"@id\":\"https:\/\/liked.hu\/old\/#\/schema\/logo\/image\/\"}},{\"@type\":\"Person\",\"@id\":\"https:\/\/liked.hu\/old\/#\/schema\/person\/6650f7130e2154421c3a5cae3435b47c\",\"name\":\"Sludenkor\",\"image\":{\"@type\":\"ImageObject\",\"inLanguage\":\"hu\",\"@id\":\"https:\/\/liked.hu\/old\/#\/schema\/person\/image\/\",\"url\":\"https:\/\/liked.hu\/old\/wp-content\/uploads\/avatars\/5\/604de86470f75-bpfull.jpg\",\"contentUrl\":\"https:\/\/liked.hu\/old\/wp-content\/uploads\/avatars\/5\/604de86470f75-bpfull.jpg\",\"caption\":\"Sludenkor\"},\"url\":\"https:\/\/liked.hu\/old\/u\/sludenkor\/\"}]}<\/script>\n<!-- \/ Yoast SEO plugin. -->","yoast_head_json":{"title":"\u00cdgy n\u00e9znek ki a bolyg\u00f3 legd\u00f6g\u00f6sebb nagymam\u00e1i, akiknek a s\u00fctem\u00e9nyeit m\u00e9g ma is sokan megk\u00f3stoln\u00e1k","description":"Nagymam\u00e1k - legt\u00f6bb\u00fcnknek aranyos, szem\u00fcveg al\u00f3l kikandik\u00e1l\u00f3, konyh\u00e1ban szorgoskod\u00f3, csupasz\u00edv \u0151szhaj\u00fa n\u00e9nik\u00e9k jutnak az esz\u00fcnkbe, legal\u00e1bbis a mi","robots":{"index":"index","follow":"follow","max-snippet":"max-snippet:-1","max-image-preview":"max-image-preview:large","max-video-preview":"max-video-preview:-1"},"canonical":"https:\/\/liked.hu\/old\/internetes-dolgok\/igy-neznek-ki-a-bolygo-legdogosebb-nagymamai-akiknek-a-sutemenyeit-meg-ma-is-sokan-megkostolnak\/","og_locale":"hu_HU","og_type":"article","og_title":"\u00cdgy n\u00e9znek ki a bolyg\u00f3 legd\u00f6g\u00f6sebb nagymam\u00e1i, akiknek a s\u00fctem\u00e9nyeit m\u00e9g ma is sokan megk\u00f3stoln\u00e1k","og_description":"Nagymam\u00e1k - legt\u00f6bb\u00fcnknek aranyos, szem\u00fcveg al\u00f3l kikandik\u00e1l\u00f3, konyh\u00e1ban szorgoskod\u00f3, csupasz\u00edv \u0151szhaj\u00fa n\u00e9nik\u00e9k jutnak az esz\u00fcnkbe, legal\u00e1bbis a mi","og_url":"https:\/\/liked.hu\/old\/internetes-dolgok\/igy-neznek-ki-a-bolygo-legdogosebb-nagymamai-akiknek-a-sutemenyeit-meg-ma-is-sokan-megkostolnak\/","og_site_name":"Liked.hu","article_publisher":"https:\/\/www.facebook.com\/liked.hu","article_published_time":"2019-08-17T16:30:15+00:00","article_modified_time":"2022-09-06T00:30:15+00:00","og_image":[{"width":1200,"height":630,"url":"https:\/\/liked.hu\/old\/wp-content\/uploads\/2018\/11\/Dogos-nagymamak.jpg","type":"image\/jpeg"}],"author":"Sludenkor","twitter_card":"summary","twitter_creator":"@LikedHu","twitter_site":"@LikedHu","twitter_misc":{"Szerz\u0151:":"Sludenkor","Becs\u00fclt olvas\u00e1si id\u0151":"1 perc"},"schema":{"@context":"https:\/\/schema.org","@graph":[{"@type":"Article","@id":"https:\/\/liked.hu\/old\/internetes-dolgok\/igy-neznek-ki-a-bolygo-legdogosebb-nagymamai-akiknek-a-sutemenyeit-meg-ma-is-sokan-megkostolnak\/#article","isPartOf":{"@id":"https:\/\/liked.hu\/old\/internetes-dolgok\/igy-neznek-ki-a-bolygo-legdogosebb-nagymamai-akiknek-a-sutemenyeit-meg-ma-is-sokan-megkostolnak\/"},"author":{"name":"Sludenkor","@id":"https:\/\/liked.hu\/old\/#\/schema\/person\/6650f7130e2154421c3a5cae3435b47c"},"headline":"\u00cdgy n\u00e9znek ki a bolyg\u00f3 legd\u00f6g\u00f6sebb nagymam\u00e1i, akiknek a s\u00fctem\u00e9nyeit m\u00e9g ma is sokan megk\u00f3stoln\u00e1k","datePublished":"2019-08-17T16:30:15+00:00","dateModified":"2022-09-06T00:30:15+00:00","mainEntityOfPage":{"@id":"https:\/\/liked.hu\/old\/internetes-dolgok\/igy-neznek-ki-a-bolygo-legdogosebb-nagymamai-akiknek-a-sutemenyeit-meg-ma-is-sokan-megkostolnak\/"},"wordCount":101,"commentCount":0,"publisher":{"@id":"https:\/\/liked.hu\/old\/#organization"},"keywords":["csinos","d\u00f6g\u00f6s","h\u00f6lgy","nagyik","nagymam\u00e1k","szexi","sztori"],"articleSection":["Interneten tal\u00e1lt dolgok"],"inLanguage":"hu","potentialAction":[{"@type":"CommentAction","name":"Comment","target":["https:\/\/liked.hu\/old\/internetes-dolgok\/igy-neznek-ki-a-bolygo-legdogosebb-nagymamai-akiknek-a-sutemenyeit-meg-ma-is-sokan-megkostolnak\/#respond"]}]},{"@type":"WebPage","@id":"https:\/\/liked.hu\/old\/internetes-dolgok\/igy-neznek-ki-a-bolygo-legdogosebb-nagymamai-akiknek-a-sutemenyeit-meg-ma-is-sokan-megkostolnak\/","url":"https:\/\/liked.hu\/old\/internetes-dolgok\/igy-neznek-ki-a-bolygo-legdogosebb-nagymamai-akiknek-a-sutemenyeit-meg-ma-is-sokan-megkostolnak\/","name":"\u00cdgy n\u00e9znek ki a bolyg\u00f3 legd\u00f6g\u00f6sebb nagymam\u00e1i, akiknek a s\u00fctem\u00e9nyeit m\u00e9g ma is sokan megk\u00f3stoln\u00e1k","isPartOf":{"@id":"https:\/\/liked.hu\/old\/#website"},"datePublished":"2019-08-17T16:30:15+00:00","dateModified":"2022-09-06T00:30:15+00:00","description":"Nagymam\u00e1k - legt\u00f6bb\u00fcnknek aranyos, szem\u00fcveg al\u00f3l kikandik\u00e1l\u00f3, konyh\u00e1ban szorgoskod\u00f3, csupasz\u00edv \u0151szhaj\u00fa n\u00e9nik\u00e9k jutnak az esz\u00fcnkbe, legal\u00e1bbis a mi","breadcrumb":{"@id":"https:\/\/liked.hu\/old\/internetes-dolgok\/igy-neznek-ki-a-bolygo-legdogosebb-nagymamai-akiknek-a-sutemenyeit-meg-ma-is-sokan-megkostolnak\/#breadcrumb"},"inLanguage":"hu","potentialAction":[{"@type":"ReadAction","target":["https:\/\/liked.hu\/old\/internetes-dolgok\/igy-neznek-ki-a-bolygo-legdogosebb-nagymamai-akiknek-a-sutemenyeit-meg-ma-is-sokan-megkostolnak\/"]}]},{"@type":"BreadcrumbList","@id":"https:\/\/liked.hu\/old\/internetes-dolgok\/igy-neznek-ki-a-bolygo-legdogosebb-nagymamai-akiknek-a-sutemenyeit-meg-ma-is-sokan-megkostolnak\/#breadcrumb","itemListElement":[{"@type":"ListItem","position":1,"name":"Kezd\u0151lap","item":"https:\/\/liked.hu\/old\/"},{"@type":"ListItem","position":2,"name":"\u00cdgy n\u00e9znek ki a bolyg\u00f3 legd\u00f6g\u00f6sebb nagymam\u00e1i, akiknek a s\u00fctem\u00e9nyeit m\u00e9g ma is sokan megk\u00f3stoln\u00e1k"}]},{"@type":"WebSite","@id":"https:\/\/liked.hu\/old\/#website","url":"https:\/\/liked.hu\/old\/","name":"Liked.hu","description":"","publisher":{"@id":"https:\/\/liked.hu\/old\/#organization"},"potentialAction":[{"@type":"SearchAction","target":{"@type":"EntryPoint","urlTemplate":"https:\/\/liked.hu\/old\/?s={search_term_string}"},"query-input":"required name=search_term_string"}],"inLanguage":"hu"},{"@type":"Organization","@id":"https:\/\/liked.hu\/old\/#organization","name":"Liked.hu","url":"https:\/\/liked.hu\/old\/","sameAs":["https:\/\/hu.pinterest.com\/likedhungary\/","https:\/\/www.youtube.com\/channel\/UCPv91dbMoIukYcM9b9nHN6Q","https:\/\/www.facebook.com\/liked.hu","https:\/\/twitter.com\/LikedHu"],"logo":{"@type":"ImageObject","inLanguage":"hu","@id":"https:\/\/liked.hu\/old\/#\/schema\/logo\/image\/","url":"https:\/\/liked.hu\/wp-content\/uploads\/2018\/08\/Liked-icon.png","contentUrl":"https:\/\/liked.hu\/wp-content\/uploads\/2018\/08\/Liked-icon.png","width":512,"height":512,"caption":"Liked.hu"},"image":{"@id":"https:\/\/liked.hu\/old\/#\/schema\/logo\/image\/"}},{"@type":"Person","@id":"https:\/\/liked.hu\/old\/#\/schema\/person\/6650f7130e2154421c3a5cae3435b47c","name":"Sludenkor","image":{"@type":"ImageObject","inLanguage":"hu","@id":"https:\/\/liked.hu\/old\/#\/schema\/person\/image\/","url":"https:\/\/liked.hu\/old\/wp-content\/uploads\/avatars\/5\/604de86470f75-bpfull.jpg","contentUrl":"https:\/\/liked.hu\/old\/wp-content\/uploads\/avatars\/5\/604de86470f75-bpfull.jpg","caption":"Sludenkor"},"url":"https:\/\/liked.hu\/old\/u\/sludenkor\/"}]}},"publishpress_future_action":{"enabled":false,"date":"1970-01-01 01:00:00","action":"","terms":[],"taxonomy":"","browser_timezone_offset":0},"_links":{"self":[{"href":"https:\/\/liked.hu\/old\/wp-json\/wp\/v2\/posts\/117461"}],"collection":[{"href":"https:\/\/liked.hu\/old\/wp-json\/wp\/v2\/posts"}],"about":[{"href":"https:\/\/liked.hu\/old\/wp-json\/wp\/v2\/types\/post"}],"author":[{"embeddable":true,"href":"https:\/\/liked.hu\/old\/wp-json\/wp\/v2\/users\/5"}],"replies":[{"embeddable":true,"href":"https:\/\/liked.hu\/old\/wp-json\/wp\/v2\/comments?post=117461"}],"version-history":[{"count":0,"href":"https:\/\/liked.hu\/old\/wp-json\/wp\/v2\/posts\/117461\/revisions"}],"wp:featuredmedia":[{"embeddable":true,"href":"https:\/\/liked.hu\/old\/wp-json\/wp\/v2\/media\/117462"}],"wp:attachment":[{"href":"https:\/\/liked.hu\/old\/wp-json\/wp\/v2\/media?parent=117461"}],"wp:term":[{"taxonomy":"category","embeddable":true,"href":"https:\/\/liked.hu\/old\/wp-json\/wp\/v2\/categories?post=117461"},{"taxonomy":"post_tag","embeddable":true,"href":"https:\/\/liked.hu\/old\/wp-json\/wp\/v2\/tags?post=117461"}],"curies":[{"name":"wp","href":"https:\/\/api.w.org\/{rel}","templated":true}]}}