{"id":116165,"date":"2018-11-13T11:40:30","date_gmt":"2018-11-13T10:40:30","guid":{"rendered":"https:\/\/liked.hu\/old\/?p=116165"},"modified":"2022-09-05T17:57:59","modified_gmt":"2022-09-05T15:57:59","slug":"16-foto-ami-mogott-nagyon-eros-tortenet-rejlik","status":"publish","type":"post","link":"https:\/\/liked.hu\/old\/internetes-dolgok\/16-foto-ami-mogott-nagyon-eros-tortenet-rejlik\/","title":{"rendered":"16 fot\u00f3, ami m\u00f6g\u00f6tt nagyon er\u0151s t\u00f6rt\u00e9net rejlik"},"content":{"rendered":"<p>A vil\u00e1gban minden nap t\u00f6rt\u00e9nnek olyan apr\u00f3 csod\u00e1k, melyek noha ritk\u00e1n kavarnak nagy port maguk k\u00f6r\u00fcl, m\u00e9gis \u00e9rdemes megeml\u00e9kezni r\u00f3luk \u00e9s n\u00e9h\u00e1ny perc erej\u00e9ig csod\u00e1lattal ad\u00f3zni el\u0151tt\u00fck. \u00c9pp \u00fagy, mint a most \u00f6sszegy\u0171jt\u00f6tt 16 f\u00e9nyk\u00e9pet \u00e9s a hozz\u00e1juk tartoz\u00f3 t\u00f6rt\u00e9netek, melyek egy\u00fattal seg\u00edtenek nek\u00fcnk visszaszerezni az emberis\u00e9gbe vetett hit\u00fcnk.<\/p>\n\n<div style=\"float:none;margin:0px 0 0px 0;text-align:center;\">\n<div class=\"mobileShowkakettes\"><div class=\"mobileShowka2\"><div style=\"padding-top:0px;padding-bottom:15px;min-height: 300px;\"><div class=\"hirdetes\">HIRDET\u00c9S<\/div>\n<!-- 300lista -->\n<ins class=\"adsbygoogle\"\n     style=\"display:inline-block;width:300px;height:250px\"\n     data-ad-client=\"ca-pub-9424088931673893\"\n     data-ad-slot=\"8471340766\"><\/ins>\n<script async>\n     (adsbygoogle = window.adsbygoogle || []).push({});\n<\/script><\/div><\/div><\/div><\/div>\n\n<div id=\"zombify-main-section-front\" class=\"zombify-main-section-front zombify-screen zf-media-full\">\r\n\t<link rel=\"stylesheet\" type=\"text\/css\" href=\"https:\/\/liked.hu\/old\/js\/zombify.css\">\r\n    <link rel=\"stylesheet\" type=\"text\/css\" href=\"https:\/\/liked.hu\/old\/wp-content\/themes\/newsy-child\/style.css\">\r\n\t<div class=\"zf-container\">\r\n\t\t<div id=\"zf-list\" class=\"zf-list zf-numbered\">\r\n\t\t\t<ol class=\"zf-structure-list\">\r\n\t\t\t\t\t\t\t\t\t\t<li class=\"zf-list_item\">\r\n\t\t\t\t\t\t\t<div class=\"zf-list_header\">\r\n\t\t\t\t\t\t\t\t<h3 id=\"listaelem1\" class=\"zf-list_title\">\r\n\t\t\t\t\t\t\t\t\t<span class=\"zf-number\">1<\/span>\r\n\t\t\t\t\t\t\t\t\tEnnek a kutyusnak rep\u00fcl\u00e9s k\u00f6zben le\u00e1llt a l\u00e9gz\u00e9se, ez\u00e9rt \u00fajra\u00e9lesztett\u00e9k \u00e9s a stewardess levett neki egy oxig\u00e9nmaszkot, hogy friss leveg\u0151h\u00f6z jusson.\t\t\t\t\t\t\t\t<\/h3>\r\n\t\t\t\t\t\t\t<\/div>\r\n\t\t\t\t\t\t\t\t\t\t\t\t\t\t\t<figure class=\"zf-list_media zf-media-wrapper zf-image zf-type-image\">\r\n\t\t\t\t\t\t\t\t\t<div title=\"Ennek a kutyusnak rep\u00fcl\u00e9s k\u00f6zben le\u00e1llt a l\u00e9gz\u00e9se, ez\u00e9rt \u00fajra\u00e9lesztett\u00e9k \u00e9s a stewardess levett neki egy oxig\u00e9nmaszkot, hogy friss leveg\u0151h\u00f6z jusson.\" alt=\"Ennek a kutyusnak rep\u00fcl\u00e9s k\u00f6zben le\u00e1llt a l\u00e9gz\u00e9se, ez\u00e9rt \u00fajra\u00e9lesztett\u00e9k \u00e9s a stewardess levett neki egy oxig\u00e9nmaszkot, hogy friss leveg\u0151h\u00f6z jusson.\" class=\"zf-media\">\r\n\t\t\t\t\t\t\t\t\t\t<img width=\"994\" height=\"1024\" src=\"https:\/\/liked.hu\/old\/wp-content\/uploads\/2018\/11\/1-67.jpg\" class=\"\" alt=\"\" loading=\"lazy\" style=\"\" srcset=\"https:\/\/liked.hu\/old\/wp-content\/uploads\/2018\/11\/1-67.jpg 994w, https:\/\/liked.hu\/old\/wp-content\/uploads\/2018\/11\/1-67-291x300.jpg 291w, https:\/\/liked.hu\/old\/wp-content\/uploads\/2018\/11\/1-67-768x791.jpg 768w, https:\/\/liked.hu\/old\/wp-content\/uploads\/2018\/11\/1-67-360x371.jpg 360w, https:\/\/liked.hu\/old\/wp-content\/uploads\/2018\/11\/1-67-545x561.jpg 545w\" sizes=\"(max-width: 994px) 100vw, 994px\" \/>\t\t\t\t\t\t\t\t\t\t\t<figcaption class=\"zf-figcaption\">\r\n\t\t\t\t\t\t\t\t\t\t\t\t\t\t\t\t\t\t\t\t\t\t\t\t<cite><\/cite>\r\n\r\n\t\t\t\t\t\t\t\t\t\t\t\t\t\t\t\t\t\t\t\t\t\t\t<\/figcaption>\r\n\t\t\t\t\t\t\t\t\t\t\t\t\t\t\t\t\t\t\t<\/div>\r\n\t\t\t\t\t\t\t\t\t<hr \/>\r\n\t\t\t\t\t\t\t\t<\/figure>\r\n\t\t\t\t\t\t\t\t\t\t\t\t\t\t<\/li>\r\n\t\t\t\t\t\t\t\t\t\t\t\t<li class=\"zf-list_item\">\r\n\t\t\t\t\t\t\t<div class=\"zf-list_header\">\r\n\t\t\t\t\t\t\t\t<h3 id=\"listaelem2\" class=\"zf-list_title\">\r\n\t\t\t\t\t\t\t\t\t<span class=\"zf-number\">2<\/span>\r\n\t\t\t\t\t\t\t\t\tAnglia legy\u0151z\u00e9se ut\u00e1n a horv\u00e1t labdar\u00fag\u00f3k v\u00e9letlen\u00fcl fell\u00f6ktek egy f\u00e9nyk\u00e9p\u00e9szt a nagy \u00fcnnepl\u00e9sben, majd s\u0171r\u0171 bocs\u00e1natk\u00e9r\u00e9sek-\u00f6lelget\u00e9sek \u00e9s puszilgat\u00e1sok k\u00f6zepette seg\u00edtett\u00e9k \u0151t talpra.\t\t\t\t\t\t\t\t<\/h3>\r\n\t\t\t\t\t\t\t<\/div>\r\n\t\t\t\t\t\t\t\t\t\t\t\t\t\t\t<figure class=\"zf-list_media zf-media-wrapper zf-image zf-type-image\">\r\n\t\t\t\t\t\t\t\t\t<div title=\"Anglia legy\u0151z\u00e9se ut\u00e1n a horv\u00e1t labdar\u00fag\u00f3k v\u00e9letlen\u00fcl fell\u00f6ktek egy f\u00e9nyk\u00e9p\u00e9szt a nagy \u00fcnnepl\u00e9sben, majd s\u0171r\u0171 bocs\u00e1natk\u00e9r\u00e9sek-\u00f6lelget\u00e9sek \u00e9s puszilgat\u00e1sok k\u00f6zepette seg\u00edtett\u00e9k \u0151t talpra.\" alt=\"Anglia legy\u0151z\u00e9se ut\u00e1n a horv\u00e1t labdar\u00fag\u00f3k v\u00e9letlen\u00fcl fell\u00f6ktek egy f\u00e9nyk\u00e9p\u00e9szt a nagy \u00fcnnepl\u00e9sben, majd s\u0171r\u0171 bocs\u00e1natk\u00e9r\u00e9sek-\u00f6lelget\u00e9sek \u00e9s puszilgat\u00e1sok k\u00f6zepette seg\u00edtett\u00e9k \u0151t talpra.\" class=\"zf-media\">\r\n\t\t\t\t\t\t\t\t\t\t<img width=\"1000\" height=\"600\" src=\"https:\/\/liked.hu\/old\/wp-content\/uploads\/2018\/11\/2-65.jpg\" class=\"\" alt=\"\" loading=\"lazy\" style=\"\" srcset=\"https:\/\/liked.hu\/old\/wp-content\/uploads\/2018\/11\/2-65.jpg 1000w, https:\/\/liked.hu\/old\/wp-content\/uploads\/2018\/11\/2-65-300x180.jpg 300w, https:\/\/liked.hu\/old\/wp-content\/uploads\/2018\/11\/2-65-768x461.jpg 768w, https:\/\/liked.hu\/old\/wp-content\/uploads\/2018\/11\/2-65-360x216.jpg 360w, https:\/\/liked.hu\/old\/wp-content\/uploads\/2018\/11\/2-65-545x327.jpg 545w\" sizes=\"(max-width: 1000px) 100vw, 1000px\" \/>\t\t\t\t\t\t\t\t\t\t\t<figcaption class=\"zf-figcaption\">\r\n\t\t\t\t\t\t\t\t\t\t\t\t\t\t\t\t\t\t\t\t\t\t\t\t<cite><\/cite>\r\n\r\n\t\t\t\t\t\t\t\t\t\t\t\t\t\t\t\t\t\t\t\t\t\t\t<\/figcaption>\r\n\t\t\t\t\t\t\t\t\t\t\t\t\t\t\t\t\t\t\t<\/div>\r\n\t\t\t\t\t\t\t\t\t<hr \/>\r\n\t\t\t\t\t\t\t\t<\/figure>\r\n\t\t\t\t\t\t\t\t\t\t\t\t\t\t<\/li>\r\n\t\t\t\t\t\t\t\t\t\t\t\t<li class=\"zf-list_item\">\r\n\t\t\t\t\t\t\t<div class=\"zf-list_header\">\r\n\t\t\t\t\t\t\t\t<h3 id=\"listaelem3\" class=\"zf-list_title\">\r\n\t\t\t\t\t\t\t\t\t<span class=\"zf-number\">3<\/span>\r\n\t\t\t\t\t\t\t\t\tA seb\u00e9sz rajzfilmeket mutogat a kis p\u00e1ciens\u00e9nek, hogy megnyugtassa \u0151t a m\u0171t\u00e9t el\u0151tt.\t\t\t\t\t\t\t\t<\/h3>\r\n\t\t\t\t\t\t\t<\/div>\r\n\t\t\t\t\t\t\t\t\t\t\t\t\t\t\t<figure class=\"zf-list_media zf-media-wrapper zf-image zf-type-image\">\r\n\t\t\t\t\t\t\t\t\t<div title=\"A seb\u00e9sz rajzfilmeket mutogat a kis p\u00e1ciens\u00e9nek, hogy megnyugtassa \u0151t a m\u0171t\u00e9t el\u0151tt.\" alt=\"A seb\u00e9sz rajzfilmeket mutogat a kis p\u00e1ciens\u00e9nek, hogy megnyugtassa \u0151t a m\u0171t\u00e9t el\u0151tt.\" class=\"zf-media\">\r\n\t\t\t\t\t\t\t\t\t\t<img width=\"650\" height=\"516\" src=\"https:\/\/liked.hu\/old\/wp-content\/uploads\/2018\/11\/3-64.jpg\" class=\"\" alt=\"\" loading=\"lazy\" style=\"\" srcset=\"https:\/\/liked.hu\/old\/wp-content\/uploads\/2018\/11\/3-64.jpg 650w, https:\/\/liked.hu\/old\/wp-content\/uploads\/2018\/11\/3-64-300x238.jpg 300w, https:\/\/liked.hu\/old\/wp-content\/uploads\/2018\/11\/3-64-360x286.jpg 360w, https:\/\/liked.hu\/old\/wp-content\/uploads\/2018\/11\/3-64-545x433.jpg 545w\" sizes=\"(max-width: 650px) 100vw, 650px\" \/>\t\t\t\t\t\t\t\t\t\t\t<figcaption class=\"zf-figcaption\">\r\n\t\t\t\t\t\t\t\t\t\t\t\t\t\t\t\t\t\t\t\t\t\t\t\t<cite><\/cite>\r\n\r\n\t\t\t\t\t\t\t\t\t\t\t\t\t\t\t\t\t\t\t\t\t\t\t<\/figcaption>\r\n\t\t\t\t\t\t\t\t\t\t\t\t\t\t\t\t\t\t\t<\/div>\r\n\t\t\t\t\t\t\t\t\t<hr \/>\r\n\t\t\t\t\t\t\t\t<\/figure>\r\n\t\t\t\t\t\t\t\t\t\t\t\t\t\t<\/li>\r\n\t\t\t\t\t\t\t\t\t\t\t\t<li class=\"zf-list_item\">\r\n\t\t\t\t\t\t\t<div class=\"zf-list_header\">\r\n\t\t\t\t\t\t\t\t<h3 id=\"listaelem4\" class=\"zf-list_title\">\r\n\t\t\t\t\t\t\t\t\t<span class=\"zf-number\">4<\/span>\r\n\t\t\t\t\t\t\t\t\tAz el\u00e1rasztott Tham Luang-barlangrendszerb\u0151l kiszabad\u00edtott thaif\u00f6ldi gyermekek, akik \u00e9pp az edz\u0151j\u00fckkel szelfiznek, aki seg\u00edtett nekik \u00e9letben maradni.\t\t\t\t\t\t\t\t<\/h3>\r\n\t\t\t\t\t\t\t<\/div>\r\n\t\t\t\t\t\t\t\t\t\t\t\t\t\t\t<figure class=\"zf-list_media zf-media-wrapper zf-image zf-type-image\">\r\n\t\t\t\t\t\t\t\t\t<div title=\"Az el\u00e1rasztott Tham Luang-barlangrendszerb\u0151l kiszabad\u00edtott thaif\u00f6ldi gyermekek, akik \u00e9pp az edz\u0151j\u00fckkel szelfiznek, aki seg\u00edtett nekik \u00e9letben maradni.\" alt=\"Az el\u00e1rasztott Tham Luang-barlangrendszerb\u0151l kiszabad\u00edtott thaif\u00f6ldi gyermekek, akik \u00e9pp az edz\u0151j\u00fckkel szelfiznek, aki seg\u00edtett nekik \u00e9letben maradni.\" class=\"zf-media\">\r\n\t\t\t\t\t\t\t\t\t\t<img width=\"900\" height=\"600\" src=\"https:\/\/liked.hu\/old\/wp-content\/uploads\/2018\/11\/4-63.jpg\" class=\"\" alt=\"\" loading=\"lazy\" style=\"\" srcset=\"https:\/\/liked.hu\/old\/wp-content\/uploads\/2018\/11\/4-63.jpg 900w, https:\/\/liked.hu\/old\/wp-content\/uploads\/2018\/11\/4-63-300x200.jpg 300w, https:\/\/liked.hu\/old\/wp-content\/uploads\/2018\/11\/4-63-768x512.jpg 768w, https:\/\/liked.hu\/old\/wp-content\/uploads\/2018\/11\/4-63-360x240.jpg 360w, https:\/\/liked.hu\/old\/wp-content\/uploads\/2018\/11\/4-63-545x363.jpg 545w\" sizes=\"(max-width: 900px) 100vw, 900px\" \/>\t\t\t\t\t\t\t\t\t\t\t<figcaption class=\"zf-figcaption\">\r\n\t\t\t\t\t\t\t\t\t\t\t\t\t\t\t\t\t\t\t\t\t\t\t\t<cite><\/cite>\r\n\r\n\t\t\t\t\t\t\t\t\t\t\t\t\t\t\t\t\t\t\t\t\t\t\t<\/figcaption>\r\n\t\t\t\t\t\t\t\t\t\t\t\t\t\t\t\t\t\t\t<\/div>\r\n\t\t\t\t\t\t\t\t\t<hr \/>\r\n\t\t\t\t\t\t\t\t<\/figure>\r\n\t\t\t\t\t\t\t\t\t\t\t\t\t\t<\/li>\r\n\t\t\t\t\t\t\t\t\t\t\t\t<li class=\"zf-list_item\">\r\n\t\t\t\t\t\t\t<div class=\"zf-list_header\">\r\n\t\t\t\t\t\t\t\t<h3 id=\"listaelem5\" class=\"zf-list_title\">\r\n\t\t\t\t\t\t\t\t\t<span class=\"zf-number\">5<\/span>\r\n\t\t\t\t\t\t\t\t\tJap\u00e1nban a hirtelen es\u0151z\u00e9st k\u00f6vet\u0151 \u00e1rv\u00edz miatt ez a l\u00f3 egyszer csak a tet\u0151n tal\u00e1lta mag\u00e1t. A h\u00e1z tulajdonosa v\u00e9g\u00fcl beengedte az ablakon \u00e9s visszajuttatta a f\u00f6ldre.\t\t\t\t\t\t\t\t<\/h3>\r\n\t\t\t\t\t\t\t<\/div>\r\n\t\t\t\t\t\t\t\t\t\t\t\t\t\t\t<figure class=\"zf-list_media zf-media-wrapper zf-image zf-type-image\">\r\n\t\t\t\t\t\t\t\t\t<div title=\"Jap\u00e1nban a hirtelen es\u0151z\u00e9st k\u00f6vet\u0151 \u00e1rv\u00edz miatt ez a l\u00f3 egyszer csak a tet\u0151n tal\u00e1lta mag\u00e1t. A h\u00e1z tulajdonosa v\u00e9g\u00fcl beengedte az ablakon \u00e9s visszajuttatta a f\u00f6ldre.\" alt=\"Jap\u00e1nban a hirtelen es\u0151z\u00e9st k\u00f6vet\u0151 \u00e1rv\u00edz miatt ez a l\u00f3 egyszer csak a tet\u0151n tal\u00e1lta mag\u00e1t. A h\u00e1z tulajdonosa v\u00e9g\u00fcl beengedte az ablakon \u00e9s visszajuttatta a f\u00f6ldre.\" class=\"zf-media\">\r\n\t\t\t\t\t\t\t\t\t\t<img width=\"640\" height=\"853\" src=\"https:\/\/liked.hu\/old\/wp-content\/uploads\/2018\/11\/5-65.jpg\" class=\"\" alt=\"\" loading=\"lazy\" style=\"\" srcset=\"https:\/\/liked.hu\/old\/wp-content\/uploads\/2018\/11\/5-65.jpg 640w, https:\/\/liked.hu\/old\/wp-content\/uploads\/2018\/11\/5-65-225x300.jpg 225w, https:\/\/liked.hu\/old\/wp-content\/uploads\/2018\/11\/5-65-360x480.jpg 360w, https:\/\/liked.hu\/old\/wp-content\/uploads\/2018\/11\/5-65-545x726.jpg 545w\" sizes=\"(max-width: 640px) 100vw, 640px\" \/>\t\t\t\t\t\t\t\t\t\t\t<figcaption class=\"zf-figcaption\">\r\n\t\t\t\t\t\t\t\t\t\t\t\t\t\t\t\t\t\t\t\t\t\t\t\t<cite><\/cite>\r\n\r\n\t\t\t\t\t\t\t\t\t\t\t\t\t\t\t\t\t\t\t\t\t\t\t<\/figcaption>\r\n\t\t\t\t\t\t\t\t\t\t\t\t\t\t\t\t\t\t\t<\/div>\r\n\t\t\t\t\t\t\t\t\t<hr \/>\r\n\t\t\t\t\t\t\t\t<\/figure>\r\n\t\t\t\t\t\t\t\t\t\t\t\t\t\t<\/li>\r\n\t\t\t\t\t\t\t\t\t\t\t\t<li class=\"zf-list_item\">\r\n\t\t\t\t\t\t\t<div class=\"zf-list_header\">\r\n\t\t\t\t\t\t\t\t<h3 id=\"listaelem6\" class=\"zf-list_title\">\r\n\t\t\t\t\t\t\t\t\t<span class=\"zf-number\">6<\/span>\r\n\t\t\t\t\t\t\t\t\tAz id\u0151s f\u00e9rfi sz\u00edvrohamot kapott, mik\u00f6zben a gyep\u00e9t csin\u00e1lta a h\u00e1za el\u0151tt, ez\u00e9rt miut\u00e1n k\u00f3rh\u00e1zba sz\u00e1ll\u00edtott\u00e1k a ment\u0151s\u00f6k \u00e9s t\u0171zolt\u00f3k visszaj\u00f6ttek, hogy befejezz\u00e9k a f\u00e9rfi helyett a munk\u00e1t.\t\t\t\t\t\t\t\t<\/h3>\r\n\t\t\t\t\t\t\t<\/div>\r\n\t\t\t\t\t\t\t\t\t\t\t\t\t\t\t<figure class=\"zf-list_media zf-media-wrapper zf-image zf-type-image\">\r\n\t\t\t\t\t\t\t\t\t<div title=\"Az id\u0151s f\u00e9rfi sz\u00edvrohamot kapott, mik\u00f6zben a gyep\u00e9t csin\u00e1lta a h\u00e1za el\u0151tt, ez\u00e9rt miut\u00e1n k\u00f3rh\u00e1zba sz\u00e1ll\u00edtott\u00e1k a ment\u0151s\u00f6k \u00e9s t\u0171zolt\u00f3k visszaj\u00f6ttek, hogy befejezz\u00e9k a f\u00e9rfi helyett a munk\u00e1t.\" alt=\"Az id\u0151s f\u00e9rfi sz\u00edvrohamot kapott, mik\u00f6zben a gyep\u00e9t csin\u00e1lta a h\u00e1za el\u0151tt, ez\u00e9rt miut\u00e1n k\u00f3rh\u00e1zba sz\u00e1ll\u00edtott\u00e1k a ment\u0151s\u00f6k \u00e9s t\u0171zolt\u00f3k visszaj\u00f6ttek, hogy befejezz\u00e9k a f\u00e9rfi helyett a munk\u00e1t.\" class=\"zf-media\">\r\n\t\t\t\t\t\t\t\t\t\t<img width=\"800\" height=\"600\" src=\"https:\/\/liked.hu\/old\/wp-content\/uploads\/2018\/11\/6-62.jpg\" class=\"\" alt=\"\" loading=\"lazy\" style=\"\" srcset=\"https:\/\/liked.hu\/old\/wp-content\/uploads\/2018\/11\/6-62.jpg 800w, https:\/\/liked.hu\/old\/wp-content\/uploads\/2018\/11\/6-62-300x225.jpg 300w, https:\/\/liked.hu\/old\/wp-content\/uploads\/2018\/11\/6-62-768x576.jpg 768w, https:\/\/liked.hu\/old\/wp-content\/uploads\/2018\/11\/6-62-200x150.jpg 200w, https:\/\/liked.hu\/old\/wp-content\/uploads\/2018\/11\/6-62-360x270.jpg 360w, https:\/\/liked.hu\/old\/wp-content\/uploads\/2018\/11\/6-62-545x409.jpg 545w\" sizes=\"(max-width: 800px) 100vw, 800px\" \/>\t\t\t\t\t\t\t\t\t\t\t<figcaption class=\"zf-figcaption\">\r\n\t\t\t\t\t\t\t\t\t\t\t\t\t\t\t\t\t\t\t\t\t\t\t\t<cite><\/cite>\r\n\r\n\t\t\t\t\t\t\t\t\t\t\t\t\t\t\t\t\t\t\t\t\t\t\t<\/figcaption>\r\n\t\t\t\t\t\t\t\t\t\t\t\t\t\t\t\t\t\t\t<\/div>\r\n\t\t\t\t\t\t\t\t\t<hr \/>\r\n\t\t\t\t\t\t\t\t<\/figure>\r\n\t\t\t\t\t\t\t\t\t\t\t\t\t\t<\/li>\r\n\t\t\t\t\t\t\t\t\t\t\t\t<li class=\"zf-list_item\">\r\n\t\t\t\t\t\t\t<div class=\"zf-list_header\">\r\n\t\t\t\t\t\t\t\t<h3 id=\"listaelem7\" class=\"zf-list_title\">\r\n\t\t\t\t\t\t\t\t\t<span class=\"zf-number\">7<\/span>\r\n\t\t\t\t\t\t\t\t\tEzt a f\u00e9rfit \u00e9s ezt az id\u0151s h\u00f6lgyet egyar\u00e1nt bent tartott\u00e1k egy \u00e9jszak\u00e1ra a rend\u0151r\u00f6k az \u0151rs\u00f6n, ez id\u0151 alatt pedig \u00f6sszebar\u00e1tkoztak. Miut\u00e1n szabadon engedt\u00e9k \u0151ket, \u00fagy d\u00f6nt\u00f6ttek, hogy elt\u00f6ltenek egy\u00fctt egy k\u00f6z\u00f6s napot.\t\t\t\t\t\t\t\t<\/h3>\r\n\t\t\t\t\t\t\t<\/div>\r\n\t\t\t\t\t\t\t\t\t\t\t\t\t\t\t<figure class=\"zf-list_media zf-media-wrapper zf-image zf-type-image\">\r\n\t\t\t\t\t\t\t\t\t<div title=\"Ezt a f\u00e9rfit \u00e9s ezt az id\u0151s h\u00f6lgyet egyar\u00e1nt bent tartott\u00e1k egy \u00e9jszak\u00e1ra a rend\u0151r\u00f6k az \u0151rs\u00f6n, ez id\u0151 alatt pedig \u00f6sszebar\u00e1tkoztak. Miut\u00e1n szabadon engedt\u00e9k \u0151ket, \u00fagy d\u00f6nt\u00f6ttek, hogy elt\u00f6ltenek egy\u00fctt egy k\u00f6z\u00f6s napot.\" alt=\"Ezt a f\u00e9rfit \u00e9s ezt az id\u0151s h\u00f6lgyet egyar\u00e1nt bent tartott\u00e1k egy \u00e9jszak\u00e1ra a rend\u0151r\u00f6k az \u0151rs\u00f6n, ez id\u0151 alatt pedig \u00f6sszebar\u00e1tkoztak. Miut\u00e1n szabadon engedt\u00e9k \u0151ket, \u00fagy d\u00f6nt\u00f6ttek, hogy elt\u00f6ltenek egy\u00fctt egy k\u00f6z\u00f6s napot.\" class=\"zf-media\">\r\n\t\t\t\t\t\t\t\t\t\t<img width=\"700\" height=\"517\" src=\"https:\/\/liked.hu\/old\/wp-content\/uploads\/2018\/11\/7-62.jpg\" class=\"\" alt=\"\" loading=\"lazy\" style=\"\" srcset=\"https:\/\/liked.hu\/old\/wp-content\/uploads\/2018\/11\/7-62.jpg 700w, https:\/\/liked.hu\/old\/wp-content\/uploads\/2018\/11\/7-62-300x222.jpg 300w, https:\/\/liked.hu\/old\/wp-content\/uploads\/2018\/11\/7-62-360x266.jpg 360w, https:\/\/liked.hu\/old\/wp-content\/uploads\/2018\/11\/7-62-545x403.jpg 545w\" sizes=\"(max-width: 700px) 100vw, 700px\" \/>\t\t\t\t\t\t\t\t\t\t\t<figcaption class=\"zf-figcaption\">\r\n\t\t\t\t\t\t\t\t\t\t\t\t\t\t\t\t\t\t\t\t\t\t\t\t<cite><\/cite>\r\n\r\n\t\t\t\t\t\t\t\t\t\t\t\t\t\t\t\t\t\t\t\t\t\t\t<\/figcaption>\r\n\t\t\t\t\t\t\t\t\t\t\t\t\t\t\t\t\t\t\t<\/div>\r\n\t\t\t\t\t\t\t\t\t<hr \/>\r\n\t\t\t\t\t\t\t\t<\/figure>\r\n\t\t\t\t\t\t\t\t\t\t\t\t\t\t<\/li>\r\n\t\t\t\t\t\t\t\t\t\t\t\t<li class=\"zf-list_item\">\r\n\t\t\t\t\t\t\t<div class=\"zf-list_header\">\r\n\t\t\t\t\t\t\t\t<h3 id=\"listaelem8\" class=\"zf-list_title\">\r\n\t\t\t\t\t\t\t\t\t<span class=\"zf-number\">8<\/span>\r\n\t\t\t\t\t\t\t\t\tEnnek a h\u00e1znak a tulajdonosa minden h\u00e9ten friss\u00edt\u0151 \u00fcd\u00edt\u0151vel v\u00e1rja a kuk\u00e1sokat, akik elviszik a szemet\u00e9t.\t\t\t\t\t\t\t\t<\/h3>\r\n\t\t\t\t\t\t\t<\/div>\r\n\t\t\t\t\t\t\t\t\t\t\t\t\t\t\t<figure class=\"zf-list_media zf-media-wrapper zf-image zf-type-image\">\r\n\t\t\t\t\t\t\t\t\t<div title=\"Ennek a h\u00e1znak a tulajdonosa minden h\u00e9ten friss\u00edt\u0151 \u00fcd\u00edt\u0151vel v\u00e1rja a kuk\u00e1sokat, akik elviszik a szemet\u00e9t.\" alt=\"Ennek a h\u00e1znak a tulajdonosa minden h\u00e9ten friss\u00edt\u0151 \u00fcd\u00edt\u0151vel v\u00e1rja a kuk\u00e1sokat, akik elviszik a szemet\u00e9t.\" class=\"zf-media\">\r\n\t\t\t\t\t\t\t\t\t\t<img width=\"493\" height=\"759\" src=\"https:\/\/liked.hu\/old\/wp-content\/uploads\/2018\/11\/8-4.png\" class=\"\" alt=\"\" loading=\"lazy\" style=\"\" srcset=\"https:\/\/liked.hu\/old\/wp-content\/uploads\/2018\/11\/8-4.png 493w, https:\/\/liked.hu\/old\/wp-content\/uploads\/2018\/11\/8-4-195x300.png 195w, https:\/\/liked.hu\/old\/wp-content\/uploads\/2018\/11\/8-4-360x554.png 360w\" sizes=\"(max-width: 493px) 100vw, 493px\" \/>\t\t\t\t\t\t\t\t\t\t\t<figcaption class=\"zf-figcaption\">\r\n\t\t\t\t\t\t\t\t\t\t\t\t\t\t\t\t\t\t\t\t\t\t\t\t<cite><\/cite>\r\n\r\n\t\t\t\t\t\t\t\t\t\t\t\t\t\t\t\t\t\t\t\t\t\t\t<\/figcaption>\r\n\t\t\t\t\t\t\t\t\t\t\t\t\t\t\t\t\t\t\t<\/div>\r\n\t\t\t\t\t\t\t\t\t<hr \/>\r\n\t\t\t\t\t\t\t\t<\/figure>\r\n\t\t\t\t\t\t\t\t\t\t\t\t\t\t<\/li>\r\n\t\t\t\t\t\t\t\t\t\t\t\t<li class=\"zf-list_item\">\r\n\t\t\t\t\t\t\t<div class=\"zf-list_header\">\r\n\t\t\t\t\t\t\t\t<h3 id=\"listaelem9\" class=\"zf-list_title\">\r\n\t\t\t\t\t\t\t\t\t<span class=\"zf-number\">9<\/span>\r\n\t\t\t\t\t\t\t\t\t,,A mostohaap\u00e1m 9 \u00e9ves korom \u00f3ta nevel engem. Ma v\u00e9gre hivatalosan is az apuk\u00e1m lett.\"\t\t\t\t\t\t\t\t<\/h3>\r\n\t\t\t\t\t\t\t<\/div>\r\n\t\t\t\t\t\t\t\t\t\t\t\t\t\t\t<figure class=\"zf-list_media zf-media-wrapper zf-image zf-type-image\">\r\n\t\t\t\t\t\t\t\t\t<div title=\",,A mostohaap\u00e1m 9 \u00e9ves korom \u00f3ta nevel engem. Ma v\u00e9gre hivatalosan is az apuk\u00e1m lett.&quot;\" alt=\",,A mostohaap\u00e1m 9 \u00e9ves korom \u00f3ta nevel engem. Ma v\u00e9gre hivatalosan is az apuk\u00e1m lett.&quot;\" class=\"zf-media\">\r\n\t\t\t\t\t\t\t\t\t\t<img width=\"640\" height=\"853\" src=\"https:\/\/liked.hu\/old\/wp-content\/uploads\/2018\/11\/9-61.jpg\" class=\"\" alt=\"\" loading=\"lazy\" style=\"\" srcset=\"https:\/\/liked.hu\/old\/wp-content\/uploads\/2018\/11\/9-61.jpg 640w, https:\/\/liked.hu\/old\/wp-content\/uploads\/2018\/11\/9-61-225x300.jpg 225w, https:\/\/liked.hu\/old\/wp-content\/uploads\/2018\/11\/9-61-360x480.jpg 360w, https:\/\/liked.hu\/old\/wp-content\/uploads\/2018\/11\/9-61-545x726.jpg 545w\" sizes=\"(max-width: 640px) 100vw, 640px\" \/>\t\t\t\t\t\t\t\t\t\t\t<figcaption class=\"zf-figcaption\">\r\n\t\t\t\t\t\t\t\t\t\t\t\t\t\t\t\t\t\t\t\t\t\t\t\t<cite><\/cite>\r\n\r\n\t\t\t\t\t\t\t\t\t\t\t\t\t\t\t\t\t\t\t\t\t\t\t<\/figcaption>\r\n\t\t\t\t\t\t\t\t\t\t\t\t\t\t\t\t\t\t\t<\/div>\r\n\t\t\t\t\t\t\t\t\t<hr \/>\r\n\t\t\t\t\t\t\t\t<\/figure>\r\n\t\t\t\t\t\t\t\t\t\t\t\t\t\t<\/li>\r\n\t\t\t\t\t\t\t\t\t\t\t\t<li class=\"zf-list_item\">\r\n\t\t\t\t\t\t\t<div class=\"zf-list_header\">\r\n\t\t\t\t\t\t\t\t<h3 id=\"listaelem10\" class=\"zf-list_title\">\r\n\t\t\t\t\t\t\t\t\t<span class=\"zf-number\">10<\/span>\r\n\t\t\t\t\t\t\t\t\tA sr\u00e1c f\u00e9lt, hogy a bar\u00e1tn\u0151j\u00e9nek esetleg nem tetszen\u00e9nek a k\u00edgy\u00f3i, ez\u00e9rt heteken \u00e1t dugdosta \u0151ket el\u0151le, amikor \u00e1tj\u00f6tt hozz\u00e1 a l\u00e1ny. Ut\u00f3bb kider\u00fclt: a f\u00e9lelmei hi\u00e1baval\u00f3ak voltak, a l\u00e1ny ugyanis rajong a k\u00edgy\u00f3k\u00e9rt.\t\t\t\t\t\t\t\t<\/h3>\r\n\t\t\t\t\t\t\t<\/div>\r\n\t\t\t\t\t\t\t\t\t\t\t\t\t\t\t<figure class=\"zf-list_media zf-media-wrapper zf-image zf-type-image\">\r\n\t\t\t\t\t\t\t\t\t<div title=\"A sr\u00e1c f\u00e9lt, hogy a bar\u00e1tn\u0151j\u00e9nek esetleg nem tetszen\u00e9nek a k\u00edgy\u00f3i, ez\u00e9rt heteken \u00e1t dugdosta \u0151ket el\u0151le, amikor \u00e1tj\u00f6tt hozz\u00e1 a l\u00e1ny. Ut\u00f3bb kider\u00fclt: a f\u00e9lelmei hi\u00e1baval\u00f3ak voltak, a l\u00e1ny ugyanis rajong a k\u00edgy\u00f3k\u00e9rt.\" alt=\"A sr\u00e1c f\u00e9lt, hogy a bar\u00e1tn\u0151j\u00e9nek esetleg nem tetszen\u00e9nek a k\u00edgy\u00f3i, ez\u00e9rt heteken \u00e1t dugdosta \u0151ket el\u0151le, amikor \u00e1tj\u00f6tt hozz\u00e1 a l\u00e1ny. Ut\u00f3bb kider\u00fclt: a f\u00e9lelmei hi\u00e1baval\u00f3ak voltak, a l\u00e1ny ugyanis rajong a k\u00edgy\u00f3k\u00e9rt.\" class=\"zf-media\">\r\n\t\t\t\t\t\t\t\t\t\t<img width=\"640\" height=\"640\" src=\"https:\/\/liked.hu\/old\/wp-content\/uploads\/2018\/11\/10-59.jpg\" class=\"\" alt=\"\" loading=\"lazy\" style=\"\" srcset=\"https:\/\/liked.hu\/old\/wp-content\/uploads\/2018\/11\/10-59.jpg 640w, https:\/\/liked.hu\/old\/wp-content\/uploads\/2018\/11\/10-59-150x150.jpg 150w, https:\/\/liked.hu\/old\/wp-content\/uploads\/2018\/11\/10-59-300x300.jpg 300w, https:\/\/liked.hu\/old\/wp-content\/uploads\/2018\/11\/10-59-400x400.jpg 400w, https:\/\/liked.hu\/old\/wp-content\/uploads\/2018\/11\/10-59-360x360.jpg 360w, https:\/\/liked.hu\/old\/wp-content\/uploads\/2018\/11\/10-59-545x545.jpg 545w, https:\/\/liked.hu\/old\/wp-content\/uploads\/2018\/11\/10-59-350x350.jpg 350w\" sizes=\"(max-width: 640px) 100vw, 640px\" \/>\t\t\t\t\t\t\t\t\t\t\t<figcaption class=\"zf-figcaption\">\r\n\t\t\t\t\t\t\t\t\t\t\t\t\t\t\t\t\t\t\t\t\t\t\t\t<cite><\/cite>\r\n\r\n\t\t\t\t\t\t\t\t\t\t\t\t\t\t\t\t\t\t\t\t\t\t\t<\/figcaption>\r\n\t\t\t\t\t\t\t\t\t\t\t\t\t\t\t\t\t\t\t<\/div>\r\n\t\t\t\t\t\t\t\t\t<hr \/>\r\n\t\t\t\t\t\t\t\t<\/figure>\r\n\t\t\t\t\t\t\t\t\t\t\t\t\t\t<\/li>\r\n\t\t\t\t\t\t\t\t\t<\/ol>\r\n\t\t<\/div>\r\n\t<\/div>\r\n\r\n\t<\/div>\r\n\r\n\r\n<!--nextpage--><div id=\"zombify-main-section-front\" class=\"zombify-main-section-front zombify-screen zf-media-full\">\r\n\t<link rel=\"stylesheet\" type=\"text\/css\" href=\"https:\/\/liked.hu\/old\/js\/zombify.css\">\r\n    <link rel=\"stylesheet\" type=\"text\/css\" href=\"https:\/\/liked.hu\/old\/wp-content\/themes\/newsy-child\/style.css\">\r\n\t<div class=\"zf-container\">\r\n\t\t<div id=\"zf-list\" class=\"zf-list zf-numbered\">\r\n\t\t\t<ol class=\"zf-structure-list\">\r\n\t\t\t\t\t\t\t\t\t\t<li class=\"zf-list_item\">\r\n\t\t\t\t\t\t\t<div class=\"zf-list_header\">\r\n\t\t\t\t\t\t\t\t<h3 id=\"listaelem11\" class=\"zf-list_title\">\r\n\t\t\t\t\t\t\t\t\t<span class=\"zf-number\">11<\/span>\r\n\t\t\t\t\t\t\t\t\tEz a 72 \u00e9ves f\u00e9rfi minden nap \u00fccs\u00f6r\u00f6g kicsit a feles\u00e9ge portr\u00e9j\u00e1val a tengerparton, ahol egym\u00e1sba szerettek.\t\t\t\t\t\t\t\t<\/h3>\r\n\t\t\t\t\t\t\t<\/div>\r\n\t\t\t\t\t\t\t\t\t\t\t\t\t\t\t<figure class=\"zf-list_media zf-media-wrapper zf-image zf-type-image\">\r\n\t\t\t\t\t\t\t\t\t<div title=\"Ez a 72 \u00e9ves f\u00e9rfi minden nap \u00fccs\u00f6r\u00f6g kicsit a feles\u00e9ge portr\u00e9j\u00e1val a tengerparton, ahol egym\u00e1sba szerettek.\" alt=\"Ez a 72 \u00e9ves f\u00e9rfi minden nap \u00fccs\u00f6r\u00f6g kicsit a feles\u00e9ge portr\u00e9j\u00e1val a tengerparton, ahol egym\u00e1sba szerettek.\" class=\"zf-media\">\r\n\t\t\t\t\t\t\t\t\t\t<img width=\"639\" height=\"1137\" src=\"https:\/\/liked.hu\/old\/wp-content\/uploads\/2018\/11\/11-57.jpg\" class=\"\" alt=\"\" loading=\"lazy\" style=\"\" srcset=\"https:\/\/liked.hu\/old\/wp-content\/uploads\/2018\/11\/11-57.jpg 639w, https:\/\/liked.hu\/old\/wp-content\/uploads\/2018\/11\/11-57-169x300.jpg 169w, https:\/\/liked.hu\/old\/wp-content\/uploads\/2018\/11\/11-57-575x1024.jpg 575w, https:\/\/liked.hu\/old\/wp-content\/uploads\/2018\/11\/11-57-360x641.jpg 360w, https:\/\/liked.hu\/old\/wp-content\/uploads\/2018\/11\/11-57-545x970.jpg 545w\" sizes=\"(max-width: 639px) 100vw, 639px\" \/>\t\t\t\t\t\t\t\t\t\t\t<figcaption class=\"zf-figcaption\">\r\n\t\t\t\t\t\t\t\t\t\t\t\t\t\t\t\t\t\t\t\t\t\t\t\t<cite><\/cite>\r\n\r\n\t\t\t\t\t\t\t\t\t\t\t\t\t\t\t\t\t\t\t\t\t\t\t<\/figcaption>\r\n\t\t\t\t\t\t\t\t\t\t\t\t\t\t\t\t\t\t\t<\/div>\r\n\t\t\t\t\t\t\t\t\t<hr \/>\r\n\t\t\t\t\t\t\t\t<\/figure>\r\n\t\t\t\t\t\t\t\t\t\t\t\t\t\t<\/li>\r\n\t\t\t\t\t\t\t\t\t\t\t\t<li class=\"zf-list_item\">\r\n\t\t\t\t\t\t\t<div class=\"zf-list_header\">\r\n\t\t\t\t\t\t\t\t<h3 id=\"listaelem12\" class=\"zf-list_title\">\r\n\t\t\t\t\t\t\t\t\t<span class=\"zf-number\">12<\/span>\r\n\t\t\t\t\t\t\t\t\tEz a sr\u00e1c \u00f6r\u00f6kbe fogadta ezt a macsk\u00e1t a menhelyr\u0151l, a cica pedig nem gy\u0151z minden nap k\u00f6sz\u00f6netet mondani ez\u00e9rt a sr\u00e1cnak.\t\t\t\t\t\t\t\t<\/h3>\r\n\t\t\t\t\t\t\t<\/div>\r\n\t\t\t\t\t\t\t\t\t\t\t\t\t\t\t<figure class=\"zf-list_media zf-media-wrapper zf-image zf-type-image\">\r\n\t\t\t\t\t\t\t\t\t<div title=\"Ez a sr\u00e1c \u00f6r\u00f6kbe fogadta ezt a macsk\u00e1t a menhelyr\u0151l, a cica pedig nem gy\u0151z minden nap k\u00f6sz\u00f6netet mondani ez\u00e9rt a sr\u00e1cnak.\" alt=\"Ez a sr\u00e1c \u00f6r\u00f6kbe fogadta ezt a macsk\u00e1t a menhelyr\u0151l, a cica pedig nem gy\u0151z minden nap k\u00f6sz\u00f6netet mondani ez\u00e9rt a sr\u00e1cnak.\" class=\"zf-media\">\r\n\t\t\t\t\t\t\t\t\t\t<img width=\"1000\" height=\"600\" src=\"https:\/\/liked.hu\/old\/wp-content\/uploads\/2018\/11\/12-55.jpg\" class=\"\" alt=\"\" loading=\"lazy\" style=\"\" srcset=\"https:\/\/liked.hu\/old\/wp-content\/uploads\/2018\/11\/12-55.jpg 1000w, https:\/\/liked.hu\/old\/wp-content\/uploads\/2018\/11\/12-55-300x180.jpg 300w, https:\/\/liked.hu\/old\/wp-content\/uploads\/2018\/11\/12-55-768x461.jpg 768w, https:\/\/liked.hu\/old\/wp-content\/uploads\/2018\/11\/12-55-360x216.jpg 360w, https:\/\/liked.hu\/old\/wp-content\/uploads\/2018\/11\/12-55-545x327.jpg 545w\" sizes=\"(max-width: 1000px) 100vw, 1000px\" \/>\t\t\t\t\t\t\t\t\t\t\t<figcaption class=\"zf-figcaption\">\r\n\t\t\t\t\t\t\t\t\t\t\t\t\t\t\t\t\t\t\t\t\t\t\t\t<cite><\/cite>\r\n\r\n\t\t\t\t\t\t\t\t\t\t\t\t\t\t\t\t\t\t\t\t\t\t\t<\/figcaption>\r\n\t\t\t\t\t\t\t\t\t\t\t\t\t\t\t\t\t\t\t<\/div>\r\n\t\t\t\t\t\t\t\t\t<hr \/>\r\n\t\t\t\t\t\t\t\t<\/figure>\r\n\t\t\t\t\t\t\t\t\t\t\t\t\t\t<\/li>\r\n\t\t\t\t\t\t\t\t\t\t\t\t<li class=\"zf-list_item\">\r\n\t\t\t\t\t\t\t<div class=\"zf-list_header\">\r\n\t\t\t\t\t\t\t\t<h3 id=\"listaelem13\" class=\"zf-list_title\">\r\n\t\t\t\t\t\t\t\t\t<span class=\"zf-number\">13<\/span>\r\n\t\t\t\t\t\t\t\t\tA 25 \u00e9ves hajl\u00e9ktalan fi\u00fa csak egy kis apr\u00f3t szeretett volna az \u00fczletember James Mynn-t\u0151l, aki adott neki, majd megk\u00e9rte, hogy mes\u00e9lje el a t\u00f6rt\u00e9net\u00e9t. Miut\u00e1n a fi\u00fa elmes\u00e9lte, az \u00fczletember \u00e1ll\u00e1st aj\u00e1nlott neki a c\u00e9g\u00e9n\u00e9l.\t\t\t\t\t\t\t\t<\/h3>\r\n\t\t\t\t\t\t\t<\/div>\r\n\t\t\t\t\t\t\t\t\t\t\t\t\t\t\t<figure class=\"zf-list_media zf-media-wrapper zf-image zf-type-image\">\r\n\t\t\t\t\t\t\t\t\t<div title=\"A 25 \u00e9ves hajl\u00e9ktalan fi\u00fa csak egy kis apr\u00f3t szeretett volna az \u00fczletember James Mynn-t\u0151l, aki adott neki, majd megk\u00e9rte, hogy mes\u00e9lje el a t\u00f6rt\u00e9net\u00e9t. Miut\u00e1n a fi\u00fa elmes\u00e9lte, az \u00fczletember \u00e1ll\u00e1st aj\u00e1nlott neki a c\u00e9g\u00e9n\u00e9l.\" alt=\"A 25 \u00e9ves hajl\u00e9ktalan fi\u00fa csak egy kis apr\u00f3t szeretett volna az \u00fczletember James Mynn-t\u0151l, aki adott neki, majd megk\u00e9rte, hogy mes\u00e9lje el a t\u00f6rt\u00e9net\u00e9t. Miut\u00e1n a fi\u00fa elmes\u00e9lte, az \u00fczletember \u00e1ll\u00e1st aj\u00e1nlott neki a c\u00e9g\u00e9n\u00e9l.\" class=\"zf-media\">\r\n\t\t\t\t\t\t\t\t\t\t<img width=\"960\" height=\"1440\" src=\"https:\/\/liked.hu\/old\/wp-content\/uploads\/2018\/11\/13-56.jpg\" class=\"\" alt=\"\" loading=\"lazy\" style=\"\" srcset=\"https:\/\/liked.hu\/old\/wp-content\/uploads\/2018\/11\/13-56.jpg 960w, https:\/\/liked.hu\/old\/wp-content\/uploads\/2018\/11\/13-56-200x300.jpg 200w, https:\/\/liked.hu\/old\/wp-content\/uploads\/2018\/11\/13-56-768x1152.jpg 768w, https:\/\/liked.hu\/old\/wp-content\/uploads\/2018\/11\/13-56-683x1024.jpg 683w, https:\/\/liked.hu\/old\/wp-content\/uploads\/2018\/11\/13-56-360x540.jpg 360w, https:\/\/liked.hu\/old\/wp-content\/uploads\/2018\/11\/13-56-545x818.jpg 545w\" sizes=\"(max-width: 960px) 100vw, 960px\" \/>\t\t\t\t\t\t\t\t\t\t\t<figcaption class=\"zf-figcaption\">\r\n\t\t\t\t\t\t\t\t\t\t\t\t\t\t\t\t\t\t\t\t\t\t\t\t<cite><\/cite>\r\n\r\n\t\t\t\t\t\t\t\t\t\t\t\t\t\t\t\t\t\t\t\t\t\t\t<\/figcaption>\r\n\t\t\t\t\t\t\t\t\t\t\t\t\t\t\t\t\t\t\t<\/div>\r\n\t\t\t\t\t\t\t\t\t<hr \/>\r\n\t\t\t\t\t\t\t\t<\/figure>\r\n\t\t\t\t\t\t\t\t\t\t\t\t\t\t<\/li>\r\n\t\t\t\t\t\t\t\t\t\t\t\t<li class=\"zf-list_item\">\r\n\t\t\t\t\t\t\t<div class=\"zf-list_header\">\r\n\t\t\t\t\t\t\t\t<h3 id=\"listaelem14\" class=\"zf-list_title\">\r\n\t\t\t\t\t\t\t\t\t<span class=\"zf-number\">14<\/span>\r\n\t\t\t\t\t\t\t\t\t,,\u0150k a mi \u00f6r\u00f6kbe fogadott gyermekeink \u00e9s a szem\u00fcnk f\u00e9nyei. Noha m\u00e1s a b\u0151rsz\u00edn\u00fck, ragaszkodtak hozz\u00e1, hogy mindenki ikertestv\u00e9rk\u00e9nt kezelje \u0151ket.\"\t\t\t\t\t\t\t\t<\/h3>\r\n\t\t\t\t\t\t\t<\/div>\r\n\t\t\t\t\t\t\t\t\t\t\t\t\t\t\t<figure class=\"zf-list_media zf-media-wrapper zf-image zf-type-image\">\r\n\t\t\t\t\t\t\t\t\t<div title=\",,\u0150k a mi \u00f6r\u00f6kbe fogadott gyermekeink \u00e9s a szem\u00fcnk f\u00e9nyei. Noha m\u00e1s a b\u0151rsz\u00edn\u00fck, ragaszkodtak hozz\u00e1, hogy mindenki ikertestv\u00e9rk\u00e9nt kezelje \u0151ket.&quot;\" alt=\",,\u0150k a mi \u00f6r\u00f6kbe fogadott gyermekeink \u00e9s a szem\u00fcnk f\u00e9nyei. Noha m\u00e1s a b\u0151rsz\u00edn\u00fck, ragaszkodtak hozz\u00e1, hogy mindenki ikertestv\u00e9rk\u00e9nt kezelje \u0151ket.&quot;\" class=\"zf-media\">\r\n\t\t\t\t\t\t\t\t\t\t<img width=\"1020\" height=\"1360\" src=\"https:\/\/liked.hu\/old\/wp-content\/uploads\/2018\/11\/14-53.jpg\" class=\"\" alt=\"\" loading=\"lazy\" style=\"\" srcset=\"https:\/\/liked.hu\/old\/wp-content\/uploads\/2018\/11\/14-53.jpg 1020w, https:\/\/liked.hu\/old\/wp-content\/uploads\/2018\/11\/14-53-225x300.jpg 225w, https:\/\/liked.hu\/old\/wp-content\/uploads\/2018\/11\/14-53-768x1024.jpg 768w, https:\/\/liked.hu\/old\/wp-content\/uploads\/2018\/11\/14-53-360x480.jpg 360w, https:\/\/liked.hu\/old\/wp-content\/uploads\/2018\/11\/14-53-545x727.jpg 545w\" sizes=\"(max-width: 1020px) 100vw, 1020px\" \/>\t\t\t\t\t\t\t\t\t\t\t<figcaption class=\"zf-figcaption\">\r\n\t\t\t\t\t\t\t\t\t\t\t\t\t\t\t\t\t\t\t\t\t\t\t\t<cite><\/cite>\r\n\r\n\t\t\t\t\t\t\t\t\t\t\t\t\t\t\t\t\t\t\t\t\t\t\t<\/figcaption>\r\n\t\t\t\t\t\t\t\t\t\t\t\t\t\t\t\t\t\t\t<\/div>\r\n\t\t\t\t\t\t\t\t\t<hr \/>\r\n\t\t\t\t\t\t\t\t<\/figure>\r\n\t\t\t\t\t\t\t\t\t\t\t\t\t\t<\/li>\r\n\t\t\t\t\t\t\t\t\t\t\t\t<li class=\"zf-list_item\">\r\n\t\t\t\t\t\t\t<div class=\"zf-list_header\">\r\n\t\t\t\t\t\t\t\t<h3 id=\"listaelem15\" class=\"zf-list_title\">\r\n\t\t\t\t\t\t\t\t\t<span class=\"zf-number\">15<\/span>\r\n\t\t\t\t\t\t\t\t\tMiel\u0151tt a fiatal p\u00e1r elb\u00facs\u00fazna egym\u00e1st\u00f3l, m\u00e9g utolj\u00e1ra a rept\u00e9ri \u00fcvegen kereszt\u00fcl a telefonjaik seg\u00edts\u00e9g\u00e9vel besz\u00e9lgetnek egym\u00e1ssal.\t\t\t\t\t\t\t\t<\/h3>\r\n\t\t\t\t\t\t\t<\/div>\r\n\t\t\t\t\t\t\t\t\t\t\t\t\t\t\t<figure class=\"zf-list_media zf-media-wrapper zf-image zf-type-image\">\r\n\t\t\t\t\t\t\t\t\t<div title=\"Miel\u0151tt a fiatal p\u00e1r elb\u00facs\u00fazna egym\u00e1st\u00f3l, m\u00e9g utolj\u00e1ra a rept\u00e9ri \u00fcvegen kereszt\u00fcl a telefonjaik seg\u00edts\u00e9g\u00e9vel besz\u00e9lgetnek egym\u00e1ssal.\" alt=\"Miel\u0151tt a fiatal p\u00e1r elb\u00facs\u00fazna egym\u00e1st\u00f3l, m\u00e9g utolj\u00e1ra a rept\u00e9ri \u00fcvegen kereszt\u00fcl a telefonjaik seg\u00edts\u00e9g\u00e9vel besz\u00e9lgetnek egym\u00e1ssal.\" class=\"zf-media\">\r\n\t\t\t\t\t\t\t\t\t\t<img width=\"640\" height=\"1044\" src=\"https:\/\/liked.hu\/old\/wp-content\/uploads\/2018\/11\/15-54.jpg\" class=\"\" alt=\"\" loading=\"lazy\" style=\"\" srcset=\"https:\/\/liked.hu\/old\/wp-content\/uploads\/2018\/11\/15-54.jpg 640w, https:\/\/liked.hu\/old\/wp-content\/uploads\/2018\/11\/15-54-184x300.jpg 184w, https:\/\/liked.hu\/old\/wp-content\/uploads\/2018\/11\/15-54-628x1024.jpg 628w, https:\/\/liked.hu\/old\/wp-content\/uploads\/2018\/11\/15-54-360x587.jpg 360w, https:\/\/liked.hu\/old\/wp-content\/uploads\/2018\/11\/15-54-545x889.jpg 545w\" sizes=\"(max-width: 640px) 100vw, 640px\" \/>\t\t\t\t\t\t\t\t\t\t\t<figcaption class=\"zf-figcaption\">\r\n\t\t\t\t\t\t\t\t\t\t\t\t\t\t\t\t\t\t\t\t\t\t\t\t<cite><\/cite>\r\n\r\n\t\t\t\t\t\t\t\t\t\t\t\t\t\t\t\t\t\t\t\t\t\t\t<\/figcaption>\r\n\t\t\t\t\t\t\t\t\t\t\t\t\t\t\t\t\t\t\t<\/div>\r\n\t\t\t\t\t\t\t\t\t<hr \/>\r\n\t\t\t\t\t\t\t\t<\/figure>\r\n\t\t\t\t\t\t\t\t\t\t\t\t\t\t<\/li>\r\n\t\t\t\t\t\t\t\t\t\t\t\t<li class=\"zf-list_item\">\r\n\t\t\t\t\t\t\t<div class=\"zf-list_header\">\r\n\t\t\t\t\t\t\t\t<h3 id=\"listaelem16\" class=\"zf-list_title\">\r\n\t\t\t\t\t\t\t\t\t<span class=\"zf-number\">16<\/span>\r\n\t\t\t\t\t\t\t\t\tA varj\u00fa beszorult a k\u00e9m\u00e9nybe, a h\u00e1z tulajdonosa pedig anyagi javaival nem t\u00f6r\u0151dve megbontotta azt, hogy kiszabad\u00edtsa az \u00e1llatot.\t\t\t\t\t\t\t\t<\/h3>\r\n\t\t\t\t\t\t\t<\/div>\r\n\t\t\t\t\t\t\t\t\t\t\t\t\t\t\t<figure class=\"zf-list_media zf-media-wrapper zf-image zf-type-image\">\r\n\t\t\t\t\t\t\t\t\t<div title=\"A varj\u00fa beszorult a k\u00e9m\u00e9nybe, a h\u00e1z tulajdonosa pedig anyagi javaival nem t\u00f6r\u0151dve megbontotta azt, hogy kiszabad\u00edtsa az \u00e1llatot.\" alt=\"A varj\u00fa beszorult a k\u00e9m\u00e9nybe, a h\u00e1z tulajdonosa pedig anyagi javaival nem t\u00f6r\u0151dve megbontotta azt, hogy kiszabad\u00edtsa az \u00e1llatot.\" class=\"zf-media\">\r\n\t\t\t\t\t\t\t\t\t\t<img width=\"1020\" height=\"1327\" src=\"https:\/\/liked.hu\/old\/wp-content\/uploads\/2018\/11\/16-44.jpg\" class=\"\" alt=\"\" loading=\"lazy\" style=\"\" srcset=\"https:\/\/liked.hu\/old\/wp-content\/uploads\/2018\/11\/16-44.jpg 1020w, https:\/\/liked.hu\/old\/wp-content\/uploads\/2018\/11\/16-44-231x300.jpg 231w, https:\/\/liked.hu\/old\/wp-content\/uploads\/2018\/11\/16-44-768x999.jpg 768w, https:\/\/liked.hu\/old\/wp-content\/uploads\/2018\/11\/16-44-787x1024.jpg 787w, https:\/\/liked.hu\/old\/wp-content\/uploads\/2018\/11\/16-44-360x468.jpg 360w, https:\/\/liked.hu\/old\/wp-content\/uploads\/2018\/11\/16-44-545x709.jpg 545w\" sizes=\"(max-width: 1020px) 100vw, 1020px\" \/>\t\t\t\t\t\t\t\t\t\t\t<figcaption class=\"zf-figcaption\">\r\n\t\t\t\t\t\t\t\t\t\t\t\t\t\t\t\t\t\t\t\t\t\t\t\t<cite><\/cite>\r\n\r\n\t\t\t\t\t\t\t\t\t\t\t\t\t\t\t\t\t\t\t\t\t\t\t<\/figcaption>\r\n\t\t\t\t\t\t\t\t\t\t\t\t\t\t\t\t\t\t\t<\/div>\r\n\t\t\t\t\t\t\t\t\t<hr \/>\r\n\t\t\t\t\t\t\t\t<\/figure>\r\n\t\t\t\t\t\t\t\t\t\t\t\t\t\t<\/li>\r\n\t\t\t\t\t\t\t\t\t<\/ol>\r\n\t\t<\/div>\r\n\t<\/div>\r\n\r\n\t<\/div>\n","protected":false},"excerpt":{"rendered":"<p>A vil\u00e1gban minden nap t\u00f6rt\u00e9nnek olyan apr\u00f3 csod\u00e1k, melyek noha ritk\u00e1n kavarnak nagy port maguk k\u00f6r\u00fcl, m\u00e9gis \u00e9rdemes megeml\u00e9kezni r\u00f3luk \u00e9s n\u00e9h\u00e1ny perc erej\u00e9ig csod\u00e1lattal ad\u00f3zni el\u0151tt\u00fck. \u00c9pp \u00fagy, mint a most \u00f6sszegy\u0171jt\u00f6tt 16 f\u00e9nyk\u00e9pet \u00e9s a hozz\u00e1juk tartoz\u00f3 t\u00f6rt\u00e9netek, melyek egy\u00fattal seg\u00edtenek nek\u00fcnk visszaszerezni az emberis\u00e9gbe vetett hit\u00fcnk.<\/p>\n","protected":false},"author":7,"featured_media":116166,"comment_status":"open","ping_status":"closed","sticky":false,"template":"","format":"standard","meta":{"buzzeditor_post_format":""},"categories":[9578],"tags":[648,765,834,1679,2465,2657],"yoast_head":"<!-- This site is optimized with the Yoast SEO plugin v19.6.1 - https:\/\/yoast.com\/wordpress\/plugins\/seo\/ -->\n<title>16 fot\u00f3, ami m\u00f6g\u00f6tt nagyon er\u0151s t\u00f6rt\u00e9net rejlik<\/title>\n<meta name=\"description\" content=\"A vil\u00e1gban minden nap t\u00f6rt\u00e9nnek olyan apr\u00f3 csod\u00e1k, melyek noha ritk\u00e1n kavarnak nagy port maguk k\u00f6r\u00fcl, m\u00e9gis \u00e9rdemes megeml\u00e9kezni r\u00f3luk \u00e9s n\u00e9h\u00e1ny perc\" \/>\n<meta name=\"robots\" content=\"index, follow, max-snippet:-1, max-image-preview:large, max-video-preview:-1\" \/>\n<link rel=\"canonical\" href=\"https:\/\/liked.hu\/old\/internetes-dolgok\/16-foto-ami-mogott-nagyon-eros-tortenet-rejlik\/\" \/>\n<link rel=\"next\" href=\"https:\/\/liked.hu\/old\/internetes-dolgok\/16-foto-ami-mogott-nagyon-eros-tortenet-rejlik\/2\/\" \/>\n<meta property=\"og:locale\" content=\"hu_HU\" \/>\n<meta property=\"og:type\" content=\"article\" \/>\n<meta property=\"og:title\" content=\"16 fot\u00f3, ami m\u00f6g\u00f6tt nagyon er\u0151s t\u00f6rt\u00e9net rejlik\" \/>\n<meta property=\"og:description\" content=\"A vil\u00e1gban minden nap t\u00f6rt\u00e9nnek olyan apr\u00f3 csod\u00e1k, melyek noha ritk\u00e1n kavarnak nagy port maguk k\u00f6r\u00fcl, m\u00e9gis \u00e9rdemes megeml\u00e9kezni r\u00f3luk \u00e9s n\u00e9h\u00e1ny perc\" \/>\n<meta property=\"og:url\" content=\"https:\/\/liked.hu\/old\/internetes-dolgok\/16-foto-ami-mogott-nagyon-eros-tortenet-rejlik\/\" \/>\n<meta property=\"og:site_name\" content=\"Liked.hu\" \/>\n<meta property=\"article:publisher\" content=\"https:\/\/www.facebook.com\/liked.hu\" \/>\n<meta property=\"article:published_time\" content=\"2018-11-13T10:40:30+00:00\" \/>\n<meta property=\"article:modified_time\" content=\"2022-09-05T15:57:59+00:00\" \/>\n<meta property=\"og:image\" content=\"https:\/\/liked.hu\/old\/wp-content\/uploads\/2018\/11\/Tortenet-a-kepek-mogott.jpg\" \/>\n\t<meta property=\"og:image:width\" content=\"1200\" \/>\n\t<meta property=\"og:image:height\" content=\"630\" \/>\n\t<meta property=\"og:image:type\" content=\"image\/jpeg\" \/>\n<meta name=\"author\" content=\"Tiborc\" \/>\n<meta name=\"twitter:card\" content=\"summary\" \/>\n<meta name=\"twitter:creator\" content=\"@LikedHu\" \/>\n<meta name=\"twitter:site\" content=\"@LikedHu\" \/>\n<meta name=\"twitter:label1\" content=\"Szerz\u0151:\" \/>\n\t<meta name=\"twitter:data1\" content=\"Tiborc\" \/>\n\t<meta name=\"twitter:label2\" content=\"Becs\u00fclt olvas\u00e1si id\u0151\" \/>\n\t<meta name=\"twitter:data2\" content=\"1 perc\" \/>\n<script type=\"application\/ld+json\" class=\"yoast-schema-graph\">{\"@context\":\"https:\/\/schema.org\",\"@graph\":[{\"@type\":\"Article\",\"@id\":\"https:\/\/liked.hu\/old\/internetes-dolgok\/16-foto-ami-mogott-nagyon-eros-tortenet-rejlik\/#article\",\"isPartOf\":{\"@id\":\"https:\/\/liked.hu\/old\/internetes-dolgok\/16-foto-ami-mogott-nagyon-eros-tortenet-rejlik\/\"},\"author\":{\"name\":\"Tiborc\",\"@id\":\"https:\/\/liked.hu\/old\/#\/schema\/person\/8b92210be73c8af1a8255bd30ebe772b\"},\"headline\":\"16 fot\u00f3, ami m\u00f6g\u00f6tt nagyon er\u0151s t\u00f6rt\u00e9net rejlik\",\"datePublished\":\"2018-11-13T10:40:30+00:00\",\"dateModified\":\"2022-09-05T15:57:59+00:00\",\"mainEntityOfPage\":{\"@id\":\"https:\/\/liked.hu\/old\/internetes-dolgok\/16-foto-ami-mogott-nagyon-eros-tortenet-rejlik\/\"},\"wordCount\":105,\"commentCount\":0,\"publisher\":{\"@id\":\"https:\/\/liked.hu\/old\/#organization\"},\"keywords\":[\"\u00e9rdekess\u00e9g\",\"f\u00e9nyk\u00e9p\",\"fot\u00f3\",\"meghat\u00f3\",\"sztori\",\"t\u00f6rt\u00e9net\"],\"articleSection\":[\"Interneten tal\u00e1lt dolgok\"],\"inLanguage\":\"hu\",\"potentialAction\":[{\"@type\":\"CommentAction\",\"name\":\"Comment\",\"target\":[\"https:\/\/liked.hu\/old\/internetes-dolgok\/16-foto-ami-mogott-nagyon-eros-tortenet-rejlik\/#respond\"]}]},{\"@type\":\"WebPage\",\"@id\":\"https:\/\/liked.hu\/old\/internetes-dolgok\/16-foto-ami-mogott-nagyon-eros-tortenet-rejlik\/\",\"url\":\"https:\/\/liked.hu\/old\/internetes-dolgok\/16-foto-ami-mogott-nagyon-eros-tortenet-rejlik\/\",\"name\":\"16 fot\u00f3, ami m\u00f6g\u00f6tt nagyon er\u0151s t\u00f6rt\u00e9net rejlik\",\"isPartOf\":{\"@id\":\"https:\/\/liked.hu\/old\/#website\"},\"datePublished\":\"2018-11-13T10:40:30+00:00\",\"dateModified\":\"2022-09-05T15:57:59+00:00\",\"description\":\"A vil\u00e1gban minden nap t\u00f6rt\u00e9nnek olyan apr\u00f3 csod\u00e1k, melyek noha ritk\u00e1n kavarnak nagy port maguk k\u00f6r\u00fcl, m\u00e9gis \u00e9rdemes megeml\u00e9kezni r\u00f3luk \u00e9s n\u00e9h\u00e1ny perc\",\"breadcrumb\":{\"@id\":\"https:\/\/liked.hu\/old\/internetes-dolgok\/16-foto-ami-mogott-nagyon-eros-tortenet-rejlik\/#breadcrumb\"},\"inLanguage\":\"hu\",\"potentialAction\":[{\"@type\":\"ReadAction\",\"target\":[\"https:\/\/liked.hu\/old\/internetes-dolgok\/16-foto-ami-mogott-nagyon-eros-tortenet-rejlik\/\"]}]},{\"@type\":\"BreadcrumbList\",\"@id\":\"https:\/\/liked.hu\/old\/internetes-dolgok\/16-foto-ami-mogott-nagyon-eros-tortenet-rejlik\/#breadcrumb\",\"itemListElement\":[{\"@type\":\"ListItem\",\"position\":1,\"name\":\"Kezd\u0151lap\"}]},{\"@type\":\"WebSite\",\"@id\":\"https:\/\/liked.hu\/old\/#website\",\"url\":\"https:\/\/liked.hu\/old\/\",\"name\":\"Liked.hu\",\"description\":\"\",\"publisher\":{\"@id\":\"https:\/\/liked.hu\/old\/#organization\"},\"potentialAction\":[{\"@type\":\"SearchAction\",\"target\":{\"@type\":\"EntryPoint\",\"urlTemplate\":\"https:\/\/liked.hu\/old\/?s={search_term_string}\"},\"query-input\":\"required name=search_term_string\"}],\"inLanguage\":\"hu\"},{\"@type\":\"Organization\",\"@id\":\"https:\/\/liked.hu\/old\/#organization\",\"name\":\"Liked.hu\",\"url\":\"https:\/\/liked.hu\/old\/\",\"sameAs\":[\"https:\/\/hu.pinterest.com\/likedhungary\/\",\"https:\/\/www.youtube.com\/channel\/UCPv91dbMoIukYcM9b9nHN6Q\",\"https:\/\/www.facebook.com\/liked.hu\",\"https:\/\/twitter.com\/LikedHu\"],\"logo\":{\"@type\":\"ImageObject\",\"inLanguage\":\"hu\",\"@id\":\"https:\/\/liked.hu\/old\/#\/schema\/logo\/image\/\",\"url\":\"https:\/\/liked.hu\/wp-content\/uploads\/2018\/08\/Liked-icon.png\",\"contentUrl\":\"https:\/\/liked.hu\/wp-content\/uploads\/2018\/08\/Liked-icon.png\",\"width\":512,\"height\":512,\"caption\":\"Liked.hu\"},\"image\":{\"@id\":\"https:\/\/liked.hu\/old\/#\/schema\/logo\/image\/\"}},{\"@type\":\"Person\",\"@id\":\"https:\/\/liked.hu\/old\/#\/schema\/person\/8b92210be73c8af1a8255bd30ebe772b\",\"name\":\"Tiborc\",\"image\":{\"@type\":\"ImageObject\",\"inLanguage\":\"hu\",\"@id\":\"https:\/\/liked.hu\/old\/#\/schema\/person\/image\/\",\"url\":\"https:\/\/liked.hu\/old\/wp-content\/uploads\/avatars\/7\/604de8ed2ffd6-bpfull.jpg\",\"contentUrl\":\"https:\/\/liked.hu\/old\/wp-content\/uploads\/avatars\/7\/604de8ed2ffd6-bpfull.jpg\",\"caption\":\"Tiborc\"},\"url\":\"https:\/\/liked.hu\/old\/u\/tiborc\/\"}]}<\/script>\n<!-- \/ Yoast SEO plugin. -->","yoast_head_json":{"title":"16 fot\u00f3, ami m\u00f6g\u00f6tt nagyon er\u0151s t\u00f6rt\u00e9net rejlik","description":"A vil\u00e1gban minden nap t\u00f6rt\u00e9nnek olyan apr\u00f3 csod\u00e1k, melyek noha ritk\u00e1n kavarnak nagy port maguk k\u00f6r\u00fcl, m\u00e9gis \u00e9rdemes megeml\u00e9kezni r\u00f3luk \u00e9s n\u00e9h\u00e1ny perc","robots":{"index":"index","follow":"follow","max-snippet":"max-snippet:-1","max-image-preview":"max-image-preview:large","max-video-preview":"max-video-preview:-1"},"canonical":"https:\/\/liked.hu\/old\/internetes-dolgok\/16-foto-ami-mogott-nagyon-eros-tortenet-rejlik\/","next":"https:\/\/liked.hu\/old\/internetes-dolgok\/16-foto-ami-mogott-nagyon-eros-tortenet-rejlik\/2\/","og_locale":"hu_HU","og_type":"article","og_title":"16 fot\u00f3, ami m\u00f6g\u00f6tt nagyon er\u0151s t\u00f6rt\u00e9net rejlik","og_description":"A vil\u00e1gban minden nap t\u00f6rt\u00e9nnek olyan apr\u00f3 csod\u00e1k, melyek noha ritk\u00e1n kavarnak nagy port maguk k\u00f6r\u00fcl, m\u00e9gis \u00e9rdemes megeml\u00e9kezni r\u00f3luk \u00e9s n\u00e9h\u00e1ny perc","og_url":"https:\/\/liked.hu\/old\/internetes-dolgok\/16-foto-ami-mogott-nagyon-eros-tortenet-rejlik\/","og_site_name":"Liked.hu","article_publisher":"https:\/\/www.facebook.com\/liked.hu","article_published_time":"2018-11-13T10:40:30+00:00","article_modified_time":"2022-09-05T15:57:59+00:00","og_image":[{"width":1200,"height":630,"url":"https:\/\/liked.hu\/old\/wp-content\/uploads\/2018\/11\/Tortenet-a-kepek-mogott.jpg","type":"image\/jpeg"}],"author":"Tiborc","twitter_card":"summary","twitter_creator":"@LikedHu","twitter_site":"@LikedHu","twitter_misc":{"Szerz\u0151:":"Tiborc","Becs\u00fclt olvas\u00e1si id\u0151":"1 perc"},"schema":{"@context":"https:\/\/schema.org","@graph":[{"@type":"Article","@id":"https:\/\/liked.hu\/old\/internetes-dolgok\/16-foto-ami-mogott-nagyon-eros-tortenet-rejlik\/#article","isPartOf":{"@id":"https:\/\/liked.hu\/old\/internetes-dolgok\/16-foto-ami-mogott-nagyon-eros-tortenet-rejlik\/"},"author":{"name":"Tiborc","@id":"https:\/\/liked.hu\/old\/#\/schema\/person\/8b92210be73c8af1a8255bd30ebe772b"},"headline":"16 fot\u00f3, ami m\u00f6g\u00f6tt nagyon er\u0151s t\u00f6rt\u00e9net rejlik","datePublished":"2018-11-13T10:40:30+00:00","dateModified":"2022-09-05T15:57:59+00:00","mainEntityOfPage":{"@id":"https:\/\/liked.hu\/old\/internetes-dolgok\/16-foto-ami-mogott-nagyon-eros-tortenet-rejlik\/"},"wordCount":105,"commentCount":0,"publisher":{"@id":"https:\/\/liked.hu\/old\/#organization"},"keywords":["\u00e9rdekess\u00e9g","f\u00e9nyk\u00e9p","fot\u00f3","meghat\u00f3","sztori","t\u00f6rt\u00e9net"],"articleSection":["Interneten tal\u00e1lt dolgok"],"inLanguage":"hu","potentialAction":[{"@type":"CommentAction","name":"Comment","target":["https:\/\/liked.hu\/old\/internetes-dolgok\/16-foto-ami-mogott-nagyon-eros-tortenet-rejlik\/#respond"]}]},{"@type":"WebPage","@id":"https:\/\/liked.hu\/old\/internetes-dolgok\/16-foto-ami-mogott-nagyon-eros-tortenet-rejlik\/","url":"https:\/\/liked.hu\/old\/internetes-dolgok\/16-foto-ami-mogott-nagyon-eros-tortenet-rejlik\/","name":"16 fot\u00f3, ami m\u00f6g\u00f6tt nagyon er\u0151s t\u00f6rt\u00e9net rejlik","isPartOf":{"@id":"https:\/\/liked.hu\/old\/#website"},"datePublished":"2018-11-13T10:40:30+00:00","dateModified":"2022-09-05T15:57:59+00:00","description":"A vil\u00e1gban minden nap t\u00f6rt\u00e9nnek olyan apr\u00f3 csod\u00e1k, melyek noha ritk\u00e1n kavarnak nagy port maguk k\u00f6r\u00fcl, m\u00e9gis \u00e9rdemes megeml\u00e9kezni r\u00f3luk \u00e9s n\u00e9h\u00e1ny perc","breadcrumb":{"@id":"https:\/\/liked.hu\/old\/internetes-dolgok\/16-foto-ami-mogott-nagyon-eros-tortenet-rejlik\/#breadcrumb"},"inLanguage":"hu","potentialAction":[{"@type":"ReadAction","target":["https:\/\/liked.hu\/old\/internetes-dolgok\/16-foto-ami-mogott-nagyon-eros-tortenet-rejlik\/"]}]},{"@type":"BreadcrumbList","@id":"https:\/\/liked.hu\/old\/internetes-dolgok\/16-foto-ami-mogott-nagyon-eros-tortenet-rejlik\/#breadcrumb","itemListElement":[{"@type":"ListItem","position":1,"name":"Kezd\u0151lap"}]},{"@type":"WebSite","@id":"https:\/\/liked.hu\/old\/#website","url":"https:\/\/liked.hu\/old\/","name":"Liked.hu","description":"","publisher":{"@id":"https:\/\/liked.hu\/old\/#organization"},"potentialAction":[{"@type":"SearchAction","target":{"@type":"EntryPoint","urlTemplate":"https:\/\/liked.hu\/old\/?s={search_term_string}"},"query-input":"required name=search_term_string"}],"inLanguage":"hu"},{"@type":"Organization","@id":"https:\/\/liked.hu\/old\/#organization","name":"Liked.hu","url":"https:\/\/liked.hu\/old\/","sameAs":["https:\/\/hu.pinterest.com\/likedhungary\/","https:\/\/www.youtube.com\/channel\/UCPv91dbMoIukYcM9b9nHN6Q","https:\/\/www.facebook.com\/liked.hu","https:\/\/twitter.com\/LikedHu"],"logo":{"@type":"ImageObject","inLanguage":"hu","@id":"https:\/\/liked.hu\/old\/#\/schema\/logo\/image\/","url":"https:\/\/liked.hu\/wp-content\/uploads\/2018\/08\/Liked-icon.png","contentUrl":"https:\/\/liked.hu\/wp-content\/uploads\/2018\/08\/Liked-icon.png","width":512,"height":512,"caption":"Liked.hu"},"image":{"@id":"https:\/\/liked.hu\/old\/#\/schema\/logo\/image\/"}},{"@type":"Person","@id":"https:\/\/liked.hu\/old\/#\/schema\/person\/8b92210be73c8af1a8255bd30ebe772b","name":"Tiborc","image":{"@type":"ImageObject","inLanguage":"hu","@id":"https:\/\/liked.hu\/old\/#\/schema\/person\/image\/","url":"https:\/\/liked.hu\/old\/wp-content\/uploads\/avatars\/7\/604de8ed2ffd6-bpfull.jpg","contentUrl":"https:\/\/liked.hu\/old\/wp-content\/uploads\/avatars\/7\/604de8ed2ffd6-bpfull.jpg","caption":"Tiborc"},"url":"https:\/\/liked.hu\/old\/u\/tiborc\/"}]}},"publishpress_future_action":{"enabled":false,"date":"1970-01-01 01:00:00","action":"","terms":[],"taxonomy":"","browser_timezone_offset":0},"_links":{"self":[{"href":"https:\/\/liked.hu\/old\/wp-json\/wp\/v2\/posts\/116165"}],"collection":[{"href":"https:\/\/liked.hu\/old\/wp-json\/wp\/v2\/posts"}],"about":[{"href":"https:\/\/liked.hu\/old\/wp-json\/wp\/v2\/types\/post"}],"author":[{"embeddable":true,"href":"https:\/\/liked.hu\/old\/wp-json\/wp\/v2\/users\/7"}],"replies":[{"embeddable":true,"href":"https:\/\/liked.hu\/old\/wp-json\/wp\/v2\/comments?post=116165"}],"version-history":[{"count":0,"href":"https:\/\/liked.hu\/old\/wp-json\/wp\/v2\/posts\/116165\/revisions"}],"wp:featuredmedia":[{"embeddable":true,"href":"https:\/\/liked.hu\/old\/wp-json\/wp\/v2\/media\/116166"}],"wp:attachment":[{"href":"https:\/\/liked.hu\/old\/wp-json\/wp\/v2\/media?parent=116165"}],"wp:term":[{"taxonomy":"category","embeddable":true,"href":"https:\/\/liked.hu\/old\/wp-json\/wp\/v2\/categories?post=116165"},{"taxonomy":"post_tag","embeddable":true,"href":"https:\/\/liked.hu\/old\/wp-json\/wp\/v2\/tags?post=116165"}],"curies":[{"name":"wp","href":"https:\/\/api.w.org\/{rel}","templated":true}]}}