{"id":115771,"date":"2019-08-19T12:40:03","date_gmt":"2019-08-19T10:40:03","guid":{"rendered":"https:\/\/liked.hu\/old\/?p=115771"},"modified":"2022-09-06T02:32:59","modified_gmt":"2022-09-06T00:32:59","slug":"lehull-a-lepel-ezert-viselnek-feher-kesztyut-a-disney-karakterek","status":"publish","type":"post","link":"https:\/\/liked.hu\/old\/erdekes\/lehull-a-lepel-ezert-viselnek-feher-kesztyut-a-disney-karakterek\/","title":{"rendered":"Lehull a lepel: ez\u00e9rt viselnek feh\u00e9r keszty\u0171t a Disney-karakterek"},"content":{"rendered":"<p>Nincs olyan ember a vil\u00e1gon, aki ne \u00fclt volna m\u00e1r legal\u00e1bb egyszer t\u00e1gra ny\u00edlt szemekkel \u00e9s gyermeki mosollyal az arc\u00e1n egy var\u00e1zslatos Disney-film el\u0151tt. B\u00e1rmilyen sokszor is n\u00e9zz\u00fck \u0151ket azonban, olykor m\u00e9gis hajlamosak vagyunk figyelmen k\u00edv\u00fcl hagyunk n\u00e9h\u00e1ny teljesen nyilv\u00e1nval\u00f3 logikai paradoxont.<\/p>\n\n<div style=\"float:none;margin:0px 0 0px 0;text-align:center;\">\n<div class=\"mobileShowkakettes\"><div class=\"mobileShowka2\"><div style=\"padding-top:0px;padding-bottom:15px;min-height: 300px;\"><div class=\"hirdetes\">HIRDET\u00c9S<\/div>\n<!-- 300lista -->\n<ins class=\"adsbygoogle\"\n     style=\"display:inline-block;width:300px;height:250px\"\n     data-ad-client=\"ca-pub-9424088931673893\"\n     data-ad-slot=\"8471340766\"><\/ins>\n<script async>\n     (adsbygoogle = window.adsbygoogle || []).push({});\n<\/script><\/div><\/div><\/div><\/div>\n\n<p>P\u00e9ld\u00e1ul: gondolkodt\u00e1l m\u00e1r rajta, hogy vajon mi\u00e9rt viselnek feh\u00e9r keszty\u0171t a kedvenc rajzfilmfigur\u00e1ink?! Az al\u00e1bbi cikkben ennek j\u00e1runk most ut\u00e1na.<\/p>\n<div id=\"zombify-main-section-front\" class=\"zombify-main-section-front zombify-screen zf-media-full\">\r\n<link rel=\"stylesheet\" type=\"text\/css\" href=\"https:\/\/liked.hu\/old\/js\/zombify.css\">\r\n    <link rel=\"stylesheet\" type=\"text\/css\" href=\"https:\/\/liked.hu\/old\/wp-content\/themes\/newsy-child\/style.css\">\r\n\t\r\n    <div class=\"zf-container\">\r\n\r\n\r\n        <div id=\"zf-story\" class=\"zf-story\">\r\n            <div class=\"zf-story_item\">\r\n    <h3 class=\"zf_title\">Egy kis t\u00f6rt\u00e9nelem<\/h3>\r\n    <div class=\"zf_description\">\r\n        <p>A rajzfilmek l&eacute;trehoz&aacute;sa m&eacute;g manaps&aacute;g, a sz&aacute;m&iacute;t&oacute;g&eacute;pes technika kor&aacute;ban is rendk&iacute;v&uuml;l k&ouml;lts&eacute;ges &eacute;s k&ouml;r&uuml;lm&eacute;nyes folyamat. A XX. sz&aacute;zad elej&eacute;n azonban m&eacute;g rosszabb volt a helyzet, akkoriban ugyanis minden egyes k&eacute;pkock&aacute;t k&eacute;zzel k&eacute;sz&iacute;tettek a m\u0171v&eacute;szek, majd ezeket egym&aacute;sut&aacute;n rakva &eacute;s felgyors&iacute;tva &aacute;llt &ouml;ssze a v&eacute;gs\u0151 mesefilm. Mivel ez rendk&iacute;v&uuml;l k&ouml;r&uuml;lm&eacute;nyes volt, a rajzfilmgy&aacute;rt&oacute;k elkezdtek t&uacute;lzott, elnagyolt r&eacute;szleteket haszn&aacute;lni a mesefilmekben: nagy fej &eacute;s szemek, hossz&uacute;-v&eacute;kony l&aacute;bak &eacute;s karok, 4 ujjas kezek, &eacute;s &iacute;gy tov&aacute;bb... - hogy ha kicsit is, de megk&ouml;nny&iacute;ts&eacute;k vele ezt a rendk&iacute;v&uuml;l bonyolult folyamatot. Igen &aacute;m, de v&aacute;ratlan probl&eacute;m&aacute;val kellett szemben&eacute;zni&uuml;k.<\/p><p>A fekete-feh&eacute;r mesefilmeken ugyanis nem lehetett megk&uuml;l&ouml;nb&ouml;ztetni a karakterek kez&eacute;t &eacute;s l&aacute;b&aacute;t azok test&eacute;t\u0151l. Sz&uuml;ks&eacute;ges volt teh&aacute;t valamif&eacute;le sz&iacute;nkontrasztot keresni.<\/p><p>V&eacute;g&uuml;l egy rendk&iacute;v&uuml;l egyszer\u0171 innov&aacute;ci&oacute; oldotta meg a probl&eacute;m&aacute;t, melyet Walt Disney &ouml;t&ouml;lt ki, &eacute;s amelyet az 1928. november&eacute;ben bemutatott Mickey-eg&eacute;r rajzfilmben l&aacute;thatott deb&uuml;t&aacute;lni a k&ouml;z&ouml;ns&eacute;g: ez volt ugyanis az els\u0151 olyan Disney-rajzfilm, a hol a f\u0151szerepl\u0151 cip\u0151t viselt, ez&aacute;ltal sokkal jobban megk&uuml;l&ouml;nb&ouml;ztethet\u0151v&eacute; t&eacute;ve annak l&aacute;b&aacute;t. Alig f&eacute;l &eacute;vvel k&eacute;s\u0151bb, 1929. m&aacute;rcius&aacute;ban pedig m&aacute;r feh&eacute;r keszty\u0171ben &eacute;s cip\u0151ben t\u0171nt fel Mickey-eg&eacute;r, ami az&oacute;ta is rendk&iacute;v&uuml;l n&eacute;pszer\u0171 mot&iacute;vum a mesefilmekben.<\/p>    <\/div>\r\n<\/div><div class=\"zf-story_item\">\r\n\t<h3 class=\"zf_title\"><\/h3>\r\n\t\t\t<figure class=\"zf-story_media zf-media-wrapper zf-image zf-type-image\">\r\n\t\t\t<div class=\"zf-media\">\r\n\t\t\t\t<img width=\"650\" height=\"1443\" src=\"https:\/\/liked.hu\/old\/wp-content\/uploads\/2018\/11\/Miert-van-feher-kesztyu-a-rajzfilm-figurakon.jpg\" class=\"\" alt=\"\" loading=\"lazy\" style=\"\" srcset=\"https:\/\/liked.hu\/old\/wp-content\/uploads\/2018\/11\/Miert-van-feher-kesztyu-a-rajzfilm-figurakon.jpg 650w, https:\/\/liked.hu\/old\/wp-content\/uploads\/2018\/11\/Miert-van-feher-kesztyu-a-rajzfilm-figurakon-135x300.jpg 135w, https:\/\/liked.hu\/old\/wp-content\/uploads\/2018\/11\/Miert-van-feher-kesztyu-a-rajzfilm-figurakon-461x1024.jpg 461w, https:\/\/liked.hu\/old\/wp-content\/uploads\/2018\/11\/Miert-van-feher-kesztyu-a-rajzfilm-figurakon-360x799.jpg 360w, https:\/\/liked.hu\/old\/wp-content\/uploads\/2018\/11\/Miert-van-feher-kesztyu-a-rajzfilm-figurakon-545x1210.jpg 545w\" sizes=\"(max-width: 650px) 100vw, 650px\" \/>\t\t\t<\/div>\r\n\t\t<\/figure>\r\n\t\t\t\t\t<div class=\"zf_description\"><p>Walt Disney az &eacute;letrajz&aacute;ban a k&ouml;vetkez\u0151 indokkal magyar&aacute;zta a jelens&eacute;get:<\/p><p style=\"text-align: center\"><em>&quot;Nem akartuk, hogy Mickey eg&eacute;rnek eg&eacute;rmancsa legyen, mivel emberszer\u0171nek tal&aacute;ltuk ki. Ez&eacute;rt kapott h&aacute;t keszty\u0171ket.&quot;<\/em><\/p><p>Walt Disney azt is el&aacute;rult a a m\u0171ben, hogy a keszty\u0171k beiktat&aacute;s&aacute;val h&aacute;rom legyet &uuml;t&ouml;ttek egy csap&aacute;sra:<\/p><ol><li>A mesefilmek jeleneteinek rajzol&aacute;sa meggyorsult, nem t&ouml;lt&ouml;tt&uuml;nk annyi felesleges id\u0151t a r&eacute;szletekkel.<\/li><li>A m\u0171v&eacute;szeknek siker&uuml;lt jobban kiemelni a fekete-feh&eacute;r karakterek v&eacute;gtagjait &eacute;s az azokkal v&eacute;gzett gesztusokat.<\/li><li>A karakterek ez&aacute;ltal m&eacute;g &bdquo;emberibbnek&rdquo; hatottak.<\/li><\/ol><p>A keszty\u0171-tr&uuml;kk teh&aacute;t olyan sikeres volt, hogy &eacute;rthet\u0151 m&oacute;don a nagy versenyt&aacute;rsak, mint a Universal Pictures &eacute;s a Warner Brothers is elkezdte haszn&aacute;lni a mesefilmjeik sor&aacute;n.<\/p><\/div><\/div><div class=\"zf-story_item\">\r\n\t<h3 class=\"zf_title\"><\/h3>\r\n\t\t\t<figure class=\"zf-story_media zf-media-wrapper zf-image zf-type-image\">\r\n\t\t\t<div class=\"zf-media\">\r\n\t\t\t\t<img width=\"650\" height=\"960\" src=\"https:\/\/liked.hu\/old\/wp-content\/uploads\/2018\/11\/Mesefigurak-es-a-kesztyuk.jpg\" class=\"\" alt=\"\" loading=\"lazy\" style=\"\" srcset=\"https:\/\/liked.hu\/old\/wp-content\/uploads\/2018\/11\/Mesefigurak-es-a-kesztyuk.jpg 650w, https:\/\/liked.hu\/old\/wp-content\/uploads\/2018\/11\/Mesefigurak-es-a-kesztyuk-203x300.jpg 203w, https:\/\/liked.hu\/old\/wp-content\/uploads\/2018\/11\/Mesefigurak-es-a-kesztyuk-360x532.jpg 360w, https:\/\/liked.hu\/old\/wp-content\/uploads\/2018\/11\/Mesefigurak-es-a-kesztyuk-545x805.jpg 545w\" sizes=\"(max-width: 650px) 100vw, 650px\" \/>\t\t\t<\/div>\r\n\t\t<\/figure>\r\n\t\t\t<\/div>        <\/div>\r\n    <\/div>\r\n\r\n    <\/div>\r\n\r\n\r\n\n","protected":false},"excerpt":{"rendered":"<p>Nincs olyan ember a vil\u00e1gon, aki ne \u00fclt volna m\u00e1r legal\u00e1bb egyszer t\u00e1gra ny\u00edlt szemekkel \u00e9s gyermeki mosollyal az arc\u00e1n egy var\u00e1zslatos Disney-film el\u0151tt. B\u00e1rmilyen sokszor is n\u00e9zz\u00fck \u0151ket azonban, olykor m\u00e9gis hajlamosak vagyunk figyelmen k\u00edv\u00fcl hagyunk n\u00e9h\u00e1ny teljesen nyilv\u00e1nval\u00f3 logikai paradoxont. P\u00e9ld\u00e1ul: gondolkodt\u00e1l m\u00e1r rajta, hogy vajon mi\u00e9rt viselnek feh\u00e9r keszty\u0171t a kedvenc rajzfilmfigur\u00e1ink?! [&hellip;]<\/p>\n","protected":false},"author":5,"featured_media":115772,"comment_status":"open","ping_status":"closed","sticky":false,"template":"","format":"standard","meta":{"buzzeditor_post_format":""},"categories":[23,53],"tags":[492,5751,5750,1725,1726,2143,5752,2465],"yoast_head":"<!-- This site is optimized with the Yoast SEO plugin v19.6.1 - https:\/\/yoast.com\/wordpress\/plugins\/seo\/ -->\n<title>Lehull a lepel: ez\u00e9rt viselnek feh\u00e9r keszty\u0171t a Disney-karakterek<\/title>\n<meta name=\"description\" content=\"Nincs olyan ember a vil\u00e1gon, aki ne \u00fclt volna m\u00e1r legal\u00e1bb egyszer t\u00e1gra ny\u00edlt szemekkel \u00e9s gyermeki mosollyal az arc\u00e1n egy var\u00e1zslatos Disney-film el\u0151tt.\" \/>\n<meta name=\"robots\" content=\"index, follow, max-snippet:-1, max-image-preview:large, max-video-preview:-1\" \/>\n<link rel=\"canonical\" href=\"https:\/\/liked.hu\/old\/erdekes\/lehull-a-lepel-ezert-viselnek-feher-kesztyut-a-disney-karakterek\/\" \/>\n<meta property=\"og:locale\" content=\"hu_HU\" \/>\n<meta property=\"og:type\" content=\"article\" \/>\n<meta property=\"og:title\" content=\"Lehull a lepel: ez\u00e9rt viselnek feh\u00e9r keszty\u0171t a Disney-karakterek\" \/>\n<meta property=\"og:description\" content=\"Nincs olyan ember a vil\u00e1gon, aki ne \u00fclt volna m\u00e1r legal\u00e1bb egyszer t\u00e1gra ny\u00edlt szemekkel \u00e9s gyermeki mosollyal az arc\u00e1n egy var\u00e1zslatos Disney-film el\u0151tt.\" \/>\n<meta property=\"og:url\" content=\"https:\/\/liked.hu\/old\/erdekes\/lehull-a-lepel-ezert-viselnek-feher-kesztyut-a-disney-karakterek\/\" \/>\n<meta property=\"og:site_name\" content=\"Liked.hu\" \/>\n<meta property=\"article:publisher\" content=\"https:\/\/www.facebook.com\/liked.hu\" \/>\n<meta property=\"article:published_time\" content=\"2019-08-19T10:40:03+00:00\" \/>\n<meta property=\"article:modified_time\" content=\"2022-09-06T00:32:59+00:00\" \/>\n<meta property=\"og:image\" content=\"https:\/\/liked.hu\/old\/wp-content\/uploads\/2018\/11\/Feher-kesztyuk-a-Disney-karaktereken.jpg\" \/>\n\t<meta property=\"og:image:width\" content=\"1200\" \/>\n\t<meta property=\"og:image:height\" content=\"630\" \/>\n\t<meta property=\"og:image:type\" content=\"image\/jpeg\" \/>\n<meta name=\"author\" content=\"Sludenkor\" \/>\n<meta name=\"twitter:card\" content=\"summary\" \/>\n<meta name=\"twitter:creator\" content=\"@LikedHu\" \/>\n<meta name=\"twitter:site\" content=\"@LikedHu\" \/>\n<meta name=\"twitter:label1\" content=\"Szerz\u0151:\" \/>\n\t<meta name=\"twitter:data1\" content=\"Sludenkor\" \/>\n\t<meta name=\"twitter:label2\" content=\"Becs\u00fclt olvas\u00e1si id\u0151\" \/>\n\t<meta name=\"twitter:data2\" content=\"1 perc\" \/>\n<script type=\"application\/ld+json\" class=\"yoast-schema-graph\">{\"@context\":\"https:\/\/schema.org\",\"@graph\":[{\"@type\":\"Article\",\"@id\":\"https:\/\/liked.hu\/old\/erdekes\/lehull-a-lepel-ezert-viselnek-feher-kesztyut-a-disney-karakterek\/#article\",\"isPartOf\":{\"@id\":\"https:\/\/liked.hu\/old\/erdekes\/lehull-a-lepel-ezert-viselnek-feher-kesztyut-a-disney-karakterek\/\"},\"author\":{\"name\":\"Sludenkor\",\"@id\":\"https:\/\/liked.hu\/old\/#\/schema\/person\/6650f7130e2154421c3a5cae3435b47c\"},\"headline\":\"Lehull a lepel: ez\u00e9rt viselnek feh\u00e9r keszty\u0171t a Disney-karakterek\",\"datePublished\":\"2019-08-19T10:40:03+00:00\",\"dateModified\":\"2022-09-06T00:32:59+00:00\",\"mainEntityOfPage\":{\"@id\":\"https:\/\/liked.hu\/old\/erdekes\/lehull-a-lepel-ezert-viselnek-feher-kesztyut-a-disney-karakterek\/\"},\"wordCount\":106,\"commentCount\":0,\"publisher\":{\"@id\":\"https:\/\/liked.hu\/old\/#organization\"},\"keywords\":[\"disney\",\"feh\u00e9r keszty\u0171\",\"keszty\u0171\",\"mesefilm\",\"meseh\u0151s\",\"rajzfilm\",\"rajzfilmfigura\",\"sztori\"],\"articleSection\":[\"\u00c9rdekess\u00e9gek\",\"Filmek \u00e9s TV\"],\"inLanguage\":\"hu\",\"potentialAction\":[{\"@type\":\"CommentAction\",\"name\":\"Comment\",\"target\":[\"https:\/\/liked.hu\/old\/erdekes\/lehull-a-lepel-ezert-viselnek-feher-kesztyut-a-disney-karakterek\/#respond\"]}]},{\"@type\":\"WebPage\",\"@id\":\"https:\/\/liked.hu\/old\/erdekes\/lehull-a-lepel-ezert-viselnek-feher-kesztyut-a-disney-karakterek\/\",\"url\":\"https:\/\/liked.hu\/old\/erdekes\/lehull-a-lepel-ezert-viselnek-feher-kesztyut-a-disney-karakterek\/\",\"name\":\"Lehull a lepel: ez\u00e9rt viselnek feh\u00e9r keszty\u0171t a Disney-karakterek\",\"isPartOf\":{\"@id\":\"https:\/\/liked.hu\/old\/#website\"},\"datePublished\":\"2019-08-19T10:40:03+00:00\",\"dateModified\":\"2022-09-06T00:32:59+00:00\",\"description\":\"Nincs olyan ember a vil\u00e1gon, aki ne \u00fclt volna m\u00e1r legal\u00e1bb egyszer t\u00e1gra ny\u00edlt szemekkel \u00e9s gyermeki mosollyal az arc\u00e1n egy var\u00e1zslatos Disney-film el\u0151tt.\",\"breadcrumb\":{\"@id\":\"https:\/\/liked.hu\/old\/erdekes\/lehull-a-lepel-ezert-viselnek-feher-kesztyut-a-disney-karakterek\/#breadcrumb\"},\"inLanguage\":\"hu\",\"potentialAction\":[{\"@type\":\"ReadAction\",\"target\":[\"https:\/\/liked.hu\/old\/erdekes\/lehull-a-lepel-ezert-viselnek-feher-kesztyut-a-disney-karakterek\/\"]}]},{\"@type\":\"BreadcrumbList\",\"@id\":\"https:\/\/liked.hu\/old\/erdekes\/lehull-a-lepel-ezert-viselnek-feher-kesztyut-a-disney-karakterek\/#breadcrumb\",\"itemListElement\":[{\"@type\":\"ListItem\",\"position\":1,\"name\":\"Kezd\u0151lap\",\"item\":\"https:\/\/liked.hu\/old\/\"},{\"@type\":\"ListItem\",\"position\":2,\"name\":\"Lehull a lepel: ez\u00e9rt viselnek feh\u00e9r keszty\u0171t a Disney-karakterek\"}]},{\"@type\":\"WebSite\",\"@id\":\"https:\/\/liked.hu\/old\/#website\",\"url\":\"https:\/\/liked.hu\/old\/\",\"name\":\"Liked.hu\",\"description\":\"\",\"publisher\":{\"@id\":\"https:\/\/liked.hu\/old\/#organization\"},\"potentialAction\":[{\"@type\":\"SearchAction\",\"target\":{\"@type\":\"EntryPoint\",\"urlTemplate\":\"https:\/\/liked.hu\/old\/?s={search_term_string}\"},\"query-input\":\"required name=search_term_string\"}],\"inLanguage\":\"hu\"},{\"@type\":\"Organization\",\"@id\":\"https:\/\/liked.hu\/old\/#organization\",\"name\":\"Liked.hu\",\"url\":\"https:\/\/liked.hu\/old\/\",\"sameAs\":[\"https:\/\/hu.pinterest.com\/likedhungary\/\",\"https:\/\/www.youtube.com\/channel\/UCPv91dbMoIukYcM9b9nHN6Q\",\"https:\/\/www.facebook.com\/liked.hu\",\"https:\/\/twitter.com\/LikedHu\"],\"logo\":{\"@type\":\"ImageObject\",\"inLanguage\":\"hu\",\"@id\":\"https:\/\/liked.hu\/old\/#\/schema\/logo\/image\/\",\"url\":\"https:\/\/liked.hu\/wp-content\/uploads\/2018\/08\/Liked-icon.png\",\"contentUrl\":\"https:\/\/liked.hu\/wp-content\/uploads\/2018\/08\/Liked-icon.png\",\"width\":512,\"height\":512,\"caption\":\"Liked.hu\"},\"image\":{\"@id\":\"https:\/\/liked.hu\/old\/#\/schema\/logo\/image\/\"}},{\"@type\":\"Person\",\"@id\":\"https:\/\/liked.hu\/old\/#\/schema\/person\/6650f7130e2154421c3a5cae3435b47c\",\"name\":\"Sludenkor\",\"image\":{\"@type\":\"ImageObject\",\"inLanguage\":\"hu\",\"@id\":\"https:\/\/liked.hu\/old\/#\/schema\/person\/image\/\",\"url\":\"https:\/\/liked.hu\/old\/wp-content\/uploads\/avatars\/5\/604de86470f75-bpfull.jpg\",\"contentUrl\":\"https:\/\/liked.hu\/old\/wp-content\/uploads\/avatars\/5\/604de86470f75-bpfull.jpg\",\"caption\":\"Sludenkor\"},\"url\":\"https:\/\/liked.hu\/old\/u\/sludenkor\/\"}]}<\/script>\n<!-- \/ Yoast SEO plugin. -->","yoast_head_json":{"title":"Lehull a lepel: ez\u00e9rt viselnek feh\u00e9r keszty\u0171t a Disney-karakterek","description":"Nincs olyan ember a vil\u00e1gon, aki ne \u00fclt volna m\u00e1r legal\u00e1bb egyszer t\u00e1gra ny\u00edlt szemekkel \u00e9s gyermeki mosollyal az arc\u00e1n egy var\u00e1zslatos Disney-film el\u0151tt.","robots":{"index":"index","follow":"follow","max-snippet":"max-snippet:-1","max-image-preview":"max-image-preview:large","max-video-preview":"max-video-preview:-1"},"canonical":"https:\/\/liked.hu\/old\/erdekes\/lehull-a-lepel-ezert-viselnek-feher-kesztyut-a-disney-karakterek\/","og_locale":"hu_HU","og_type":"article","og_title":"Lehull a lepel: ez\u00e9rt viselnek feh\u00e9r keszty\u0171t a Disney-karakterek","og_description":"Nincs olyan ember a vil\u00e1gon, aki ne \u00fclt volna m\u00e1r legal\u00e1bb egyszer t\u00e1gra ny\u00edlt szemekkel \u00e9s gyermeki mosollyal az arc\u00e1n egy var\u00e1zslatos Disney-film el\u0151tt.","og_url":"https:\/\/liked.hu\/old\/erdekes\/lehull-a-lepel-ezert-viselnek-feher-kesztyut-a-disney-karakterek\/","og_site_name":"Liked.hu","article_publisher":"https:\/\/www.facebook.com\/liked.hu","article_published_time":"2019-08-19T10:40:03+00:00","article_modified_time":"2022-09-06T00:32:59+00:00","og_image":[{"width":1200,"height":630,"url":"https:\/\/liked.hu\/old\/wp-content\/uploads\/2018\/11\/Feher-kesztyuk-a-Disney-karaktereken.jpg","type":"image\/jpeg"}],"author":"Sludenkor","twitter_card":"summary","twitter_creator":"@LikedHu","twitter_site":"@LikedHu","twitter_misc":{"Szerz\u0151:":"Sludenkor","Becs\u00fclt olvas\u00e1si id\u0151":"1 perc"},"schema":{"@context":"https:\/\/schema.org","@graph":[{"@type":"Article","@id":"https:\/\/liked.hu\/old\/erdekes\/lehull-a-lepel-ezert-viselnek-feher-kesztyut-a-disney-karakterek\/#article","isPartOf":{"@id":"https:\/\/liked.hu\/old\/erdekes\/lehull-a-lepel-ezert-viselnek-feher-kesztyut-a-disney-karakterek\/"},"author":{"name":"Sludenkor","@id":"https:\/\/liked.hu\/old\/#\/schema\/person\/6650f7130e2154421c3a5cae3435b47c"},"headline":"Lehull a lepel: ez\u00e9rt viselnek feh\u00e9r keszty\u0171t a Disney-karakterek","datePublished":"2019-08-19T10:40:03+00:00","dateModified":"2022-09-06T00:32:59+00:00","mainEntityOfPage":{"@id":"https:\/\/liked.hu\/old\/erdekes\/lehull-a-lepel-ezert-viselnek-feher-kesztyut-a-disney-karakterek\/"},"wordCount":106,"commentCount":0,"publisher":{"@id":"https:\/\/liked.hu\/old\/#organization"},"keywords":["disney","feh\u00e9r keszty\u0171","keszty\u0171","mesefilm","meseh\u0151s","rajzfilm","rajzfilmfigura","sztori"],"articleSection":["\u00c9rdekess\u00e9gek","Filmek \u00e9s TV"],"inLanguage":"hu","potentialAction":[{"@type":"CommentAction","name":"Comment","target":["https:\/\/liked.hu\/old\/erdekes\/lehull-a-lepel-ezert-viselnek-feher-kesztyut-a-disney-karakterek\/#respond"]}]},{"@type":"WebPage","@id":"https:\/\/liked.hu\/old\/erdekes\/lehull-a-lepel-ezert-viselnek-feher-kesztyut-a-disney-karakterek\/","url":"https:\/\/liked.hu\/old\/erdekes\/lehull-a-lepel-ezert-viselnek-feher-kesztyut-a-disney-karakterek\/","name":"Lehull a lepel: ez\u00e9rt viselnek feh\u00e9r keszty\u0171t a Disney-karakterek","isPartOf":{"@id":"https:\/\/liked.hu\/old\/#website"},"datePublished":"2019-08-19T10:40:03+00:00","dateModified":"2022-09-06T00:32:59+00:00","description":"Nincs olyan ember a vil\u00e1gon, aki ne \u00fclt volna m\u00e1r legal\u00e1bb egyszer t\u00e1gra ny\u00edlt szemekkel \u00e9s gyermeki mosollyal az arc\u00e1n egy var\u00e1zslatos Disney-film el\u0151tt.","breadcrumb":{"@id":"https:\/\/liked.hu\/old\/erdekes\/lehull-a-lepel-ezert-viselnek-feher-kesztyut-a-disney-karakterek\/#breadcrumb"},"inLanguage":"hu","potentialAction":[{"@type":"ReadAction","target":["https:\/\/liked.hu\/old\/erdekes\/lehull-a-lepel-ezert-viselnek-feher-kesztyut-a-disney-karakterek\/"]}]},{"@type":"BreadcrumbList","@id":"https:\/\/liked.hu\/old\/erdekes\/lehull-a-lepel-ezert-viselnek-feher-kesztyut-a-disney-karakterek\/#breadcrumb","itemListElement":[{"@type":"ListItem","position":1,"name":"Kezd\u0151lap","item":"https:\/\/liked.hu\/old\/"},{"@type":"ListItem","position":2,"name":"Lehull a lepel: ez\u00e9rt viselnek feh\u00e9r keszty\u0171t a Disney-karakterek"}]},{"@type":"WebSite","@id":"https:\/\/liked.hu\/old\/#website","url":"https:\/\/liked.hu\/old\/","name":"Liked.hu","description":"","publisher":{"@id":"https:\/\/liked.hu\/old\/#organization"},"potentialAction":[{"@type":"SearchAction","target":{"@type":"EntryPoint","urlTemplate":"https:\/\/liked.hu\/old\/?s={search_term_string}"},"query-input":"required name=search_term_string"}],"inLanguage":"hu"},{"@type":"Organization","@id":"https:\/\/liked.hu\/old\/#organization","name":"Liked.hu","url":"https:\/\/liked.hu\/old\/","sameAs":["https:\/\/hu.pinterest.com\/likedhungary\/","https:\/\/www.youtube.com\/channel\/UCPv91dbMoIukYcM9b9nHN6Q","https:\/\/www.facebook.com\/liked.hu","https:\/\/twitter.com\/LikedHu"],"logo":{"@type":"ImageObject","inLanguage":"hu","@id":"https:\/\/liked.hu\/old\/#\/schema\/logo\/image\/","url":"https:\/\/liked.hu\/wp-content\/uploads\/2018\/08\/Liked-icon.png","contentUrl":"https:\/\/liked.hu\/wp-content\/uploads\/2018\/08\/Liked-icon.png","width":512,"height":512,"caption":"Liked.hu"},"image":{"@id":"https:\/\/liked.hu\/old\/#\/schema\/logo\/image\/"}},{"@type":"Person","@id":"https:\/\/liked.hu\/old\/#\/schema\/person\/6650f7130e2154421c3a5cae3435b47c","name":"Sludenkor","image":{"@type":"ImageObject","inLanguage":"hu","@id":"https:\/\/liked.hu\/old\/#\/schema\/person\/image\/","url":"https:\/\/liked.hu\/old\/wp-content\/uploads\/avatars\/5\/604de86470f75-bpfull.jpg","contentUrl":"https:\/\/liked.hu\/old\/wp-content\/uploads\/avatars\/5\/604de86470f75-bpfull.jpg","caption":"Sludenkor"},"url":"https:\/\/liked.hu\/old\/u\/sludenkor\/"}]}},"publishpress_future_action":{"enabled":false,"date":"1970-01-01 01:00:00","action":"","terms":[],"taxonomy":"","browser_timezone_offset":0},"_links":{"self":[{"href":"https:\/\/liked.hu\/old\/wp-json\/wp\/v2\/posts\/115771"}],"collection":[{"href":"https:\/\/liked.hu\/old\/wp-json\/wp\/v2\/posts"}],"about":[{"href":"https:\/\/liked.hu\/old\/wp-json\/wp\/v2\/types\/post"}],"author":[{"embeddable":true,"href":"https:\/\/liked.hu\/old\/wp-json\/wp\/v2\/users\/5"}],"replies":[{"embeddable":true,"href":"https:\/\/liked.hu\/old\/wp-json\/wp\/v2\/comments?post=115771"}],"version-history":[{"count":0,"href":"https:\/\/liked.hu\/old\/wp-json\/wp\/v2\/posts\/115771\/revisions"}],"wp:featuredmedia":[{"embeddable":true,"href":"https:\/\/liked.hu\/old\/wp-json\/wp\/v2\/media\/115772"}],"wp:attachment":[{"href":"https:\/\/liked.hu\/old\/wp-json\/wp\/v2\/media?parent=115771"}],"wp:term":[{"taxonomy":"category","embeddable":true,"href":"https:\/\/liked.hu\/old\/wp-json\/wp\/v2\/categories?post=115771"},{"taxonomy":"post_tag","embeddable":true,"href":"https:\/\/liked.hu\/old\/wp-json\/wp\/v2\/tags?post=115771"}],"curies":[{"name":"wp","href":"https:\/\/api.w.org\/{rel}","templated":true}]}}