{"id":109080,"date":"2018-09-08T15:51:12","date_gmt":"2018-09-08T13:51:12","guid":{"rendered":"https:\/\/liked.hu\/old\/?p=109080"},"modified":"2022-09-05T17:46:02","modified_gmt":"2022-09-05T15:46:02","slug":"21-orult-kollega-aki-mellett-veget-nem-ero-nevetes-a-munka","status":"publish","type":"post","link":"https:\/\/liked.hu\/old\/vicces\/21-orult-kollega-aki-mellett-veget-nem-ero-nevetes-a-munka\/","title":{"rendered":"21 \u0151r\u00fclt koll\u00e9ga, aki mellett v\u00e9get nem \u00e9r\u0151 nevet\u00e9s a munka"},"content":{"rendered":"<p>A munkahelyi \u00e9let \u00e1ltal\u00e1ban mindannyiunkat megvisel, ez\u00e9rt nem is csoda, hogy olykor a lehet\u0151 legv\u00e1ltozatosabb m\u00f3dszerekkel igyeksz\u00fcnk feldobni a f\u00e1sult munkahelyi l\u00e9gk\u00f6rt.<\/p>\n\n<div style=\"float:none;margin:0px 0 0px 0;text-align:center;\">\n<div class=\"mobileShowkakettes\"><div class=\"mobileShowka2\"><div style=\"padding-top:0px;padding-bottom:15px;min-height: 300px;\"><div class=\"hirdetes\">HIRDET\u00c9S<\/div>\n<!-- 300lista -->\n<ins class=\"adsbygoogle\"\n     style=\"display:inline-block;width:300px;height:250px\"\n     data-ad-client=\"ca-pub-9424088931673893\"\n     data-ad-slot=\"8471340766\"><\/ins>\n<script async>\n     (adsbygoogle = window.adsbygoogle || []).push({});\n<\/script><\/div><\/div><\/div><\/div>\n\n<p>Az al\u00e1bbi emberek eg\u00e9szen biztosan koron\u00e1t \u00e9rdemeln\u00e9nek a fej\u00fckre az ez \u00fcgyben tett er\u0151fesz\u00edt\u00e9seik\u00e9rt, hiszen ahogy a most k\u00f6vetkez\u0151 k\u00e9pek is remek\u00fcl mutatj\u00e1k, mellett\u00fck t\u00e9nyleg \u00e9lm\u00e9ny \u00e9s v\u00e9get nem \u00e9r\u0151 nevet\u00e9s a munka.<\/p>\n<div id=\"zombify-main-section-front\" class=\"zombify-main-section-front zombify-screen zf-media-full\">\r\n\t<link rel=\"stylesheet\" type=\"text\/css\" href=\"https:\/\/liked.hu\/old\/js\/zombify.css\">\r\n    <link rel=\"stylesheet\" type=\"text\/css\" href=\"https:\/\/liked.hu\/old\/wp-content\/themes\/newsy-child\/style.css\">\r\n\t<div class=\"zf-container\">\r\n\t\t<div id=\"zf-list\" class=\"zf-list zf-numbered\">\r\n\t\t\t<ol class=\"zf-structure-list\">\r\n\t\t\t\t\t\t\t\t\t\t<li class=\"zf-list_item\">\r\n\t\t\t\t\t\t\t<div class=\"zf-list_header\">\r\n\t\t\t\t\t\t\t\t<h3 id=\"listaelem1\" class=\"zf-list_title\">\r\n\t\t\t\t\t\t\t\t\t<span class=\"zf-number\">1<\/span>\r\n\t\t\t\t\t\t\t\t\t,,A f\u0151n\u00f6k sz\u00f3lt, hogy egy \u00faj j\u00f3kedv\u00e9rt felel\u0151s koll\u00e9ga \u00e9rkezik holnapt\u00f3l hozz\u00e1nk dolgozni. El sem tudtuk k\u00e9pzelni, hogy ez mit takarhat, majd m\u00e1snap ez fogadott minket a munkahelyen...\"\t\t\t\t\t\t\t\t<\/h3>\r\n\t\t\t\t\t\t\t<\/div>\r\n\t\t\t\t\t\t\t\t\t\t\t\t\t\t\t<figure class=\"zf-list_media zf-media-wrapper zf-image zf-type-gif\">\r\n\t\t\t\t\t\t\t\t\t<div title=\",,A f\u0151n\u00f6k sz\u00f3lt, hogy egy \u00faj j\u00f3kedv\u00e9rt felel\u0151s koll\u00e9ga \u00e9rkezik holnapt\u00f3l hozz\u00e1nk dolgozni. El sem tudtuk k\u00e9pzelni, hogy ez mit takarhat, majd m\u00e1snap ez fogadott minket a munkahelyen...&quot;\" alt=\",,A f\u0151n\u00f6k sz\u00f3lt, hogy egy \u00faj j\u00f3kedv\u00e9rt felel\u0151s koll\u00e9ga \u00e9rkezik holnapt\u00f3l hozz\u00e1nk dolgozni. El sem tudtuk k\u00e9pzelni, hogy ez mit takarhat, majd m\u00e1snap ez fogadott minket a munkahelyen...&quot;\" class=\"zf-media\">\r\n\t\t\t\t\t\t\t\t\t\t<img width=\"349\" height=\"480\" src=\"https:\/\/liked.hu\/old\/wp-content\/uploads\/2018\/09\/funny-coworkers-202-5b7fc21e63906__605.gif\" class=\"\" alt=\"\" loading=\"lazy\" style=\"\" \/>\t\t\t\t\t\t\t\t\t\t\t<figcaption class=\"zf-figcaption\">\r\n\t\t\t\t\t\t\t\t\t\t\t\t\t\t\t\t\t\t\t\t\t\t\t\t<cite>        <a class=\"zf-media_credit\" target=\"_blank\" href=\"https:\/\/liked.hu\/old\/kimeno.php?https:\/\/www.instagram.com\/p\/Bf0xQlIniKs\/?taken-by=chompersthecorgi\" rel=\"nofollow noopener\">instagram<\/a>\r\n        <\/cite>\r\n\r\n\t\t\t\t\t\t\t\t\t\t\t\t\t\t\t\t\t\t\t\t\t\t\t<\/figcaption>\r\n\t\t\t\t\t\t\t\t\t\t\t\t\t\t\t\t\t\t\t<\/div>\r\n\t\t\t\t\t\t\t\t\t<hr \/>\r\n\t\t\t\t\t\t\t\t<\/figure>\r\n\t\t\t\t\t\t\t\t\t\t\t\t\t\t<\/li>\r\n\t\t\t\t\t\t\t\t\t\t\t\t<li class=\"zf-list_item\">\r\n\t\t\t\t\t\t\t<div class=\"zf-list_header\">\r\n\t\t\t\t\t\t\t\t<h3 id=\"listaelem2\" class=\"zf-list_title\">\r\n\t\t\t\t\t\t\t\t\t<span class=\"zf-number\">2<\/span>\r\n\t\t\t\t\t\t\t\t\t,,Megk\u00e9rtem az \u00e9ppen nyaral\u00e1s\u00e1t t\u00f6lt\u0151 koll\u00e9g\u00e1mat, hogy k\u00fcldje el nekem az el\u0151z\u0151 negyed\u00e9ves \u00e1rbev\u00e9telekkel kapcsolatos dokumentumokat. Ezt a k\u00e9pet k\u00fcldte helyette.\"\t\t\t\t\t\t\t\t<\/h3>\r\n\t\t\t\t\t\t\t<\/div>\r\n\t\t\t\t\t\t\t\t\t\t\t\t\t\t\t<figure class=\"zf-list_media zf-media-wrapper zf-image zf-type-image\">\r\n\t\t\t\t\t\t\t\t\t<div title=\",,Megk\u00e9rtem az \u00e9ppen nyaral\u00e1s\u00e1t t\u00f6lt\u0151 koll\u00e9g\u00e1mat, hogy k\u00fcldje el nekem az el\u0151z\u0151 negyed\u00e9ves \u00e1rbev\u00e9telekkel kapcsolatos dokumentumokat. Ezt a k\u00e9pet k\u00fcldte helyette.&quot;\" alt=\",,Megk\u00e9rtem az \u00e9ppen nyaral\u00e1s\u00e1t t\u00f6lt\u0151 koll\u00e9g\u00e1mat, hogy k\u00fcldje el nekem az el\u0151z\u0151 negyed\u00e9ves \u00e1rbev\u00e9telekkel kapcsolatos dokumentumokat. Ezt a k\u00e9pet k\u00fcldte helyette.&quot;\" class=\"zf-media\">\r\n\t\t\t\t\t\t\t\t\t\t<img width=\"605\" height=\"454\" src=\"https:\/\/liked.hu\/old\/wp-content\/uploads\/2018\/09\/5b7c1e231555f_SPpyXXT__605.jpg\" class=\"\" alt=\"\" loading=\"lazy\" style=\"\" srcset=\"https:\/\/liked.hu\/old\/wp-content\/uploads\/2018\/09\/5b7c1e231555f_SPpyXXT__605.jpg 605w, https:\/\/liked.hu\/old\/wp-content\/uploads\/2018\/09\/5b7c1e231555f_SPpyXXT__605-300x225.jpg 300w, https:\/\/liked.hu\/old\/wp-content\/uploads\/2018\/09\/5b7c1e231555f_SPpyXXT__605-200x150.jpg 200w, https:\/\/liked.hu\/old\/wp-content\/uploads\/2018\/09\/5b7c1e231555f_SPpyXXT__605-360x270.jpg 360w, https:\/\/liked.hu\/old\/wp-content\/uploads\/2018\/09\/5b7c1e231555f_SPpyXXT__605-545x409.jpg 545w\" sizes=\"(max-width: 605px) 100vw, 605px\" \/>\t\t\t\t\t\t\t\t\t\t\t<figcaption class=\"zf-figcaption\">\r\n\t\t\t\t\t\t\t\t\t\t\t\t\t\t\t\t\t\t\t\t\t\t\t\t<cite>        <a class=\"zf-media_credit\" target=\"_blank\" href=\"https:\/\/liked.hu\/old\/kimeno.php?https:\/\/imgur.com\/gallery\/Jfa7a\" rel=\"nofollow noopener\">imgur<\/a>\r\n        <\/cite>\r\n\r\n\t\t\t\t\t\t\t\t\t\t\t\t\t\t\t\t\t\t\t\t\t\t\t<\/figcaption>\r\n\t\t\t\t\t\t\t\t\t\t\t\t\t\t\t\t\t\t\t<\/div>\r\n\t\t\t\t\t\t\t\t\t<hr \/>\r\n\t\t\t\t\t\t\t\t<\/figure>\r\n\t\t\t\t\t\t\t\t\t\t\t\t\t\t<\/li>\r\n\t\t\t\t\t\t\t\t\t\t\t\t<li class=\"zf-list_item\">\r\n\t\t\t\t\t\t\t<div class=\"zf-list_header\">\r\n\t\t\t\t\t\t\t\t<h3 id=\"listaelem3\" class=\"zf-list_title\">\r\n\t\t\t\t\t\t\t\t\t<span class=\"zf-number\">3<\/span>\r\n\t\t\t\t\t\t\t\t\t,,Vettem egy apr\u00f3 heged\u0171t, hogy legyen min j\u00e1tszanom, amikor a koll\u00e9g\u00e1im panaszkodnak.\"\t\t\t\t\t\t\t\t<\/h3>\r\n\t\t\t\t\t\t\t<\/div>\r\n\t\t\t\t\t\t\t\t\t\t\t\t\t\t\t<figure class=\"zf-list_media zf-media-wrapper zf-image zf-type-image\">\r\n\t\t\t\t\t\t\t\t\t<div title=\",,Vettem egy apr\u00f3 heged\u0171t, hogy legyen min j\u00e1tszanom, amikor a koll\u00e9g\u00e1im panaszkodnak.&quot;\" alt=\",,Vettem egy apr\u00f3 heged\u0171t, hogy legyen min j\u00e1tszanom, amikor a koll\u00e9g\u00e1im panaszkodnak.&quot;\" class=\"zf-media\">\r\n\t\t\t\t\t\t\t\t\t\t<img width=\"605\" height=\"753\" src=\"https:\/\/liked.hu\/old\/wp-content\/uploads\/2018\/09\/5b7ad42865fe2_d0zjntybp0311__605.jpg\" class=\"\" alt=\"\" loading=\"lazy\" style=\"\" srcset=\"https:\/\/liked.hu\/old\/wp-content\/uploads\/2018\/09\/5b7ad42865fe2_d0zjntybp0311__605.jpg 605w, https:\/\/liked.hu\/old\/wp-content\/uploads\/2018\/09\/5b7ad42865fe2_d0zjntybp0311__605-241x300.jpg 241w, https:\/\/liked.hu\/old\/wp-content\/uploads\/2018\/09\/5b7ad42865fe2_d0zjntybp0311__605-360x448.jpg 360w, https:\/\/liked.hu\/old\/wp-content\/uploads\/2018\/09\/5b7ad42865fe2_d0zjntybp0311__605-545x678.jpg 545w\" sizes=\"(max-width: 605px) 100vw, 605px\" \/>\t\t\t\t\t\t\t\t\t\t\t<figcaption class=\"zf-figcaption\">\r\n\t\t\t\t\t\t\t\t\t\t\t\t\t\t\t\t\t\t\t\t\t\t\t\t<cite>        <a class=\"zf-media_credit\" target=\"_blank\" href=\"https:\/\/liked.hu\/old\/kimeno.php?https:\/\/old.reddit.com\/r\/pics\/comments\/8puqtq\/i_bought_a_tiny_violin_to_play_when_my_coworkers\/\" rel=\"nofollow noopener\">reddit<\/a>\r\n        <\/cite>\r\n\r\n\t\t\t\t\t\t\t\t\t\t\t\t\t\t\t\t\t\t\t\t\t\t\t<\/figcaption>\r\n\t\t\t\t\t\t\t\t\t\t\t\t\t\t\t\t\t\t\t<\/div>\r\n\t\t\t\t\t\t\t\t\t<hr \/>\r\n\t\t\t\t\t\t\t\t<\/figure>\r\n\t\t\t\t\t\t\t\t\t\t\t\t\t\t<\/li>\r\n\t\t\t\t\t\t\t\t\t\t\t\t<li class=\"zf-list_item\">\r\n\t\t\t\t\t\t\t<div class=\"zf-list_header\">\r\n\t\t\t\t\t\t\t\t<h3 id=\"listaelem4\" class=\"zf-list_title\">\r\n\t\t\t\t\t\t\t\t\t<span class=\"zf-number\">4<\/span>\r\n\t\t\t\t\t\t\t\t\t,,A koll\u00e9g\u00e1m r\u00fchelli, ha \u00e1tkukucsk\u00e1lok hozz\u00e1 munka k\u00f6zben, ez\u00e9rt amikor nyaralni mentem kinyomtattam az arcomat \u00e9s az elv\u00e1laszt\u00f3 falra ragasztottam.\"\t\t\t\t\t\t\t\t<\/h3>\r\n\t\t\t\t\t\t\t<\/div>\r\n\t\t\t\t\t\t\t\t\t\t\t\t\t\t\t<figure class=\"zf-list_media zf-media-wrapper zf-image zf-type-image\">\r\n\t\t\t\t\t\t\t\t\t<div title=\",,A koll\u00e9g\u00e1m r\u00fchelli, ha \u00e1tkukucsk\u00e1lok hozz\u00e1 munka k\u00f6zben, ez\u00e9rt amikor nyaralni mentem kinyomtattam az arcomat \u00e9s az elv\u00e1laszt\u00f3 falra ragasztottam.&quot;\" alt=\",,A koll\u00e9g\u00e1m r\u00fchelli, ha \u00e1tkukucsk\u00e1lok hozz\u00e1 munka k\u00f6zben, ez\u00e9rt amikor nyaralni mentem kinyomtattam az arcomat \u00e9s az elv\u00e1laszt\u00f3 falra ragasztottam.&quot;\" class=\"zf-media\">\r\n\t\t\t\t\t\t\t\t\t\t<img width=\"605\" height=\"452\" src=\"https:\/\/liked.hu\/old\/wp-content\/uploads\/2018\/09\/funny-coworkers-105-5b7fbb33b11cd__605.jpg\" class=\"\" alt=\"\" loading=\"lazy\" style=\"\" srcset=\"https:\/\/liked.hu\/old\/wp-content\/uploads\/2018\/09\/funny-coworkers-105-5b7fbb33b11cd__605.jpg 605w, https:\/\/liked.hu\/old\/wp-content\/uploads\/2018\/09\/funny-coworkers-105-5b7fbb33b11cd__605-300x224.jpg 300w, https:\/\/liked.hu\/old\/wp-content\/uploads\/2018\/09\/funny-coworkers-105-5b7fbb33b11cd__605-200x150.jpg 200w, https:\/\/liked.hu\/old\/wp-content\/uploads\/2018\/09\/funny-coworkers-105-5b7fbb33b11cd__605-360x270.jpg 360w, https:\/\/liked.hu\/old\/wp-content\/uploads\/2018\/09\/funny-coworkers-105-5b7fbb33b11cd__605-545x407.jpg 545w\" sizes=\"(max-width: 605px) 100vw, 605px\" \/>\t\t\t\t\t\t\t\t\t\t\t<figcaption class=\"zf-figcaption\">\r\n\t\t\t\t\t\t\t\t\t\t\t\t\t\t\t\t\t\t\t\t\t\t\t\t<cite>        <a class=\"zf-media_credit\" target=\"_blank\" href=\"https:\/\/liked.hu\/old\/kimeno.php?https:\/\/www.reddit.com\/r\/funny\/comments\/2p5159\/short_people_problems\/\" rel=\"nofollow noopener\">reddit<\/a>\r\n        <\/cite>\r\n\r\n\t\t\t\t\t\t\t\t\t\t\t\t\t\t\t\t\t\t\t\t\t\t\t<\/figcaption>\r\n\t\t\t\t\t\t\t\t\t\t\t\t\t\t\t\t\t\t\t<\/div>\r\n\t\t\t\t\t\t\t\t\t<hr \/>\r\n\t\t\t\t\t\t\t\t<\/figure>\r\n\t\t\t\t\t\t\t\t\t\t\t\t\t\t<\/li>\r\n\t\t\t\t\t\t\t\t\t\t\t\t<li class=\"zf-list_item\">\r\n\t\t\t\t\t\t\t<div class=\"zf-list_header\">\r\n\t\t\t\t\t\t\t\t<h3 id=\"listaelem5\" class=\"zf-list_title\">\r\n\t\t\t\t\t\t\t\t\t<span class=\"zf-number\">5<\/span>\r\n\t\t\t\t\t\t\t\t\t,,M\u00e9g nem l\u00e1ttam a Tr\u00f3nok harca befejez\u0151 r\u00e9sz\u00e9t, sz\u00f3val Istenemre esk\u00fcsz\u00f6m, hogyha elspoilerezed nekem, \u00e9n \u00fagy t\u00f6nkre v\u00e1gom a sz\u00e1m\u00edt\u00f3g\u00e9pedet, hogy lassabb lesz, mint egy 1997-es sz\u00e1m\u00edt\u00f3g\u00e9p bet\u00e1rcs\u00e1z\u00f3s internettel.\u201d\t\t\t\t\t\t\t\t<\/h3>\r\n\t\t\t\t\t\t\t<\/div>\r\n\t\t\t\t\t\t\t\t\t\t\t\t\t\t\t<figure class=\"zf-list_media zf-media-wrapper zf-image zf-type-image\">\r\n\t\t\t\t\t\t\t\t\t<div title=\",,M\u00e9g nem l\u00e1ttam a Tr\u00f3nok harca befejez\u0151 r\u00e9sz\u00e9t, sz\u00f3val Istenemre esk\u00fcsz\u00f6m, hogyha elspoilerezed nekem, \u00e9n \u00fagy t\u00f6nkre v\u00e1gom a sz\u00e1m\u00edt\u00f3g\u00e9pedet, hogy lassabb lesz, mint egy 1997-es sz\u00e1m\u00edt\u00f3g\u00e9p bet\u00e1rcs\u00e1z\u00f3s internettel.\u201d\" alt=\",,M\u00e9g nem l\u00e1ttam a Tr\u00f3nok harca befejez\u0151 r\u00e9sz\u00e9t, sz\u00f3val Istenemre esk\u00fcsz\u00f6m, hogyha elspoilerezed nekem, \u00e9n \u00fagy t\u00f6nkre v\u00e1gom a sz\u00e1m\u00edt\u00f3g\u00e9pedet, hogy lassabb lesz, mint egy 1997-es sz\u00e1m\u00edt\u00f3g\u00e9p bet\u00e1rcs\u00e1z\u00f3s internettel.\u201d\" class=\"zf-media\">\r\n\t\t\t\t\t\t\t\t\t\t<img width=\"605\" height=\"752\" src=\"https:\/\/liked.hu\/old\/wp-content\/uploads\/2018\/09\/funny-coworkers-63-5b7eba2860118__605.jpg\" class=\"\" alt=\"\" loading=\"lazy\" style=\"\" srcset=\"https:\/\/liked.hu\/old\/wp-content\/uploads\/2018\/09\/funny-coworkers-63-5b7eba2860118__605.jpg 605w, https:\/\/liked.hu\/old\/wp-content\/uploads\/2018\/09\/funny-coworkers-63-5b7eba2860118__605-241x300.jpg 241w, https:\/\/liked.hu\/old\/wp-content\/uploads\/2018\/09\/funny-coworkers-63-5b7eba2860118__605-360x447.jpg 360w, https:\/\/liked.hu\/old\/wp-content\/uploads\/2018\/09\/funny-coworkers-63-5b7eba2860118__605-545x677.jpg 545w\" sizes=\"(max-width: 605px) 100vw, 605px\" \/>\t\t\t\t\t\t\t\t\t\t\t<figcaption class=\"zf-figcaption\">\r\n\t\t\t\t\t\t\t\t\t\t\t\t\t\t\t\t\t\t\t\t\t\t\t\t<cite>        <a class=\"zf-media_credit\" target=\"_blank\" href=\"https:\/\/liked.hu\/old\/kimeno.php?https:\/\/www.reddit.com\/r\/funny\/comments\/6wjs8y\/dont_fuck_with_the_it_guy_who_hasnt_seen_the\/\" rel=\"nofollow noopener\">reddit<\/a>\r\n        <\/cite>\r\n\r\n\t\t\t\t\t\t\t\t\t\t\t\t\t\t\t\t\t\t\t\t\t\t\t<\/figcaption>\r\n\t\t\t\t\t\t\t\t\t\t\t\t\t\t\t\t\t\t\t<\/div>\r\n\t\t\t\t\t\t\t\t\t<hr \/>\r\n\t\t\t\t\t\t\t\t<\/figure>\r\n\t\t\t\t\t\t\t\t\t\t\t\t\t\t<\/li>\r\n\t\t\t\t\t\t\t\t\t\t\t\t<li class=\"zf-list_item\">\r\n\t\t\t\t\t\t\t<div class=\"zf-list_header\">\r\n\t\t\t\t\t\t\t\t<h3 id=\"listaelem6\" class=\"zf-list_title\">\r\n\t\t\t\t\t\t\t\t\t<span class=\"zf-number\">6<\/span>\r\n\t\t\t\t\t\t\t\t\t,,A koll\u00e9g\u00e1m adta nekem ezt a k\u00e1rty\u00e1t, szerintem c\u00e9loz valamire...\"\t\t\t\t\t\t\t\t<\/h3>\r\n\t\t\t\t\t\t\t<\/div>\r\n\t\t\t\t\t\t\t\t\t\t\t\t\t\t\t<figure class=\"zf-list_media zf-media-wrapper zf-image zf-type-image\">\r\n\t\t\t\t\t\t\t\t\t<div title=\",,A koll\u00e9g\u00e1m adta nekem ezt a k\u00e1rty\u00e1t, szerintem c\u00e9loz valamire...&quot;\" alt=\",,A koll\u00e9g\u00e1m adta nekem ezt a k\u00e1rty\u00e1t, szerintem c\u00e9loz valamire...&quot;\" class=\"zf-media\">\r\n\t\t\t\t\t\t\t\t\t\t<img width=\"605\" height=\"454\" src=\"https:\/\/liked.hu\/old\/wp-content\/uploads\/2018\/09\/Rejtett-I-a-csapatban-fail.jpg\" class=\"\" alt=\"\" loading=\"lazy\" style=\"\" srcset=\"https:\/\/liked.hu\/old\/wp-content\/uploads\/2018\/09\/Rejtett-I-a-csapatban-fail.jpg 605w, https:\/\/liked.hu\/old\/wp-content\/uploads\/2018\/09\/Rejtett-I-a-csapatban-fail-300x225.jpg 300w, https:\/\/liked.hu\/old\/wp-content\/uploads\/2018\/09\/Rejtett-I-a-csapatban-fail-200x150.jpg 200w, https:\/\/liked.hu\/old\/wp-content\/uploads\/2018\/09\/Rejtett-I-a-csapatban-fail-360x270.jpg 360w, https:\/\/liked.hu\/old\/wp-content\/uploads\/2018\/09\/Rejtett-I-a-csapatban-fail-545x409.jpg 545w\" sizes=\"(max-width: 605px) 100vw, 605px\" \/>\t\t\t\t\t\t\t\t\t\t\t<figcaption class=\"zf-figcaption\">\r\n\t\t\t\t\t\t\t\t\t\t\t\t\t\t\t\t\t\t\t\t\t\t\t\t<cite><\/cite>\r\n\r\n\t\t\t\t\t\t\t\t\t\t\t\t\t\t\t\t\t\t\t\t\t\t\t<\/figcaption>\r\n\t\t\t\t\t\t\t\t\t\t\t\t\t\t\t\t\t\t\t<\/div>\r\n\t\t\t\t\t\t\t\t\t<hr \/>\r\n\t\t\t\t\t\t\t\t<\/figure>\r\n\t\t\t\t\t\t\t\t\t\t\t\t\t\t<\/li>\r\n\t\t\t\t\t\t\t\t\t\t\t\t<li class=\"zf-list_item\">\r\n\t\t\t\t\t\t\t<div class=\"zf-list_header\">\r\n\t\t\t\t\t\t\t\t<h3 id=\"listaelem7\" class=\"zf-list_title\">\r\n\t\t\t\t\t\t\t\t\t<span class=\"zf-number\">7<\/span>\r\n\t\t\t\t\t\t\t\t\t,,F\u00e1sult volt a hangulat, ez\u00e9rt a koll\u00e9g\u00e1m \u00fagy d\u00f6nt\u00f6tt, hogy feldobja kicsit a munkahelyi k\u00e1v\u00e9g\u00e9pet.\"\t\t\t\t\t\t\t\t<\/h3>\r\n\t\t\t\t\t\t\t<\/div>\r\n\t\t\t\t\t\t\t\t\t\t\t\t\t\t\t<figure class=\"zf-list_media zf-media-wrapper zf-image zf-type-image\">\r\n\t\t\t\t\t\t\t\t\t<div title=\",,F\u00e1sult volt a hangulat, ez\u00e9rt a koll\u00e9g\u00e1m \u00fagy d\u00f6nt\u00f6tt, hogy feldobja kicsit a munkahelyi k\u00e1v\u00e9g\u00e9pet.&quot;\" alt=\",,F\u00e1sult volt a hangulat, ez\u00e9rt a koll\u00e9g\u00e1m \u00fagy d\u00f6nt\u00f6tt, hogy feldobja kicsit a munkahelyi k\u00e1v\u00e9g\u00e9pet.&quot;\" class=\"zf-media\">\r\n\t\t\t\t\t\t\t\t\t\t<img width=\"603\" height=\"609\" src=\"https:\/\/liked.hu\/old\/wp-content\/uploads\/2018\/09\/Peter-Griffin-kavegep-fail.jpg\" class=\"\" alt=\"\" loading=\"lazy\" style=\"\" srcset=\"https:\/\/liked.hu\/old\/wp-content\/uploads\/2018\/09\/Peter-Griffin-kavegep-fail.jpg 603w, https:\/\/liked.hu\/old\/wp-content\/uploads\/2018\/09\/Peter-Griffin-kavegep-fail-150x150.jpg 150w, https:\/\/liked.hu\/old\/wp-content\/uploads\/2018\/09\/Peter-Griffin-kavegep-fail-297x300.jpg 297w, https:\/\/liked.hu\/old\/wp-content\/uploads\/2018\/09\/Peter-Griffin-kavegep-fail-360x364.jpg 360w, https:\/\/liked.hu\/old\/wp-content\/uploads\/2018\/09\/Peter-Griffin-kavegep-fail-545x550.jpg 545w\" sizes=\"(max-width: 603px) 100vw, 603px\" \/>\t\t\t\t\t\t\t\t\t\t\t<figcaption class=\"zf-figcaption\">\r\n\t\t\t\t\t\t\t\t\t\t\t\t\t\t\t\t\t\t\t\t\t\t\t\t<cite><\/cite>\r\n\r\n\t\t\t\t\t\t\t\t\t\t\t\t\t\t\t\t\t\t\t\t\t\t\t<\/figcaption>\r\n\t\t\t\t\t\t\t\t\t\t\t\t\t\t\t\t\t\t\t<\/div>\r\n\t\t\t\t\t\t\t\t\t<hr \/>\r\n\t\t\t\t\t\t\t\t<\/figure>\r\n\t\t\t\t\t\t\t\t\t\t\t\t\t\t<\/li>\r\n\t\t\t\t\t\t\t\t\t<\/ol>\r\n\t\t<\/div>\r\n\t<\/div>\r\n\r\n\t<\/div>\r\n\r\n\r\n<!--nextpage--><div id=\"zombify-main-section-front\" class=\"zombify-main-section-front zombify-screen zf-media-full\">\r\n\t<link rel=\"stylesheet\" type=\"text\/css\" href=\"https:\/\/liked.hu\/old\/js\/zombify.css\">\r\n    <link rel=\"stylesheet\" type=\"text\/css\" href=\"https:\/\/liked.hu\/old\/wp-content\/themes\/newsy-child\/style.css\">\r\n\t<div class=\"zf-container\">\r\n\t\t<div id=\"zf-list\" class=\"zf-list zf-numbered\">\r\n\t\t\t<ol class=\"zf-structure-list\">\r\n\t\t\t\t\t\t\t\t\t\t<li class=\"zf-list_item\">\r\n\t\t\t\t\t\t\t<div class=\"zf-list_header\">\r\n\t\t\t\t\t\t\t\t<h3 id=\"listaelem8\" class=\"zf-list_title\">\r\n\t\t\t\t\t\t\t\t\t<span class=\"zf-number\">8<\/span>\r\n\t\t\t\t\t\t\t\t\t,,Elgondolkodtat\u00f3 felirat az irod\u00e1nk fal\u00e1n.\"\t\t\t\t\t\t\t\t<\/h3>\r\n\t\t\t\t\t\t\t<\/div>\r\n\t\t\t\t\t\t\t\t\t\t\t\t\t\t\t<figure class=\"zf-list_media zf-media-wrapper zf-image zf-type-image\">\r\n\t\t\t\t\t\t\t\t\t<div title=\",,Elgondolkodtat\u00f3 felirat az irod\u00e1nk fal\u00e1n.&quot;\" alt=\",,Elgondolkodtat\u00f3 felirat az irod\u00e1nk fal\u00e1n.&quot;\" class=\"zf-media\">\r\n\t\t\t\t\t\t\t\t\t\t<img width=\"768\" height=\"432\" src=\"https:\/\/liked.hu\/old\/wp-content\/uploads\/2018\/09\/JC3B3kedv-az-irodC3A1ban-768x432.jpg\" class=\"\" alt=\"\" loading=\"lazy\" style=\"\" srcset=\"https:\/\/liked.hu\/old\/wp-content\/uploads\/2018\/09\/JC3B3kedv-az-irodC3A1ban-768x432.jpg 768w, https:\/\/liked.hu\/old\/wp-content\/uploads\/2018\/09\/JC3B3kedv-az-irodC3A1ban-768x432-300x169.jpg 300w, https:\/\/liked.hu\/old\/wp-content\/uploads\/2018\/09\/JC3B3kedv-az-irodC3A1ban-768x432-360x203.jpg 360w, https:\/\/liked.hu\/old\/wp-content\/uploads\/2018\/09\/JC3B3kedv-az-irodC3A1ban-768x432-545x307.jpg 545w\" sizes=\"(max-width: 768px) 100vw, 768px\" \/>\t\t\t\t\t\t\t\t\t\t\t<figcaption class=\"zf-figcaption\">\r\n\t\t\t\t\t\t\t\t\t\t\t\t\t\t\t\t\t\t\t\t\t\t\t\t<cite><\/cite>\r\n\r\n\t\t\t\t\t\t\t\t\t\t\t\t\t\t\t\t\t\t\t\t\t\t\t<\/figcaption>\r\n\t\t\t\t\t\t\t\t\t\t\t\t\t\t\t\t\t\t\t<\/div>\r\n\t\t\t\t\t\t\t\t\t<hr \/>\r\n\t\t\t\t\t\t\t\t<\/figure>\r\n\t\t\t\t\t\t\t\t\t\t\t\t\t\t<\/li>\r\n\t\t\t\t\t\t\t\t\t\t\t\t<li class=\"zf-list_item\">\r\n\t\t\t\t\t\t\t<div class=\"zf-list_header\">\r\n\t\t\t\t\t\t\t\t<h3 id=\"listaelem9\" class=\"zf-list_title\">\r\n\t\t\t\t\t\t\t\t\t<span class=\"zf-number\">9<\/span>\r\n\t\t\t\t\t\t\t\t\t,,Eg\u00e9sz d\u00e9lel\u0151tt \u0151r\u00fclt kiab\u00e1l\u00e1st hallottam a f\u00e9nym\u00e1sol\u00f3 szob\u00e1b\u00f3l. P\u00e1r \u00f3r\u00e1val k\u00e9s\u0151bb, mikor bementem, megtal\u00e1ltam a ok\u00e1t...\"\t\t\t\t\t\t\t\t<\/h3>\r\n\t\t\t\t\t\t\t<\/div>\r\n\t\t\t\t\t\t\t\t\t\t\t\t\t\t\t<figure class=\"zf-list_media zf-media-wrapper zf-image zf-type-image\">\r\n\t\t\t\t\t\t\t\t\t<div title=\",,Eg\u00e9sz d\u00e9lel\u0151tt \u0151r\u00fclt kiab\u00e1l\u00e1st hallottam a f\u00e9nym\u00e1sol\u00f3 szob\u00e1b\u00f3l. P\u00e1r \u00f3r\u00e1val k\u00e9s\u0151bb, mikor bementem, megtal\u00e1ltam a ok\u00e1t...&quot;\" alt=\",,Eg\u00e9sz d\u00e9lel\u0151tt \u0151r\u00fclt kiab\u00e1l\u00e1st hallottam a f\u00e9nym\u00e1sol\u00f3 szob\u00e1b\u00f3l. P\u00e1r \u00f3r\u00e1val k\u00e9s\u0151bb, mikor bementem, megtal\u00e1ltam a ok\u00e1t...&quot;\" class=\"zf-media\">\r\n\t\t\t\t\t\t\t\t\t\t<img width=\"800\" height=\"600\" src=\"https:\/\/liked.hu\/old\/wp-content\/uploads\/2018\/09\/HangC3A9rzC3A9kelC591s-nyomtatC3B3.jpg\" class=\"\" alt=\"\" loading=\"lazy\" style=\"\" srcset=\"https:\/\/liked.hu\/old\/wp-content\/uploads\/2018\/09\/HangC3A9rzC3A9kelC591s-nyomtatC3B3.jpg 800w, https:\/\/liked.hu\/old\/wp-content\/uploads\/2018\/09\/HangC3A9rzC3A9kelC591s-nyomtatC3B3-300x225.jpg 300w, https:\/\/liked.hu\/old\/wp-content\/uploads\/2018\/09\/HangC3A9rzC3A9kelC591s-nyomtatC3B3-768x576.jpg 768w, https:\/\/liked.hu\/old\/wp-content\/uploads\/2018\/09\/HangC3A9rzC3A9kelC591s-nyomtatC3B3-200x150.jpg 200w, https:\/\/liked.hu\/old\/wp-content\/uploads\/2018\/09\/HangC3A9rzC3A9kelC591s-nyomtatC3B3-360x270.jpg 360w, https:\/\/liked.hu\/old\/wp-content\/uploads\/2018\/09\/HangC3A9rzC3A9kelC591s-nyomtatC3B3-545x409.jpg 545w\" sizes=\"(max-width: 800px) 100vw, 800px\" \/>\t\t\t\t\t\t\t\t\t\t\t<figcaption class=\"zf-figcaption\">\r\n\t\t\t\t\t\t\t\t\t\t\t\t\t\t\t\t\t\t\t\t\t\t\t\t<cite><\/cite>\r\n\r\n\t\t\t\t\t\t\t\t\t\t\t\t\t\t\t\t\t\t\t\t\t\t\t<\/figcaption>\r\n\t\t\t\t\t\t\t\t\t\t\t\t\t\t\t\t\t\t\t<\/div>\r\n\t\t\t\t\t\t\t\t\t<hr \/>\r\n\t\t\t\t\t\t\t\t<\/figure>\r\n\t\t\t\t\t\t\t\t\t\t\t\t\t\t<\/li>\r\n\t\t\t\t\t\t\t\t\t\t\t\t<li class=\"zf-list_item\">\r\n\t\t\t\t\t\t\t<div class=\"zf-list_header\">\r\n\t\t\t\t\t\t\t\t<h3 id=\"listaelem10\" class=\"zf-list_title\">\r\n\t\t\t\t\t\t\t\t\t<span class=\"zf-number\">10<\/span>\r\n\t\t\t\t\t\t\t\t\t,,A koll\u00e9g\u00e1m h\u00e1tt\u00e9rk\u00e9pe...\"\t\t\t\t\t\t\t\t<\/h3>\r\n\t\t\t\t\t\t\t<\/div>\r\n\t\t\t\t\t\t\t\t\t\t\t\t\t\t\t<figure class=\"zf-list_media zf-media-wrapper zf-image zf-type-image\">\r\n\t\t\t\t\t\t\t\t\t<div title=\",,A koll\u00e9g\u00e1m h\u00e1tt\u00e9rk\u00e9pe...&quot;\" alt=\",,A koll\u00e9g\u00e1m h\u00e1tt\u00e9rk\u00e9pe...&quot;\" class=\"zf-media\">\r\n\t\t\t\t\t\t\t\t\t\t<img width=\"605\" height=\"807\" src=\"https:\/\/liked.hu\/old\/wp-content\/uploads\/2018\/09\/5b8801f71bdb2_RkWzytT2pzc7Wh7a3hruge0dilhptwG5haKsGjg0cls__605.jpg\" class=\"\" alt=\"\" loading=\"lazy\" style=\"\" srcset=\"https:\/\/liked.hu\/old\/wp-content\/uploads\/2018\/09\/5b8801f71bdb2_RkWzytT2pzc7Wh7a3hruge0dilhptwG5haKsGjg0cls__605.jpg 605w, https:\/\/liked.hu\/old\/wp-content\/uploads\/2018\/09\/5b8801f71bdb2_RkWzytT2pzc7Wh7a3hruge0dilhptwG5haKsGjg0cls__605-225x300.jpg 225w, https:\/\/liked.hu\/old\/wp-content\/uploads\/2018\/09\/5b8801f71bdb2_RkWzytT2pzc7Wh7a3hruge0dilhptwG5haKsGjg0cls__605-360x480.jpg 360w, https:\/\/liked.hu\/old\/wp-content\/uploads\/2018\/09\/5b8801f71bdb2_RkWzytT2pzc7Wh7a3hruge0dilhptwG5haKsGjg0cls__605-545x727.jpg 545w\" sizes=\"(max-width: 605px) 100vw, 605px\" \/>\t\t\t\t\t\t\t\t\t\t\t<figcaption class=\"zf-figcaption\">\r\n\t\t\t\t\t\t\t\t\t\t\t\t\t\t\t\t\t\t\t\t\t\t\t\t<cite>        <a class=\"zf-media_credit\" target=\"_blank\" href=\"https:\/\/liked.hu\/old\/kimeno.php?https:\/\/www.reddit.com\/r\/pics\/comments\/pzna1\/my_colleagues_new_desktop\/\" rel=\"nofollow noopener\">reddit<\/a>\r\n        <\/cite>\r\n\r\n\t\t\t\t\t\t\t\t\t\t\t\t\t\t\t\t\t\t\t\t\t\t\t<\/figcaption>\r\n\t\t\t\t\t\t\t\t\t\t\t\t\t\t\t\t\t\t\t<\/div>\r\n\t\t\t\t\t\t\t\t\t<hr \/>\r\n\t\t\t\t\t\t\t\t<\/figure>\r\n\t\t\t\t\t\t\t\t\t\t\t\t\t\t<\/li>\r\n\t\t\t\t\t\t\t\t\t\t\t\t<li class=\"zf-list_item\">\r\n\t\t\t\t\t\t\t<div class=\"zf-list_header\">\r\n\t\t\t\t\t\t\t\t<h3 id=\"listaelem11\" class=\"zf-list_title\">\r\n\t\t\t\t\t\t\t\t\t<span class=\"zf-number\">11<\/span>\r\n\t\t\t\t\t\t\t\t\t,,A sz\u00fcl\u00e9si szabads\u00e1g\u00e1t t\u00f6lt\u0151 koll\u00e9g\u00e1nk bek\u00fcldte nek\u00fcnk a hamarosan sz\u00fcletend\u0151 gyermek\u00e9r\u0151l k\u00e9sz\u00fclt ultrahangk\u00e9pet, mi pedig kiraktuk az iroda fal\u00e1ra. Gec*k vagyunk, tudom, de ez egy ilyen munkahely.\"\t\t\t\t\t\t\t\t<\/h3>\r\n\t\t\t\t\t\t\t<\/div>\r\n\t\t\t\t\t\t\t\t\t\t\t\t\t\t\t<figure class=\"zf-list_media zf-media-wrapper zf-image zf-type-image\">\r\n\t\t\t\t\t\t\t\t\t<div title=\",,A sz\u00fcl\u00e9si szabads\u00e1g\u00e1t t\u00f6lt\u0151 koll\u00e9g\u00e1nk bek\u00fcldte nek\u00fcnk a hamarosan sz\u00fcletend\u0151 gyermek\u00e9r\u0151l k\u00e9sz\u00fclt ultrahangk\u00e9pet, mi pedig kiraktuk az iroda fal\u00e1ra. Gec*k vagyunk, tudom, de ez egy ilyen munkahely.&quot;\" alt=\",,A sz\u00fcl\u00e9si szabads\u00e1g\u00e1t t\u00f6lt\u0151 koll\u00e9g\u00e1nk bek\u00fcldte nek\u00fcnk a hamarosan sz\u00fcletend\u0151 gyermek\u00e9r\u0151l k\u00e9sz\u00fclt ultrahangk\u00e9pet, mi pedig kiraktuk az iroda fal\u00e1ra. Gec*k vagyunk, tudom, de ez egy ilyen munkahely.&quot;\" class=\"zf-media\">\r\n\t\t\t\t\t\t\t\t\t\t<img width=\"605\" height=\"812\" src=\"https:\/\/liked.hu\/old\/wp-content\/uploads\/2018\/09\/funny-coworkers-67-5b7ebf458992f__605.jpg\" class=\"\" alt=\"\" loading=\"lazy\" style=\"\" srcset=\"https:\/\/liked.hu\/old\/wp-content\/uploads\/2018\/09\/funny-coworkers-67-5b7ebf458992f__605.jpg 605w, https:\/\/liked.hu\/old\/wp-content\/uploads\/2018\/09\/funny-coworkers-67-5b7ebf458992f__605-224x300.jpg 224w, https:\/\/liked.hu\/old\/wp-content\/uploads\/2018\/09\/funny-coworkers-67-5b7ebf458992f__605-360x483.jpg 360w, https:\/\/liked.hu\/old\/wp-content\/uploads\/2018\/09\/funny-coworkers-67-5b7ebf458992f__605-545x731.jpg 545w\" sizes=\"(max-width: 605px) 100vw, 605px\" \/>\t\t\t\t\t\t\t\t\t\t\t<figcaption class=\"zf-figcaption\">\r\n\t\t\t\t\t\t\t\t\t\t\t\t\t\t\t\t\t\t\t\t\t\t\t\t<cite>        <a class=\"zf-media_credit\" target=\"_blank\" href=\"https:\/\/liked.hu\/old\/kimeno.php?https:\/\/www.reddit.com\/r\/funny\/comments\/3k8h9h\/my_colleague_uploaded_the_first_photo_of_his\/\" rel=\"nofollow noopener\">reddit<\/a>\r\n        <\/cite>\r\n\r\n\t\t\t\t\t\t\t\t\t\t\t\t\t\t\t\t\t\t\t\t\t\t\t<\/figcaption>\r\n\t\t\t\t\t\t\t\t\t\t\t\t\t\t\t\t\t\t\t<\/div>\r\n\t\t\t\t\t\t\t\t\t<hr \/>\r\n\t\t\t\t\t\t\t\t<\/figure>\r\n\t\t\t\t\t\t\t\t\t\t\t\t\t\t<\/li>\r\n\t\t\t\t\t\t\t\t\t\t\t\t<li class=\"zf-list_item\">\r\n\t\t\t\t\t\t\t<div class=\"zf-list_header\">\r\n\t\t\t\t\t\t\t\t<h3 id=\"listaelem12\" class=\"zf-list_title\">\r\n\t\t\t\t\t\t\t\t\t<span class=\"zf-number\">12<\/span>\r\n\t\t\t\t\t\t\t\t\t,,9 h\u00f3napot v\u00e1rtam r\u00e1, hogy a koll\u00e9g\u00e1m v\u00e9gre megvegye \u00e1lmai motorj\u00e1t, majd r\u00e1juk tehessem ezeket a r\u00f3zsasz\u00edn korm\u00e1nyd\u00edszeket.\"\t\t\t\t\t\t\t\t<\/h3>\r\n\t\t\t\t\t\t\t<\/div>\r\n\t\t\t\t\t\t\t\t\t\t\t\t\t\t\t<figure class=\"zf-list_media zf-media-wrapper zf-image zf-type-image\">\r\n\t\t\t\t\t\t\t\t\t<div title=\",,9 h\u00f3napot v\u00e1rtam r\u00e1, hogy a koll\u00e9g\u00e1m v\u00e9gre megvegye \u00e1lmai motorj\u00e1t, majd r\u00e1juk tehessem ezeket a r\u00f3zsasz\u00edn korm\u00e1nyd\u00edszeket.&quot;\" alt=\",,9 h\u00f3napot v\u00e1rtam r\u00e1, hogy a koll\u00e9g\u00e1m v\u00e9gre megvegye \u00e1lmai motorj\u00e1t, majd r\u00e1juk tehessem ezeket a r\u00f3zsasz\u00edn korm\u00e1nyd\u00edszeket.&quot;\" class=\"zf-media\">\r\n\t\t\t\t\t\t\t\t\t\t<img width=\"605\" height=\"454\" src=\"https:\/\/liked.hu\/old\/wp-content\/uploads\/2018\/09\/5b7fca87dcebd_AQf_zjG5ICFEZgmykMjdj8tV2P_KnwRBFAGqSJ6gQOQ__605.jpg\" class=\"\" alt=\"\" loading=\"lazy\" style=\"\" srcset=\"https:\/\/liked.hu\/old\/wp-content\/uploads\/2018\/09\/5b7fca87dcebd_AQf_zjG5ICFEZgmykMjdj8tV2P_KnwRBFAGqSJ6gQOQ__605.jpg 605w, https:\/\/liked.hu\/old\/wp-content\/uploads\/2018\/09\/5b7fca87dcebd_AQf_zjG5ICFEZgmykMjdj8tV2P_KnwRBFAGqSJ6gQOQ__605-300x225.jpg 300w, https:\/\/liked.hu\/old\/wp-content\/uploads\/2018\/09\/5b7fca87dcebd_AQf_zjG5ICFEZgmykMjdj8tV2P_KnwRBFAGqSJ6gQOQ__605-200x150.jpg 200w, https:\/\/liked.hu\/old\/wp-content\/uploads\/2018\/09\/5b7fca87dcebd_AQf_zjG5ICFEZgmykMjdj8tV2P_KnwRBFAGqSJ6gQOQ__605-360x270.jpg 360w, https:\/\/liked.hu\/old\/wp-content\/uploads\/2018\/09\/5b7fca87dcebd_AQf_zjG5ICFEZgmykMjdj8tV2P_KnwRBFAGqSJ6gQOQ__605-545x409.jpg 545w\" sizes=\"(max-width: 605px) 100vw, 605px\" \/>\t\t\t\t\t\t\t\t\t\t\t<figcaption class=\"zf-figcaption\">\r\n\t\t\t\t\t\t\t\t\t\t\t\t\t\t\t\t\t\t\t\t\t\t\t\t<cite>        <a class=\"zf-media_credit\" target=\"_blank\" href=\"https:\/\/liked.hu\/old\/kimeno.php?https:\/\/www.reddit.com\/r\/funny\/comments\/99srjp\/ive_been_waiting_9_months_for_a_coworker_to_ride\/\" rel=\"nofollow noopener\">reddit<\/a>\r\n        <\/cite>\r\n\r\n\t\t\t\t\t\t\t\t\t\t\t\t\t\t\t\t\t\t\t\t\t\t\t<\/figcaption>\r\n\t\t\t\t\t\t\t\t\t\t\t\t\t\t\t\t\t\t\t<\/div>\r\n\t\t\t\t\t\t\t\t\t<hr \/>\r\n\t\t\t\t\t\t\t\t<\/figure>\r\n\t\t\t\t\t\t\t\t\t\t\t\t\t\t<\/li>\r\n\t\t\t\t\t\t\t\t\t\t\t\t<li class=\"zf-list_item\">\r\n\t\t\t\t\t\t\t<div class=\"zf-list_header\">\r\n\t\t\t\t\t\t\t\t<h3 id=\"listaelem13\" class=\"zf-list_title\">\r\n\t\t\t\t\t\t\t\t\t<span class=\"zf-number\">13<\/span>\r\n\t\t\t\t\t\t\t\t\t,,\u00c9n egy ilyen j\u00f3 fej koll\u00e9ga vagyok, nem hagytam, hogy el\u00e1zzon.\"\t\t\t\t\t\t\t\t<\/h3>\r\n\t\t\t\t\t\t\t<\/div>\r\n\t\t\t\t\t\t\t\t\t\t\t\t\t\t\t<figure class=\"zf-list_media zf-media-wrapper zf-image zf-type-image\">\r\n\t\t\t\t\t\t\t\t\t<div title=\",,\u00c9n egy ilyen j\u00f3 fej koll\u00e9ga vagyok, nem hagytam, hogy el\u00e1zzon.&quot;\" alt=\",,\u00c9n egy ilyen j\u00f3 fej koll\u00e9ga vagyok, nem hagytam, hogy el\u00e1zzon.&quot;\" class=\"zf-media\">\r\n\t\t\t\t\t\t\t\t\t\t<img width=\"605\" height=\"605\" src=\"https:\/\/liked.hu\/old\/wp-content\/uploads\/2018\/09\/5b7d05f0647fa_42bezy4vwN7sTnbcua2iX-kcLg1PicPS829CPIOFT9M__605.jpg\" class=\"\" alt=\"\" loading=\"lazy\" style=\"\" srcset=\"https:\/\/liked.hu\/old\/wp-content\/uploads\/2018\/09\/5b7d05f0647fa_42bezy4vwN7sTnbcua2iX-kcLg1PicPS829CPIOFT9M__605.jpg 605w, https:\/\/liked.hu\/old\/wp-content\/uploads\/2018\/09\/5b7d05f0647fa_42bezy4vwN7sTnbcua2iX-kcLg1PicPS829CPIOFT9M__605-150x150.jpg 150w, https:\/\/liked.hu\/old\/wp-content\/uploads\/2018\/09\/5b7d05f0647fa_42bezy4vwN7sTnbcua2iX-kcLg1PicPS829CPIOFT9M__605-300x300.jpg 300w, https:\/\/liked.hu\/old\/wp-content\/uploads\/2018\/09\/5b7d05f0647fa_42bezy4vwN7sTnbcua2iX-kcLg1PicPS829CPIOFT9M__605-400x400.jpg 400w, https:\/\/liked.hu\/old\/wp-content\/uploads\/2018\/09\/5b7d05f0647fa_42bezy4vwN7sTnbcua2iX-kcLg1PicPS829CPIOFT9M__605-360x360.jpg 360w, https:\/\/liked.hu\/old\/wp-content\/uploads\/2018\/09\/5b7d05f0647fa_42bezy4vwN7sTnbcua2iX-kcLg1PicPS829CPIOFT9M__605-545x545.jpg 545w, https:\/\/liked.hu\/old\/wp-content\/uploads\/2018\/09\/5b7d05f0647fa_42bezy4vwN7sTnbcua2iX-kcLg1PicPS829CPIOFT9M__605-350x350.jpg 350w\" sizes=\"(max-width: 605px) 100vw, 605px\" \/>\t\t\t\t\t\t\t\t\t\t\t<figcaption class=\"zf-figcaption\">\r\n\t\t\t\t\t\t\t\t\t\t\t\t\t\t\t\t\t\t\t\t\t\t\t\t<cite>        <a class=\"zf-media_credit\" target=\"_blank\" href=\"https:\/\/liked.hu\/old\/kimeno.php?https:\/\/www.reddit.com\/r\/pics\/comments\/4x31tl\/im_a_nice_colleague\/\" rel=\"nofollow noopener\">reddit<\/a>\r\n        <\/cite>\r\n\r\n\t\t\t\t\t\t\t\t\t\t\t\t\t\t\t\t\t\t\t\t\t\t\t<\/figcaption>\r\n\t\t\t\t\t\t\t\t\t\t\t\t\t\t\t\t\t\t\t<\/div>\r\n\t\t\t\t\t\t\t\t\t<hr \/>\r\n\t\t\t\t\t\t\t\t<\/figure>\r\n\t\t\t\t\t\t\t\t\t\t\t\t\t\t<\/li>\r\n\t\t\t\t\t\t\t\t\t\t\t\t<li class=\"zf-list_item\">\r\n\t\t\t\t\t\t\t<div class=\"zf-list_header\">\r\n\t\t\t\t\t\t\t\t<h3 id=\"listaelem14\" class=\"zf-list_title\">\r\n\t\t\t\t\t\t\t\t\t<span class=\"zf-number\">14<\/span>\r\n\t\t\t\t\t\t\t\t\t,,Megbesz\u00e9lt\u00fck, hogy vesz\u00fcnk egy kar\u00e1csonyf\u00e1t az irod\u00e1ba, hogy jobb legyen a hangulat az \u00fcnnepek k\u00f6zeledt\u00e9vel. Azt viszont nem tudtuk eld\u00f6nteni, hogy ki d\u00edsz\u00edtse fel a f\u00e1t, ez\u00e9rt...\"\t\t\t\t\t\t\t\t<\/h3>\r\n\t\t\t\t\t\t\t<\/div>\r\n\t\t\t\t\t\t\t\t\t\t\t\t\t\t\t<figure class=\"zf-list_media zf-media-wrapper zf-image zf-type-image\">\r\n\t\t\t\t\t\t\t\t\t<div title=\",,Megbesz\u00e9lt\u00fck, hogy vesz\u00fcnk egy kar\u00e1csonyf\u00e1t az irod\u00e1ba, hogy jobb legyen a hangulat az \u00fcnnepek k\u00f6zeledt\u00e9vel. Azt viszont nem tudtuk eld\u00f6nteni, hogy ki d\u00edsz\u00edtse fel a f\u00e1t, ez\u00e9rt...&quot;\" alt=\",,Megbesz\u00e9lt\u00fck, hogy vesz\u00fcnk egy kar\u00e1csonyf\u00e1t az irod\u00e1ba, hogy jobb legyen a hangulat az \u00fcnnepek k\u00f6zeledt\u00e9vel. Azt viszont nem tudtuk eld\u00f6nteni, hogy ki d\u00edsz\u00edtse fel a f\u00e1t, ez\u00e9rt...&quot;\" class=\"zf-media\">\r\n\t\t\t\t\t\t\t\t\t\t<img width=\"605\" height=\"942\" src=\"https:\/\/liked.hu\/old\/wp-content\/uploads\/2018\/09\/funny-coworkers-94-5b7fad1951f1c__605.jpg\" class=\"\" alt=\"\" loading=\"lazy\" style=\"\" srcset=\"https:\/\/liked.hu\/old\/wp-content\/uploads\/2018\/09\/funny-coworkers-94-5b7fad1951f1c__605.jpg 605w, https:\/\/liked.hu\/old\/wp-content\/uploads\/2018\/09\/funny-coworkers-94-5b7fad1951f1c__605-193x300.jpg 193w, https:\/\/liked.hu\/old\/wp-content\/uploads\/2018\/09\/funny-coworkers-94-5b7fad1951f1c__605-360x561.jpg 360w, https:\/\/liked.hu\/old\/wp-content\/uploads\/2018\/09\/funny-coworkers-94-5b7fad1951f1c__605-545x849.jpg 545w\" sizes=\"(max-width: 605px) 100vw, 605px\" \/>\t\t\t\t\t\t\t\t\t\t\t<figcaption class=\"zf-figcaption\">\r\n\t\t\t\t\t\t\t\t\t\t\t\t\t\t\t\t\t\t\t\t\t\t\t\t<cite>        <a class=\"zf-media_credit\" target=\"_blank\" href=\"https:\/\/liked.hu\/old\/kimeno.php?https:\/\/www.reddit.com\/r\/funny\/comments\/5h640q\/no_one_at_work_has_taken_responsibility_for\/\" rel=\"nofollow noopener\">reddit<\/a>\r\n        <\/cite>\r\n\r\n\t\t\t\t\t\t\t\t\t\t\t\t\t\t\t\t\t\t\t\t\t\t\t<\/figcaption>\r\n\t\t\t\t\t\t\t\t\t\t\t\t\t\t\t\t\t\t\t<\/div>\r\n\t\t\t\t\t\t\t\t\t<hr \/>\r\n\t\t\t\t\t\t\t\t<\/figure>\r\n\t\t\t\t\t\t\t\t\t\t\t\t\t\t<\/li>\r\n\t\t\t\t\t\t\t\t\t<\/ol>\r\n\t\t<\/div>\r\n\t<\/div>\r\n\r\n\t<\/div>\r\n\r\n\r\n<!--nextpage--><div id=\"zombify-main-section-front\" class=\"zombify-main-section-front zombify-screen zf-media-full\">\r\n\t<link rel=\"stylesheet\" type=\"text\/css\" href=\"https:\/\/liked.hu\/old\/js\/zombify.css\">\r\n    <link rel=\"stylesheet\" type=\"text\/css\" href=\"https:\/\/liked.hu\/old\/wp-content\/themes\/newsy-child\/style.css\">\r\n\t<div class=\"zf-container\">\r\n\t\t<div id=\"zf-list\" class=\"zf-list zf-numbered\">\r\n\t\t\t<ol class=\"zf-structure-list\">\r\n\t\t\t\t\t\t\t\t\t\t<li class=\"zf-list_item\">\r\n\t\t\t\t\t\t\t<div class=\"zf-list_header\">\r\n\t\t\t\t\t\t\t\t<h3 id=\"listaelem15\" class=\"zf-list_title\">\r\n\t\t\t\t\t\t\t\t\t<span class=\"zf-number\">15<\/span>\r\n\t\t\t\t\t\t\t\t\t,,A tavalyi els\u0151 havaz\u00e1s idej\u00e9n a koll\u00e9g\u00e1m \u00e1tszaladt a szomsz\u00e9dos parkol\u00f3h\u00e1z tetej\u00e9re \u00e9s ezt m\u0171velte ez az \u00e1llat...\"\t\t\t\t\t\t\t\t<\/h3>\r\n\t\t\t\t\t\t\t<\/div>\r\n\t\t\t\t\t\t\t\t\t\t\t\t\t\t\t<figure class=\"zf-list_media zf-media-wrapper zf-image zf-type-image\">\r\n\t\t\t\t\t\t\t\t\t<div title=\",,A tavalyi els\u0151 havaz\u00e1s idej\u00e9n a koll\u00e9g\u00e1m \u00e1tszaladt a szomsz\u00e9dos parkol\u00f3h\u00e1z tetej\u00e9re \u00e9s ezt m\u0171velte ez az \u00e1llat...&quot;\" alt=\",,A tavalyi els\u0151 havaz\u00e1s idej\u00e9n a koll\u00e9g\u00e1m \u00e1tszaladt a szomsz\u00e9dos parkol\u00f3h\u00e1z tetej\u00e9re \u00e9s ezt m\u0171velte ez az \u00e1llat...&quot;\" class=\"zf-media\">\r\n\t\t\t\t\t\t\t\t\t\t<img width=\"605\" height=\"720\" src=\"https:\/\/liked.hu\/old\/wp-content\/uploads\/2018\/09\/funny-coworkers-125-5b87ab82194bb__605.jpg\" class=\"\" alt=\"\" loading=\"lazy\" style=\"\" srcset=\"https:\/\/liked.hu\/old\/wp-content\/uploads\/2018\/09\/funny-coworkers-125-5b87ab82194bb__605.jpg 605w, https:\/\/liked.hu\/old\/wp-content\/uploads\/2018\/09\/funny-coworkers-125-5b87ab82194bb__605-252x300.jpg 252w, https:\/\/liked.hu\/old\/wp-content\/uploads\/2018\/09\/funny-coworkers-125-5b87ab82194bb__605-360x428.jpg 360w, https:\/\/liked.hu\/old\/wp-content\/uploads\/2018\/09\/funny-coworkers-125-5b87ab82194bb__605-545x649.jpg 545w\" sizes=\"(max-width: 605px) 100vw, 605px\" \/>\t\t\t\t\t\t\t\t\t\t\t<figcaption class=\"zf-figcaption\">\r\n\t\t\t\t\t\t\t\t\t\t\t\t\t\t\t\t\t\t\t\t\t\t\t\t<cite>        <a class=\"zf-media_credit\" target=\"_blank\" href=\"https:\/\/liked.hu\/old\/kimeno.php?https:\/\/www.reddit.com\/r\/funny\/comments\/2xezx7\/so_i_work_on_the_13th_floor_looked_out_the_window\/\" rel=\"nofollow noopener\">reddit<\/a>\r\n        <\/cite>\r\n\r\n\t\t\t\t\t\t\t\t\t\t\t\t\t\t\t\t\t\t\t\t\t\t\t<\/figcaption>\r\n\t\t\t\t\t\t\t\t\t\t\t\t\t\t\t\t\t\t\t<\/div>\r\n\t\t\t\t\t\t\t\t\t<hr \/>\r\n\t\t\t\t\t\t\t\t<\/figure>\r\n\t\t\t\t\t\t\t\t\t\t\t\t\t\t<\/li>\r\n\t\t\t\t\t\t\t\t\t\t\t\t<li class=\"zf-list_item\">\r\n\t\t\t\t\t\t\t<div class=\"zf-list_header\">\r\n\t\t\t\t\t\t\t\t<h3 id=\"listaelem16\" class=\"zf-list_title\">\r\n\t\t\t\t\t\t\t\t\t<span class=\"zf-number\">16<\/span>\r\n\t\t\t\t\t\t\t\t\t,,Mindennap k\u00e9sz\u00edtek egy lesifot\u00f3t a koll\u00e9g\u00e1mr\u00f3l, amit azt\u00e1n kicsit \u00e1tszerkesztek, amikor unatkozom. Nem tehetek r\u00f3la, piszkosul fotog\u00e9n...\"\t\t\t\t\t\t\t\t<\/h3>\r\n\t\t\t\t\t\t\t<\/div>\r\n\t\t\t\t\t\t\t\t\t\t\t\t\t\t\t<figure class=\"zf-list_media zf-media-wrapper zf-image zf-type-image\">\r\n\t\t\t\t\t\t\t\t\t<div title=\",,Mindennap k\u00e9sz\u00edtek egy lesifot\u00f3t a koll\u00e9g\u00e1mr\u00f3l, amit azt\u00e1n kicsit \u00e1tszerkesztek, amikor unatkozom. Nem tehetek r\u00f3la, piszkosul fotog\u00e9n...&quot;\" alt=\",,Mindennap k\u00e9sz\u00edtek egy lesifot\u00f3t a koll\u00e9g\u00e1mr\u00f3l, amit azt\u00e1n kicsit \u00e1tszerkesztek, amikor unatkozom. Nem tehetek r\u00f3la, piszkosul fotog\u00e9n...&quot;\" class=\"zf-media\">\r\n\t\t\t\t\t\t\t\t\t\t<img width=\"605\" height=\"1577\" src=\"https:\/\/liked.hu\/old\/wp-content\/uploads\/2018\/09\/funny-coworkers-145-5b8805dac6eda__605.jpg\" class=\"\" alt=\"\" loading=\"lazy\" style=\"\" srcset=\"https:\/\/liked.hu\/old\/wp-content\/uploads\/2018\/09\/funny-coworkers-145-5b8805dac6eda__605.jpg 605w, https:\/\/liked.hu\/old\/wp-content\/uploads\/2018\/09\/funny-coworkers-145-5b8805dac6eda__605-115x300.jpg 115w, https:\/\/liked.hu\/old\/wp-content\/uploads\/2018\/09\/funny-coworkers-145-5b8805dac6eda__605-393x1024.jpg 393w, https:\/\/liked.hu\/old\/wp-content\/uploads\/2018\/09\/funny-coworkers-145-5b8805dac6eda__605-360x938.jpg 360w, https:\/\/liked.hu\/old\/wp-content\/uploads\/2018\/09\/funny-coworkers-145-5b8805dac6eda__605-545x1421.jpg 545w\" sizes=\"(max-width: 605px) 100vw, 605px\" \/>\t\t\t\t\t\t\t\t\t\t\t<figcaption class=\"zf-figcaption\">\r\n\t\t\t\t\t\t\t\t\t\t\t\t\t\t\t\t\t\t\t\t\t\t\t\t<cite>        <a class=\"zf-media_credit\" target=\"_blank\" href=\"https:\/\/liked.hu\/old\/kimeno.php?https:\/\/www.reddit.com\/r\/pics\/comments\/vshs7\/almost_every_day_i_take_a_sneak_photo_of_my\/\" rel=\"nofollow noopener\">reddit<\/a>\r\n        <\/cite>\r\n\r\n\t\t\t\t\t\t\t\t\t\t\t\t\t\t\t\t\t\t\t\t\t\t\t<\/figcaption>\r\n\t\t\t\t\t\t\t\t\t\t\t\t\t\t\t\t\t\t\t<\/div>\r\n\t\t\t\t\t\t\t\t\t<hr \/>\r\n\t\t\t\t\t\t\t\t<\/figure>\r\n\t\t\t\t\t\t\t\t\t\t\t\t\t\t<\/li>\r\n\t\t\t\t\t\t\t\t\t\t\t\t<li class=\"zf-list_item\">\r\n\t\t\t\t\t\t\t<div class=\"zf-list_header\">\r\n\t\t\t\t\t\t\t\t<h3 id=\"listaelem17\" class=\"zf-list_title\">\r\n\t\t\t\t\t\t\t\t\t<span class=\"zf-number\">17<\/span>\r\n\t\t\t\t\t\t\t\t\t,,A koll\u00e9g\u00e1m \u00edr\u00f3asztal\u00e1n tal\u00e1ltam...\"\t\t\t\t\t\t\t\t<\/h3>\r\n\t\t\t\t\t\t\t<\/div>\r\n\t\t\t\t\t\t\t\t\t\t\t\t\t\t\t<figure class=\"zf-list_media zf-media-wrapper zf-image zf-type-image\">\r\n\t\t\t\t\t\t\t\t\t<div title=\",,A koll\u00e9g\u00e1m \u00edr\u00f3asztal\u00e1n tal\u00e1ltam...&quot;\" alt=\",,A koll\u00e9g\u00e1m \u00edr\u00f3asztal\u00e1n tal\u00e1ltam...&quot;\" class=\"zf-media\">\r\n\t\t\t\t\t\t\t\t\t\t<img width=\"650\" height=\"795\" src=\"https:\/\/liked.hu\/old\/wp-content\/uploads\/2018\/09\/Problemad-van-velem.jpg\" class=\"\" alt=\"\" loading=\"lazy\" style=\"\" srcset=\"https:\/\/liked.hu\/old\/wp-content\/uploads\/2018\/09\/Problemad-van-velem.jpg 650w, https:\/\/liked.hu\/old\/wp-content\/uploads\/2018\/09\/Problemad-van-velem-245x300.jpg 245w, https:\/\/liked.hu\/old\/wp-content\/uploads\/2018\/09\/Problemad-van-velem-360x440.jpg 360w, https:\/\/liked.hu\/old\/wp-content\/uploads\/2018\/09\/Problemad-van-velem-545x667.jpg 545w\" sizes=\"(max-width: 650px) 100vw, 650px\" \/>\t\t\t\t\t\t\t\t\t\t\t<figcaption class=\"zf-figcaption\">\r\n\t\t\t\t\t\t\t\t\t\t\t\t\t\t\t\t\t\t\t\t\t\t\t\t<cite><\/cite>\r\n\r\n\t\t\t\t\t\t\t\t\t\t\t\t\t\t\t\t\t\t\t\t\t\t\t<\/figcaption>\r\n\t\t\t\t\t\t\t\t\t\t\t\t\t\t\t\t\t\t\t<\/div>\r\n\t\t\t\t\t\t\t\t\t<hr \/>\r\n\t\t\t\t\t\t\t\t<\/figure>\r\n\t\t\t\t\t\t\t\t\t\t\t\t\t\t<\/li>\r\n\t\t\t\t\t\t\t\t\t\t\t\t<li class=\"zf-list_item\">\r\n\t\t\t\t\t\t\t<div class=\"zf-list_header\">\r\n\t\t\t\t\t\t\t\t<h3 id=\"listaelem18\" class=\"zf-list_title\">\r\n\t\t\t\t\t\t\t\t\t<span class=\"zf-number\">18<\/span>\r\n\t\t\t\t\t\t\t\t\t,,205 cm magas vagyok, ez\u00e9rt a koll\u00e9g\u00e1im \u00fagy d\u00f6nt\u00f6ttek, hogy csin\u00e1lnak nekem egy jelmezt Halloweenra.\"\t\t\t\t\t\t\t\t<\/h3>\r\n\t\t\t\t\t\t\t<\/div>\r\n\t\t\t\t\t\t\t\t\t\t\t\t\t\t\t<figure class=\"zf-list_media zf-media-wrapper zf-image zf-type-image\">\r\n\t\t\t\t\t\t\t\t\t<div title=\",,205 cm magas vagyok, ez\u00e9rt a koll\u00e9g\u00e1im \u00fagy d\u00f6nt\u00f6ttek, hogy csin\u00e1lnak nekem egy jelmezt Halloweenra.&quot;\" alt=\",,205 cm magas vagyok, ez\u00e9rt a koll\u00e9g\u00e1im \u00fagy d\u00f6nt\u00f6ttek, hogy csin\u00e1lnak nekem egy jelmezt Halloweenra.&quot;\" class=\"zf-media\">\r\n\t\t\t\t\t\t\t\t\t\t<img width=\"605\" height=\"830\" src=\"https:\/\/liked.hu\/old\/wp-content\/uploads\/2018\/09\/funny-coworkers-113-5b7fc052c900f__605.jpg\" class=\"\" alt=\"\" loading=\"lazy\" style=\"\" srcset=\"https:\/\/liked.hu\/old\/wp-content\/uploads\/2018\/09\/funny-coworkers-113-5b7fc052c900f__605.jpg 605w, https:\/\/liked.hu\/old\/wp-content\/uploads\/2018\/09\/funny-coworkers-113-5b7fc052c900f__605-219x300.jpg 219w, https:\/\/liked.hu\/old\/wp-content\/uploads\/2018\/09\/funny-coworkers-113-5b7fc052c900f__605-360x494.jpg 360w, https:\/\/liked.hu\/old\/wp-content\/uploads\/2018\/09\/funny-coworkers-113-5b7fc052c900f__605-545x748.jpg 545w\" sizes=\"(max-width: 605px) 100vw, 605px\" \/>\t\t\t\t\t\t\t\t\t\t\t<figcaption class=\"zf-figcaption\">\r\n\t\t\t\t\t\t\t\t\t\t\t\t\t\t\t\t\t\t\t\t\t\t\t\t<cite>        <a class=\"zf-media_credit\" target=\"_blank\" href=\"https:\/\/liked.hu\/old\/kimeno.php?https:\/\/old.reddit.com\/r\/pics\/comments\/3quydn\/im_66_and_i_like_to_blow_coworkers_minds_for\/\" rel=\"nofollow noopener\">reddit<\/a>\r\n        <\/cite>\r\n\r\n\t\t\t\t\t\t\t\t\t\t\t\t\t\t\t\t\t\t\t\t\t\t\t<\/figcaption>\r\n\t\t\t\t\t\t\t\t\t\t\t\t\t\t\t\t\t\t\t<\/div>\r\n\t\t\t\t\t\t\t\t\t<hr \/>\r\n\t\t\t\t\t\t\t\t<\/figure>\r\n\t\t\t\t\t\t\t\t\t\t\t\t\t\t<\/li>\r\n\t\t\t\t\t\t\t\t\t\t\t\t<li class=\"zf-list_item\">\r\n\t\t\t\t\t\t\t<div class=\"zf-list_header\">\r\n\t\t\t\t\t\t\t\t<h3 id=\"listaelem19\" class=\"zf-list_title\">\r\n\t\t\t\t\t\t\t\t\t<span class=\"zf-number\">19<\/span>\r\n\t\t\t\t\t\t\t\t\t,,Az \u00faj munkat\u00e1rsam nem az a bar\u00e1tkoz\u00f3 t\u00edpus.\"\t\t\t\t\t\t\t\t<\/h3>\r\n\t\t\t\t\t\t\t<\/div>\r\n\t\t\t\t\t\t\t\t\t\t\t\t\t\t\t<figure class=\"zf-list_media zf-media-wrapper zf-image zf-type-image\">\r\n\t\t\t\t\t\t\t\t\t<div title=\",,Az \u00faj munkat\u00e1rsam nem az a bar\u00e1tkoz\u00f3 t\u00edpus.&quot;\" alt=\",,Az \u00faj munkat\u00e1rsam nem az a bar\u00e1tkoz\u00f3 t\u00edpus.&quot;\" class=\"zf-media\">\r\n\t\t\t\t\t\t\t\t\t\t<img width=\"605\" height=\"848\" src=\"https:\/\/liked.hu\/old\/wp-content\/uploads\/2018\/09\/3-nap-telt-el-anelkul-hogy-megoltem-volna-valakit-amiert-hulyeseget-kerdezett.jpg\" class=\"\" alt=\"\" loading=\"lazy\" style=\"\" srcset=\"https:\/\/liked.hu\/old\/wp-content\/uploads\/2018\/09\/3-nap-telt-el-anelkul-hogy-megoltem-volna-valakit-amiert-hulyeseget-kerdezett.jpg 605w, https:\/\/liked.hu\/old\/wp-content\/uploads\/2018\/09\/3-nap-telt-el-anelkul-hogy-megoltem-volna-valakit-amiert-hulyeseget-kerdezett-214x300.jpg 214w, https:\/\/liked.hu\/old\/wp-content\/uploads\/2018\/09\/3-nap-telt-el-anelkul-hogy-megoltem-volna-valakit-amiert-hulyeseget-kerdezett-360x505.jpg 360w, https:\/\/liked.hu\/old\/wp-content\/uploads\/2018\/09\/3-nap-telt-el-anelkul-hogy-megoltem-volna-valakit-amiert-hulyeseget-kerdezett-545x764.jpg 545w\" sizes=\"(max-width: 605px) 100vw, 605px\" \/>\t\t\t\t\t\t\t\t\t\t\t<figcaption class=\"zf-figcaption\">\r\n\t\t\t\t\t\t\t\t\t\t\t\t\t\t\t\t\t\t\t\t\t\t\t\t<cite><\/cite>\r\n\r\n\t\t\t\t\t\t\t\t\t\t\t\t\t\t\t\t\t\t\t\t\t\t\t<\/figcaption>\r\n\t\t\t\t\t\t\t\t\t\t\t\t\t\t\t\t\t\t\t<\/div>\r\n\t\t\t\t\t\t\t\t\t<hr \/>\r\n\t\t\t\t\t\t\t\t<\/figure>\r\n\t\t\t\t\t\t\t\t\t\t\t\t\t\t<\/li>\r\n\t\t\t\t\t\t\t\t\t\t\t\t<li class=\"zf-list_item\">\r\n\t\t\t\t\t\t\t<div class=\"zf-list_header\">\r\n\t\t\t\t\t\t\t\t<h3 id=\"listaelem20\" class=\"zf-list_title\">\r\n\t\t\t\t\t\t\t\t\t<span class=\"zf-number\">20<\/span>\r\n\t\t\t\t\t\t\t\t\t,,Meghallottam, ahogy a koll\u00e9g\u00e1m m\u00e9rgel\u0151dik: ,,pocs\u00e9k v\u00e9telt csin\u00e1ltam ezzel a segwayyel!\". Megfordultam, \u00e9s ez a l\u00e1tv\u00e1ny fogadott...\"\t\t\t\t\t\t\t\t<\/h3>\r\n\t\t\t\t\t\t\t<\/div>\r\n\t\t\t\t\t\t\t\t\t\t\t\t\t\t\t<figure class=\"zf-list_media zf-media-wrapper zf-image zf-type-image\">\r\n\t\t\t\t\t\t\t\t\t<div title=\",,Meghallottam, ahogy a koll\u00e9g\u00e1m m\u00e9rgel\u0151dik: ,,pocs\u00e9k v\u00e9telt csin\u00e1ltam ezzel a segwayyel!&quot;. Megfordultam, \u00e9s ez a l\u00e1tv\u00e1ny fogadott...&quot;\" alt=\",,Meghallottam, ahogy a koll\u00e9g\u00e1m m\u00e9rgel\u0151dik: ,,pocs\u00e9k v\u00e9telt csin\u00e1ltam ezzel a segwayyel!&quot;. Megfordultam, \u00e9s ez a l\u00e1tv\u00e1ny fogadott...&quot;\" class=\"zf-media\">\r\n\t\t\t\t\t\t\t\t\t\t<img width=\"605\" height=\"812\" src=\"https:\/\/liked.hu\/old\/wp-content\/uploads\/2018\/09\/funny-coworkers-50-5b7ea62e1e9eb__605.jpg\" class=\"\" alt=\"\" loading=\"lazy\" style=\"\" srcset=\"https:\/\/liked.hu\/old\/wp-content\/uploads\/2018\/09\/funny-coworkers-50-5b7ea62e1e9eb__605.jpg 605w, https:\/\/liked.hu\/old\/wp-content\/uploads\/2018\/09\/funny-coworkers-50-5b7ea62e1e9eb__605-224x300.jpg 224w, https:\/\/liked.hu\/old\/wp-content\/uploads\/2018\/09\/funny-coworkers-50-5b7ea62e1e9eb__605-360x483.jpg 360w, https:\/\/liked.hu\/old\/wp-content\/uploads\/2018\/09\/funny-coworkers-50-5b7ea62e1e9eb__605-545x731.jpg 545w\" sizes=\"(max-width: 605px) 100vw, 605px\" \/>\t\t\t\t\t\t\t\t\t\t\t<figcaption class=\"zf-figcaption\">\r\n\t\t\t\t\t\t\t\t\t\t\t\t\t\t\t\t\t\t\t\t\t\t\t\t<cite>        <a class=\"zf-media_credit\" target=\"_blank\" href=\"https:\/\/liked.hu\/old\/kimeno.php?https:\/\/www.reddit.com\/r\/funny\/comments\/2orxa9\/i_heard_a_coworker_say_this_segway_is_terrible_i\/\" rel=\"nofollow noopener\">reddit<\/a>\r\n        <\/cite>\r\n\r\n\t\t\t\t\t\t\t\t\t\t\t\t\t\t\t\t\t\t\t\t\t\t\t<\/figcaption>\r\n\t\t\t\t\t\t\t\t\t\t\t\t\t\t\t\t\t\t\t<\/div>\r\n\t\t\t\t\t\t\t\t\t<hr \/>\r\n\t\t\t\t\t\t\t\t<\/figure>\r\n\t\t\t\t\t\t\t\t\t\t\t\t\t\t<\/li>\r\n\t\t\t\t\t\t\t\t\t\t\t\t<li class=\"zf-list_item\">\r\n\t\t\t\t\t\t\t<div class=\"zf-list_header\">\r\n\t\t\t\t\t\t\t\t<h3 id=\"listaelem21\" class=\"zf-list_title\">\r\n\t\t\t\t\t\t\t\t\t<span class=\"zf-number\">21<\/span>\r\n\t\t\t\t\t\t\t\t\t,,Folyton elmegy az internet, ami egy online kereskedelemmel foglalkoz\u00f3 c\u00e9g eset\u00e9ben el\u00e9g zavar\u00f3 tud lenni. Mivel a f\u0151n\u00f6ks\u00e9g minden k\u00e9r\u00e9s\u00fcnk ellen\u00e9re sem volt hajland\u00f3 megn\u00e9zetni valakivel, hogy mi lehet a baj, ez\u00e9rt drasztikusabb megold\u00e1st v\u00e1lasztottunk, \u00e9s ezt tett\u00fck a Wi-Fi router mell\u00e9, h\u00e1tha \u00e9szbe kap a f\u0151n\u00f6ks\u00e9g...\"\t\t\t\t\t\t\t\t<\/h3>\r\n\t\t\t\t\t\t\t<\/div>\r\n\t\t\t\t\t\t\t\t\t\t\t\t\t\t\t<figure class=\"zf-list_media zf-media-wrapper zf-image zf-type-image\">\r\n\t\t\t\t\t\t\t\t\t<div title=\",,Folyton elmegy az internet, ami egy online kereskedelemmel foglalkoz\u00f3 c\u00e9g eset\u00e9ben el\u00e9g zavar\u00f3 tud lenni. Mivel a f\u0151n\u00f6ks\u00e9g minden k\u00e9r\u00e9s\u00fcnk ellen\u00e9re sem volt hajland\u00f3 megn\u00e9zetni valakivel, hogy mi lehet a baj, ez\u00e9rt drasztikusabb megold\u00e1st v\u00e1lasztottunk, \u00e9s ezt tett\u00fck a Wi-Fi router mell\u00e9, h\u00e1tha \u00e9szbe kap a f\u0151n\u00f6ks\u00e9g...&quot;\" alt=\",,Folyton elmegy az internet, ami egy online kereskedelemmel foglalkoz\u00f3 c\u00e9g eset\u00e9ben el\u00e9g zavar\u00f3 tud lenni. Mivel a f\u0151n\u00f6ks\u00e9g minden k\u00e9r\u00e9s\u00fcnk ellen\u00e9re sem volt hajland\u00f3 megn\u00e9zetni valakivel, hogy mi lehet a baj, ez\u00e9rt drasztikusabb megold\u00e1st v\u00e1lasztottunk, \u00e9s ezt tett\u00fck a Wi-Fi router mell\u00e9, h\u00e1tha \u00e9szbe kap a f\u0151n\u00f6ks\u00e9g...&quot;\" class=\"zf-media\">\r\n\t\t\t\t\t\t\t\t\t\t<img width=\"605\" height=\"441\" src=\"https:\/\/liked.hu\/old\/wp-content\/uploads\/2018\/09\/WiFi-ujraindito-kalapacs.jpg\" class=\"\" alt=\"\" loading=\"lazy\" style=\"\" srcset=\"https:\/\/liked.hu\/old\/wp-content\/uploads\/2018\/09\/WiFi-ujraindito-kalapacs.jpg 605w, https:\/\/liked.hu\/old\/wp-content\/uploads\/2018\/09\/WiFi-ujraindito-kalapacs-300x219.jpg 300w, https:\/\/liked.hu\/old\/wp-content\/uploads\/2018\/09\/WiFi-ujraindito-kalapacs-360x262.jpg 360w, https:\/\/liked.hu\/old\/wp-content\/uploads\/2018\/09\/WiFi-ujraindito-kalapacs-545x397.jpg 545w\" sizes=\"(max-width: 605px) 100vw, 605px\" \/>\t\t\t\t\t\t\t\t\t\t\t<figcaption class=\"zf-figcaption\">\r\n\t\t\t\t\t\t\t\t\t\t\t\t\t\t\t\t\t\t\t\t\t\t\t\t<cite><\/cite>\r\n\r\n\t\t\t\t\t\t\t\t\t\t\t\t\t\t\t\t\t\t\t\t\t\t\t<\/figcaption>\r\n\t\t\t\t\t\t\t\t\t\t\t\t\t\t\t\t\t\t\t<\/div>\r\n\t\t\t\t\t\t\t\t\t<hr \/>\r\n\t\t\t\t\t\t\t\t<\/figure>\r\n\t\t\t\t\t\t\t\t\t\t\t\t\t\t<\/li>\r\n\t\t\t\t\t\t\t\t\t<\/ol>\r\n\t\t<\/div>\r\n\t<\/div>\r\n\r\n\t<\/div>\n","protected":false},"excerpt":{"rendered":"<p>A munkahelyi \u00e9let \u00e1ltal\u00e1ban mindannyiunkat megvisel, ez\u00e9rt nem is csoda, hogy olykor a lehet\u0151 legv\u00e1ltozatosabb m\u00f3dszerekkel igyeksz\u00fcnk feldobni a f\u00e1sult munkahelyi l\u00e9gk\u00f6rt. Az al\u00e1bbi emberek eg\u00e9szen biztosan koron\u00e1t \u00e9rdemeln\u00e9nek a fej\u00fckre az ez \u00fcgyben tett er\u0151fesz\u00edt\u00e9seik\u00e9rt, hiszen ahogy a most k\u00f6vetkez\u0151 k\u00e9pek is remek\u00fcl mutatj\u00e1k, mellett\u00fck t\u00e9nyleg \u00e9lm\u00e9ny \u00e9s v\u00e9get nem \u00e9r\u0151 nevet\u00e9s a munka.<\/p>\n","protected":false},"author":1,"featured_media":109081,"comment_status":"open","ping_status":"closed","sticky":false,"template":"","format":"standard","meta":{"buzzeditor_post_format":""},"categories":[9578,42],"tags":[1204,3828,1801,5472,5471,1975,2222,2444,2800],"yoast_head":"<!-- This site is optimized with the Yoast SEO plugin v19.6.1 - https:\/\/yoast.com\/wordpress\/plugins\/seo\/ -->\n<title>21 \u0151r\u00fclt koll\u00e9ga, aki mellett v\u00e9get nem \u00e9r\u0151 nevet\u00e9s a munka<\/title>\n<meta name=\"description\" content=\"A munkahelyi \u00e9let \u00e1ltal\u00e1ban mindannyiunkat megvisel, ez\u00e9rt nem is csoda, hogy olykor a lehet\u0151 legv\u00e1ltozatosabb m\u00f3dszerekkel igyeksz\u00fcnk feldobni a f\u00e1sult\" \/>\n<meta name=\"robots\" content=\"index, follow, max-snippet:-1, max-image-preview:large, max-video-preview:-1\" \/>\n<link rel=\"canonical\" href=\"https:\/\/liked.hu\/old\/vicces\/21-orult-kollega-aki-mellett-veget-nem-ero-nevetes-a-munka\/\" \/>\n<link rel=\"next\" href=\"https:\/\/liked.hu\/old\/vicces\/21-orult-kollega-aki-mellett-veget-nem-ero-nevetes-a-munka\/2\/\" \/>\n<meta property=\"og:locale\" content=\"hu_HU\" \/>\n<meta property=\"og:type\" content=\"article\" \/>\n<meta property=\"og:title\" content=\"21 \u0151r\u00fclt koll\u00e9ga, aki mellett v\u00e9get nem \u00e9r\u0151 nevet\u00e9s a munka\" \/>\n<meta property=\"og:description\" content=\"A munkahelyi \u00e9let \u00e1ltal\u00e1ban mindannyiunkat megvisel, ez\u00e9rt nem is csoda, hogy olykor a lehet\u0151 legv\u00e1ltozatosabb m\u00f3dszerekkel igyeksz\u00fcnk feldobni a f\u00e1sult\" \/>\n<meta property=\"og:url\" content=\"https:\/\/liked.hu\/old\/vicces\/21-orult-kollega-aki-mellett-veget-nem-ero-nevetes-a-munka\/\" \/>\n<meta property=\"og:site_name\" content=\"Liked.hu\" \/>\n<meta property=\"article:publisher\" content=\"https:\/\/www.facebook.com\/liked.hu\" \/>\n<meta property=\"article:author\" content=\"https:\/\/facebook.com\/liked.hu\" \/>\n<meta property=\"article:published_time\" content=\"2018-09-08T13:51:12+00:00\" \/>\n<meta property=\"article:modified_time\" content=\"2022-09-05T15:46:02+00:00\" \/>\n<meta property=\"og:image\" content=\"https:\/\/liked.hu\/old\/wp-content\/uploads\/2018\/09\/Orult-munkatarsak-Facebook.jpg\" \/>\n\t<meta property=\"og:image:width\" content=\"1200\" \/>\n\t<meta property=\"og:image:height\" content=\"630\" \/>\n\t<meta property=\"og:image:type\" content=\"image\/jpeg\" \/>\n<meta name=\"author\" content=\"VictorN.\" \/>\n<meta name=\"twitter:card\" content=\"summary\" \/>\n<meta name=\"twitter:creator\" content=\"@https:\/\/twitter.com\/likedhu\" \/>\n<meta name=\"twitter:site\" content=\"@LikedHu\" \/>\n<meta name=\"twitter:label1\" content=\"Szerz\u0151:\" \/>\n\t<meta name=\"twitter:data1\" content=\"VictorN.\" \/>\n\t<meta name=\"twitter:label2\" content=\"Becs\u00fclt olvas\u00e1si id\u0151\" \/>\n\t<meta name=\"twitter:data2\" content=\"1 perc\" \/>\n<script type=\"application\/ld+json\" class=\"yoast-schema-graph\">{\"@context\":\"https:\/\/schema.org\",\"@graph\":[{\"@type\":\"Article\",\"@id\":\"https:\/\/liked.hu\/old\/vicces\/21-orult-kollega-aki-mellett-veget-nem-ero-nevetes-a-munka\/#article\",\"isPartOf\":{\"@id\":\"https:\/\/liked.hu\/old\/vicces\/21-orult-kollega-aki-mellett-veget-nem-ero-nevetes-a-munka\/\"},\"author\":{\"name\":\"VictorN.\",\"@id\":\"https:\/\/liked.hu\/old\/#\/schema\/person\/02fa522b959d0531c9c34b0d531a7464\"},\"headline\":\"21 \u0151r\u00fclt koll\u00e9ga, aki mellett v\u00e9get nem \u00e9r\u0151 nevet\u00e9s a munka\",\"datePublished\":\"2018-09-08T13:51:12+00:00\",\"dateModified\":\"2022-09-05T15:46:02+00:00\",\"mainEntityOfPage\":{\"@id\":\"https:\/\/liked.hu\/old\/vicces\/21-orult-kollega-aki-mellett-veget-nem-ero-nevetes-a-munka\/\"},\"wordCount\":119,\"commentCount\":1,\"publisher\":{\"@id\":\"https:\/\/liked.hu\/old\/#organization\"},\"keywords\":[\"iroda\",\"kunsztok\",\"munkahely\",\"munkahelyi \u00e9let\",\"munkat\u00e1rsak\",\"\u0151r\u00fclt\",\"r\u00f6hejes\",\"sz\u00edvat\u00e1s\",\"vicces\"],\"articleSection\":[\"Interneten tal\u00e1lt dolgok\",\"Vicces\"],\"inLanguage\":\"hu\",\"potentialAction\":[{\"@type\":\"CommentAction\",\"name\":\"Comment\",\"target\":[\"https:\/\/liked.hu\/old\/vicces\/21-orult-kollega-aki-mellett-veget-nem-ero-nevetes-a-munka\/#respond\"]}]},{\"@type\":\"WebPage\",\"@id\":\"https:\/\/liked.hu\/old\/vicces\/21-orult-kollega-aki-mellett-veget-nem-ero-nevetes-a-munka\/\",\"url\":\"https:\/\/liked.hu\/old\/vicces\/21-orult-kollega-aki-mellett-veget-nem-ero-nevetes-a-munka\/\",\"name\":\"21 \u0151r\u00fclt koll\u00e9ga, aki mellett v\u00e9get nem \u00e9r\u0151 nevet\u00e9s a munka\",\"isPartOf\":{\"@id\":\"https:\/\/liked.hu\/old\/#website\"},\"datePublished\":\"2018-09-08T13:51:12+00:00\",\"dateModified\":\"2022-09-05T15:46:02+00:00\",\"description\":\"A munkahelyi \u00e9let \u00e1ltal\u00e1ban mindannyiunkat megvisel, ez\u00e9rt nem is csoda, hogy olykor a lehet\u0151 legv\u00e1ltozatosabb m\u00f3dszerekkel igyeksz\u00fcnk feldobni a f\u00e1sult\",\"breadcrumb\":{\"@id\":\"https:\/\/liked.hu\/old\/vicces\/21-orult-kollega-aki-mellett-veget-nem-ero-nevetes-a-munka\/#breadcrumb\"},\"inLanguage\":\"hu\",\"potentialAction\":[{\"@type\":\"ReadAction\",\"target\":[\"https:\/\/liked.hu\/old\/vicces\/21-orult-kollega-aki-mellett-veget-nem-ero-nevetes-a-munka\/\"]}]},{\"@type\":\"BreadcrumbList\",\"@id\":\"https:\/\/liked.hu\/old\/vicces\/21-orult-kollega-aki-mellett-veget-nem-ero-nevetes-a-munka\/#breadcrumb\",\"itemListElement\":[{\"@type\":\"ListItem\",\"position\":1,\"name\":\"Kezd\u0151lap\"}]},{\"@type\":\"WebSite\",\"@id\":\"https:\/\/liked.hu\/old\/#website\",\"url\":\"https:\/\/liked.hu\/old\/\",\"name\":\"Liked.hu\",\"description\":\"\",\"publisher\":{\"@id\":\"https:\/\/liked.hu\/old\/#organization\"},\"potentialAction\":[{\"@type\":\"SearchAction\",\"target\":{\"@type\":\"EntryPoint\",\"urlTemplate\":\"https:\/\/liked.hu\/old\/?s={search_term_string}\"},\"query-input\":\"required name=search_term_string\"}],\"inLanguage\":\"hu\"},{\"@type\":\"Organization\",\"@id\":\"https:\/\/liked.hu\/old\/#organization\",\"name\":\"Liked.hu\",\"url\":\"https:\/\/liked.hu\/old\/\",\"sameAs\":[\"https:\/\/hu.pinterest.com\/likedhungary\/\",\"https:\/\/www.youtube.com\/channel\/UCPv91dbMoIukYcM9b9nHN6Q\",\"https:\/\/www.facebook.com\/liked.hu\",\"https:\/\/twitter.com\/LikedHu\"],\"logo\":{\"@type\":\"ImageObject\",\"inLanguage\":\"hu\",\"@id\":\"https:\/\/liked.hu\/old\/#\/schema\/logo\/image\/\",\"url\":\"https:\/\/liked.hu\/wp-content\/uploads\/2018\/08\/Liked-icon.png\",\"contentUrl\":\"https:\/\/liked.hu\/wp-content\/uploads\/2018\/08\/Liked-icon.png\",\"width\":512,\"height\":512,\"caption\":\"Liked.hu\"},\"image\":{\"@id\":\"https:\/\/liked.hu\/old\/#\/schema\/logo\/image\/\"}},{\"@type\":\"Person\",\"@id\":\"https:\/\/liked.hu\/old\/#\/schema\/person\/02fa522b959d0531c9c34b0d531a7464\",\"name\":\"VictorN.\",\"image\":{\"@type\":\"ImageObject\",\"inLanguage\":\"hu\",\"@id\":\"https:\/\/liked.hu\/old\/#\/schema\/person\/image\/\",\"url\":\"https:\/\/liked.hu\/old\/wp-content\/uploads\/avatars\/1\/1683660043-bpfull.jpg\",\"contentUrl\":\"https:\/\/liked.hu\/old\/wp-content\/uploads\/avatars\/1\/1683660043-bpfull.jpg\",\"caption\":\"VictorN.\"},\"description\":\"A Liked.hu szerkeszt\u0151je vagyok, m\u00e1r az id\u0151k kezdete \u00f3ta. Szabadid\u0151mben Jedi lovag \u00e9s Pok\u00e9mester. Puszilom \u00e9desany\u00e1mat.\",\"sameAs\":[\"https:\/\/liked.hu\",\"https:\/\/facebook.com\/liked.hu\",\"https:\/\/www.instagram.com\/likedhu\/\",\"https:\/\/pinterest.com\/likedhu\",\"https:\/\/twitter.com\/https:\/\/twitter.com\/likedhu\",\"https:\/\/www.youtube.com\/channel\/UCPv91dbMoIukYcM9b9nHN6Q\"],\"url\":\"https:\/\/liked.hu\/old\/u\/victorn\/\"}]}<\/script>\n<!-- \/ Yoast SEO plugin. -->","yoast_head_json":{"title":"21 \u0151r\u00fclt koll\u00e9ga, aki mellett v\u00e9get nem \u00e9r\u0151 nevet\u00e9s a munka","description":"A munkahelyi \u00e9let \u00e1ltal\u00e1ban mindannyiunkat megvisel, ez\u00e9rt nem is csoda, hogy olykor a lehet\u0151 legv\u00e1ltozatosabb m\u00f3dszerekkel igyeksz\u00fcnk feldobni a f\u00e1sult","robots":{"index":"index","follow":"follow","max-snippet":"max-snippet:-1","max-image-preview":"max-image-preview:large","max-video-preview":"max-video-preview:-1"},"canonical":"https:\/\/liked.hu\/old\/vicces\/21-orult-kollega-aki-mellett-veget-nem-ero-nevetes-a-munka\/","next":"https:\/\/liked.hu\/old\/vicces\/21-orult-kollega-aki-mellett-veget-nem-ero-nevetes-a-munka\/2\/","og_locale":"hu_HU","og_type":"article","og_title":"21 \u0151r\u00fclt koll\u00e9ga, aki mellett v\u00e9get nem \u00e9r\u0151 nevet\u00e9s a munka","og_description":"A munkahelyi \u00e9let \u00e1ltal\u00e1ban mindannyiunkat megvisel, ez\u00e9rt nem is csoda, hogy olykor a lehet\u0151 legv\u00e1ltozatosabb m\u00f3dszerekkel igyeksz\u00fcnk feldobni a f\u00e1sult","og_url":"https:\/\/liked.hu\/old\/vicces\/21-orult-kollega-aki-mellett-veget-nem-ero-nevetes-a-munka\/","og_site_name":"Liked.hu","article_publisher":"https:\/\/www.facebook.com\/liked.hu","article_author":"https:\/\/facebook.com\/liked.hu","article_published_time":"2018-09-08T13:51:12+00:00","article_modified_time":"2022-09-05T15:46:02+00:00","og_image":[{"width":1200,"height":630,"url":"https:\/\/liked.hu\/old\/wp-content\/uploads\/2018\/09\/Orult-munkatarsak-Facebook.jpg","type":"image\/jpeg"}],"author":"VictorN.","twitter_card":"summary","twitter_creator":"@https:\/\/twitter.com\/likedhu","twitter_site":"@LikedHu","twitter_misc":{"Szerz\u0151:":"VictorN.","Becs\u00fclt olvas\u00e1si id\u0151":"1 perc"},"schema":{"@context":"https:\/\/schema.org","@graph":[{"@type":"Article","@id":"https:\/\/liked.hu\/old\/vicces\/21-orult-kollega-aki-mellett-veget-nem-ero-nevetes-a-munka\/#article","isPartOf":{"@id":"https:\/\/liked.hu\/old\/vicces\/21-orult-kollega-aki-mellett-veget-nem-ero-nevetes-a-munka\/"},"author":{"name":"VictorN.","@id":"https:\/\/liked.hu\/old\/#\/schema\/person\/02fa522b959d0531c9c34b0d531a7464"},"headline":"21 \u0151r\u00fclt koll\u00e9ga, aki mellett v\u00e9get nem \u00e9r\u0151 nevet\u00e9s a munka","datePublished":"2018-09-08T13:51:12+00:00","dateModified":"2022-09-05T15:46:02+00:00","mainEntityOfPage":{"@id":"https:\/\/liked.hu\/old\/vicces\/21-orult-kollega-aki-mellett-veget-nem-ero-nevetes-a-munka\/"},"wordCount":119,"commentCount":1,"publisher":{"@id":"https:\/\/liked.hu\/old\/#organization"},"keywords":["iroda","kunsztok","munkahely","munkahelyi \u00e9let","munkat\u00e1rsak","\u0151r\u00fclt","r\u00f6hejes","sz\u00edvat\u00e1s","vicces"],"articleSection":["Interneten tal\u00e1lt dolgok","Vicces"],"inLanguage":"hu","potentialAction":[{"@type":"CommentAction","name":"Comment","target":["https:\/\/liked.hu\/old\/vicces\/21-orult-kollega-aki-mellett-veget-nem-ero-nevetes-a-munka\/#respond"]}]},{"@type":"WebPage","@id":"https:\/\/liked.hu\/old\/vicces\/21-orult-kollega-aki-mellett-veget-nem-ero-nevetes-a-munka\/","url":"https:\/\/liked.hu\/old\/vicces\/21-orult-kollega-aki-mellett-veget-nem-ero-nevetes-a-munka\/","name":"21 \u0151r\u00fclt koll\u00e9ga, aki mellett v\u00e9get nem \u00e9r\u0151 nevet\u00e9s a munka","isPartOf":{"@id":"https:\/\/liked.hu\/old\/#website"},"datePublished":"2018-09-08T13:51:12+00:00","dateModified":"2022-09-05T15:46:02+00:00","description":"A munkahelyi \u00e9let \u00e1ltal\u00e1ban mindannyiunkat megvisel, ez\u00e9rt nem is csoda, hogy olykor a lehet\u0151 legv\u00e1ltozatosabb m\u00f3dszerekkel igyeksz\u00fcnk feldobni a f\u00e1sult","breadcrumb":{"@id":"https:\/\/liked.hu\/old\/vicces\/21-orult-kollega-aki-mellett-veget-nem-ero-nevetes-a-munka\/#breadcrumb"},"inLanguage":"hu","potentialAction":[{"@type":"ReadAction","target":["https:\/\/liked.hu\/old\/vicces\/21-orult-kollega-aki-mellett-veget-nem-ero-nevetes-a-munka\/"]}]},{"@type":"BreadcrumbList","@id":"https:\/\/liked.hu\/old\/vicces\/21-orult-kollega-aki-mellett-veget-nem-ero-nevetes-a-munka\/#breadcrumb","itemListElement":[{"@type":"ListItem","position":1,"name":"Kezd\u0151lap"}]},{"@type":"WebSite","@id":"https:\/\/liked.hu\/old\/#website","url":"https:\/\/liked.hu\/old\/","name":"Liked.hu","description":"","publisher":{"@id":"https:\/\/liked.hu\/old\/#organization"},"potentialAction":[{"@type":"SearchAction","target":{"@type":"EntryPoint","urlTemplate":"https:\/\/liked.hu\/old\/?s={search_term_string}"},"query-input":"required name=search_term_string"}],"inLanguage":"hu"},{"@type":"Organization","@id":"https:\/\/liked.hu\/old\/#organization","name":"Liked.hu","url":"https:\/\/liked.hu\/old\/","sameAs":["https:\/\/hu.pinterest.com\/likedhungary\/","https:\/\/www.youtube.com\/channel\/UCPv91dbMoIukYcM9b9nHN6Q","https:\/\/www.facebook.com\/liked.hu","https:\/\/twitter.com\/LikedHu"],"logo":{"@type":"ImageObject","inLanguage":"hu","@id":"https:\/\/liked.hu\/old\/#\/schema\/logo\/image\/","url":"https:\/\/liked.hu\/wp-content\/uploads\/2018\/08\/Liked-icon.png","contentUrl":"https:\/\/liked.hu\/wp-content\/uploads\/2018\/08\/Liked-icon.png","width":512,"height":512,"caption":"Liked.hu"},"image":{"@id":"https:\/\/liked.hu\/old\/#\/schema\/logo\/image\/"}},{"@type":"Person","@id":"https:\/\/liked.hu\/old\/#\/schema\/person\/02fa522b959d0531c9c34b0d531a7464","name":"VictorN.","image":{"@type":"ImageObject","inLanguage":"hu","@id":"https:\/\/liked.hu\/old\/#\/schema\/person\/image\/","url":"https:\/\/liked.hu\/old\/wp-content\/uploads\/avatars\/1\/1683660043-bpfull.jpg","contentUrl":"https:\/\/liked.hu\/old\/wp-content\/uploads\/avatars\/1\/1683660043-bpfull.jpg","caption":"VictorN."},"description":"A Liked.hu szerkeszt\u0151je vagyok, m\u00e1r az id\u0151k kezdete \u00f3ta. Szabadid\u0151mben Jedi lovag \u00e9s Pok\u00e9mester. Puszilom \u00e9desany\u00e1mat.","sameAs":["https:\/\/liked.hu","https:\/\/facebook.com\/liked.hu","https:\/\/www.instagram.com\/likedhu\/","https:\/\/pinterest.com\/likedhu","https:\/\/twitter.com\/https:\/\/twitter.com\/likedhu","https:\/\/www.youtube.com\/channel\/UCPv91dbMoIukYcM9b9nHN6Q"],"url":"https:\/\/liked.hu\/old\/u\/victorn\/"}]}},"publishpress_future_action":{"enabled":false,"date":"1970-01-01 01:00:00","action":"","terms":[],"taxonomy":"","browser_timezone_offset":0},"_links":{"self":[{"href":"https:\/\/liked.hu\/old\/wp-json\/wp\/v2\/posts\/109080"}],"collection":[{"href":"https:\/\/liked.hu\/old\/wp-json\/wp\/v2\/posts"}],"about":[{"href":"https:\/\/liked.hu\/old\/wp-json\/wp\/v2\/types\/post"}],"author":[{"embeddable":true,"href":"https:\/\/liked.hu\/old\/wp-json\/wp\/v2\/users\/1"}],"replies":[{"embeddable":true,"href":"https:\/\/liked.hu\/old\/wp-json\/wp\/v2\/comments?post=109080"}],"version-history":[{"count":0,"href":"https:\/\/liked.hu\/old\/wp-json\/wp\/v2\/posts\/109080\/revisions"}],"wp:featuredmedia":[{"embeddable":true,"href":"https:\/\/liked.hu\/old\/wp-json\/wp\/v2\/media\/109081"}],"wp:attachment":[{"href":"https:\/\/liked.hu\/old\/wp-json\/wp\/v2\/media?parent=109080"}],"wp:term":[{"taxonomy":"category","embeddable":true,"href":"https:\/\/liked.hu\/old\/wp-json\/wp\/v2\/categories?post=109080"},{"taxonomy":"post_tag","embeddable":true,"href":"https:\/\/liked.hu\/old\/wp-json\/wp\/v2\/tags?post=109080"}],"curies":[{"name":"wp","href":"https:\/\/api.w.org\/{rel}","templated":true}]}}