{"id":100099,"date":"2023-11-26T21:25:00","date_gmt":"2023-11-26T20:25:00","guid":{"rendered":"https:\/\/liked.hu\/old\/?p=100099"},"modified":"2023-11-26T21:30:17","modified_gmt":"2023-11-26T20:30:17","slug":"12-hihetetlen-esemeny-ami-csak-egyszer-tortent-meg-az-idok-soran","status":"publish","type":"post","link":"https:\/\/liked.hu\/old\/erdekes\/12-hihetetlen-esemeny-ami-csak-egyszer-tortent-meg-az-idok-soran\/","title":{"rendered":"12 hihetetlen esem\u00e9ny, ami csak egyszer t\u00f6rt\u00e9nt meg az id\u0151k sor\u00e1n"},"content":{"rendered":"<p>Folyamatosan \u00e9rdemes egy t\u00e1g\u00edtani az ismereteinket, hiszen a vil\u00e1g olyan hatalmas, hogy \u00e1lland\u00f3an k\u00e9pes meglep\u0151, furcsa \u00e9s sok esetben egyenesen megmagyar\u00e1zhatatlan jelens\u00e9ggel \u00e9s esem\u00e9nnyel sz\u00f3rakoztatni.<\/p>\n\n<div style=\"float:none;margin:0px 0 0px 0;text-align:center;\">\n<div class=\"mobileShowkakettes\"><div class=\"mobileShowka2\"><div style=\"padding-top:0px;padding-bottom:15px;min-height: 300px;\"><div class=\"hirdetes\">HIRDET\u00c9S<\/div>\n<!-- 300lista -->\n<ins class=\"adsbygoogle\"\n     style=\"display:inline-block;width:300px;height:250px\"\n     data-ad-client=\"ca-pub-9424088931673893\"\n     data-ad-slot=\"8471340766\"><\/ins>\n<script async>\n     (adsbygoogle = window.adsbygoogle || []).push({});\n<\/script><\/div><\/div><\/div><\/div>\n\n<p>Az al\u00e1bbi list\u00e1n ilyen 12 roppant \u00e9rdekes esem\u00e9nyt gy\u0171jt\u00f6tt\u00fcnk \u00f6ssze a m\u00faltb\u00f3l, melyek olyan elk\u00e9peszt\u0151ek, hogy nagy val\u00f3sz\u00edn\u0171s\u00e9ggel sosem fognak m\u00e9g egyszer \u2013 \u00edgy, ebben a form\u00e1ban \u2013 megism\u00e9tl\u0151dni.<\/p>\n<div id=\"zombify-main-section-front\" class=\"zombify-main-section-front zombify-screen zf-media-full zf-screen-sm\">\n<div class=\"zf-container\">\n<div id=\"zf-countdown\" class=\"zf-countdown zf-list zf-numbered\">\n<ol class=\"zf-structure-list\">\n<li style=\"list-style-type: none;\">\n<ol class=\"zf-structure-list\">\n<li class=\"zf-list_item\">\n<div class=\"zf-list_header\">\n<h3 id=\"12\" class=\"zf-list_title\"><span class=\"zf-number\">12<\/span>&nbsp;Timothy Brown kigy\u00f3gyul az AIDS-b\u0151l.<\/h3>\n<\/div>\n<figure class=\"zf-list_media zf-media-wrapper zf-image zf-type-image\">\n<div class=\"zf-media\" title=\"Timothy Brown kigy\u00f3gyul az AIDS-b\u0151l.\">\n<div class=\"zf-media\" title=\"Timothy Brown kigy\u00f3gyul az AIDS-b\u0151l.\">\n<div class=\"bb-media-placeholder\"><img loading=\"lazy\" class=\"\" src=\"https:\/\/liked.hu\/old\/wp-content\/uploads\/2018\/04\/14420465-articles-3886710-7de1252557082b927e1eb7b8190749cc-1522241049-650-397e1e51ee-1523017181.jpg\" sizes=\"(max-width: 650px) 100vw, 650px\" srcset=\"https:\/\/liked.hu\/old\/wp-content\/uploads\/2018\/04\/14420465-articles-3886710-7de1252557082b927e1eb7b8190749cc-1522241049-650-397e1e51ee-1523017181.jpg 650w, https:\/\/liked.hu\/old\/wp-content\/uploads\/2018\/04\/14420465-articles-3886710-7de1252557082b927e1eb7b8190749cc-1522241049-650-397e1e51ee-1523017181-300x212.jpg 300w, https:\/\/liked.hu\/old\/wp-content\/uploads\/2018\/04\/14420465-articles-3886710-7de1252557082b927e1eb7b8190749cc-1522241049-650-397e1e51ee-1523017181-545x386.jpg 545w\" alt=\"\" width=\"650\" height=\"460\"><\/div>\n<\/div>\n<\/div><figcaption class=\"zf-figcaption\"><cite><a class=\"zf-media_credit\" href=\"https:\/\/liked.hu\/old\/kimeno.php?https:\/\/en.wikipedia.org\/wiki\/Timothy_Ray_Brown\" target=\"_blank\" rel=\"nofollow noopener\">wikipedia<\/a><\/cite><\/figcaption><\/figure>\n<div class=\"zf-countdown_description\">\n<p>Az amerikai Timothy Ray Brown, egy HIV-pozit\u00edv amerikai, aki meggy\u00f3gyult egy speci\u00e1lis t\u00edpus\u00fa csontvel\u0151 \u00e1t\u00fcltet\u00e9s\u00e9t\u0151l, a \u201eberlini betegk\u00e9nt\u201d emlegetett f\u00e9rfi szimb\u00f3lumm\u00e1 v\u00e1lt, annak szimb\u00f3lum\u00e1v\u00e1, ami a kutat\u00f3k rem\u00e9nye szerint az AIDS pand\u00e9mia k\u00f6vetkez\u0151 f\u00e1zisa lesz: a betegs\u00e9g v\u00e9g\u00e9\u00e9.<\/p>\n<\/div>\n<\/li>\n<li class=\"zf-list_item\">\n<div class=\"zf-list_header\">\n<h3 id=\"11\" class=\"zf-list_title\"><span class=\"zf-number\">11<\/span>&nbsp;A Niagara-v\u00edzes\u00e9s ,,elz\u00e1r\u00e1sa&#8221;.<\/h3>\n<\/div>\n<figure class=\"zf-list_media zf-media-wrapper zf-image zf-type-image\">\n<div class=\"zf-media\" title=\"A Niagara-v\u00edzes\u00e9s ,,elz\u00e1r\u00e1sa&quot;.\">\n<div class=\"zf-media\" title=\"A Niagara-v\u00edzes\u00e9s ,,elz\u00e1r\u00e1sa&quot;.\">\n<div class=\"bb-media-placeholder\"><img loading=\"lazy\" class=\"\" src=\"https:\/\/liked.hu\/old\/wp-content\/uploads\/2018\/04\/14420865-39220560-34-0-1522496893-1522496950-720-1-1522496950-650-e8cc2a5760-1523017181.jpg\" sizes=\"(max-width: 650px) 100vw, 650px\" srcset=\"https:\/\/liked.hu\/old\/wp-content\/uploads\/2018\/04\/14420865-39220560-34-0-1522496893-1522496950-720-1-1522496950-650-e8cc2a5760-1523017181.jpg 650w, https:\/\/liked.hu\/old\/wp-content\/uploads\/2018\/04\/14420865-39220560-34-0-1522496893-1522496950-720-1-1522496950-650-e8cc2a5760-1523017181-232x300.jpg 232w, https:\/\/liked.hu\/old\/wp-content\/uploads\/2018\/04\/14420865-39220560-34-0-1522496893-1522496950-720-1-1522496950-650-e8cc2a5760-1523017181-545x704.jpg 545w\" alt=\"\" width=\"650\" height=\"840\"><\/div>\n<\/div>\n<\/div><figcaption class=\"zf-figcaption\"><cite><a class=\"zf-media_credit\" href=\"https:\/\/liked.hu\/old\/kimeno.php?https:\/\/commons.wikimedia.org\/wiki\/File:Dryniagara.jpg?uselang=ru\" target=\"_blank\" rel=\"nofollow noopener\">wikimedia<\/a><\/cite><\/figcaption><\/figure>\n<div class=\"zf-countdown_description\">\n<p>1969 \u0151sz\u00e9n \u00e9s tel\u00e9n, k\u00f6zel f\u00e9l \u00e9ven kereszt\u00fcl v\u00edz n\u00e9lk\u00fcl maradt a Niagara-v\u00edzes\u00e9s, mert az amerikai hadsereg m\u00e9rn\u00f6kei \u201celz\u00e1rt\u00e1k\u201d a vizet, \u00edgy a hatalmas zuhatag ut\u00e1np\u00f3tl\u00e1s n\u00e9lk\u00fcl maradt. Az ideiglenes elterel\u00e9sre a foly\u00f3meder vizsg\u00e1lata, a sziklafal struktur\u00e1lis vizsg\u00e1lata miatt volt sz\u00fcks\u00e9g. A foly\u00f3 elterel\u00e9se ut\u00e1n r\u00e9szletesen felm\u00e9rt\u00e9k a sziklafalat, \u00e9s meg\u00e1llap\u00edtott\u00e1k, hogy ott az er\u00f3zi\u00f3 nagyon komoly k\u00e1rokat okozott \u00e9s okozhat a j\u00f6v\u0151ben is. Eredetileg a lehullott sziklat\u00f6rmel\u00e9ket is el akart\u00e1k volna hordani, de ut\u00f3bb lemondtak r\u00f3la, mert nagyon sokba ker\u00fclt volna. A hihetetlen\u00fcl ritka esem\u00e9ny term\u00e9szetesen m\u00e9g t\u00f6bb turist\u00e1t vonzott, mint eddig b\u00e1rmikor.<\/p>\n\n<div style=\"float:none;margin:0px 0 0px 0;text-align:center;\">\n<div class=\"mobileHideke5\"><div style=\"margin-top:25px;\"><div class=\"hirdeteshatter\"><div style=\"display: inline-block;width: 50%;min-width:305px;vertical-align: top;\"><div class=\"hirdetes\">HIRDET\u00c9S<\/div>\n<!-- LikedQ51 -->\n<ins class=\"adsbygoogle\"\n     style=\"display:inline-block;width:300px;height:250px\"\n     data-ad-client=\"ca-pub-9424088931673893\"\n     data-ad-slot=\"8284063326\"><\/ins>\n<script async>\n     (adsbygoogle = window.adsbygoogle || []).push({});\n<\/script><\/div><div style=\"display: inline-block;width: 50%;min-width:305px;vertical-align: top;\"><div class=\"hirdetes\">HIRDET\u00c9S<\/div>\n<!-- LikedQ52 -->\n<ins class=\"adsbygoogle\"\n     style=\"display:inline-block;width:300px;height:250px\"\n     data-ad-client=\"ca-pub-9424088931673893\"\n     data-ad-slot=\"2840164950\"><\/ins>\n<script async>\n     (adsbygoogle = window.adsbygoogle || []).push({});\n<\/script><\/div><\/div><\/div><\/div>\n<div style=\"display:flex;flex-direction:column;\"><div class=\"mobileShowka5\"><div style=\"padding-top:10px;padding-bottom:10px;min-height: 300px;\"><div class=\"hirdetes\">HIRDET\u00c9S<\/div>\n<!-- LikedQ5M -->\n<ins class=\"adsbygoogle\"\n     style=\"display:inline-block;width:300px;height:250px\"\n     data-ad-client=\"ca-pub-9424088931673893\"\n     data-ad-slot=\"9022429928\"><\/ins>\n<script async>\n     (adsbygoogle = window.adsbygoogle || []).push({});\n<\/script><\/div><\/div><\/div><\/div>\n\n<\/div>\n<\/li>\n<li class=\"zf-list_item\">\n<div class=\"zf-list_header\">\n<h3 id=\"10\" class=\"zf-list_title\"><span class=\"zf-number\">10<\/span>&nbsp;A tanganyikai (ma Tanz\u00e1nia) nevet\u0151j\u00e1rv\u00e1ny.<\/h3>\n<\/div>\n<figure class=\"zf-list_media zf-media-wrapper zf-image zf-type-image\">\n<div class=\"zf-media\" title=\"A tanganyikai (ma Tanz\u00e1nia) nevet\u0151j\u00e1rv\u00e1ny.\">\n<div class=\"zf-media\" title=\"A tanganyikai (ma Tanz\u00e1nia) nevet\u0151j\u00e1rv\u00e1ny.\">\n<div class=\"bb-media-placeholder\"><img loading=\"lazy\" class=\"\" src=\"https:\/\/liked.hu\/old\/wp-content\/uploads\/2020\/10\/Nevetojarvany.jpg\" sizes=\"(max-width: 707px) 100vw, 707px\" srcset=\"https:\/\/liked.hu\/old\/wp-content\/uploads\/2020\/10\/Nevetojarvany.jpg 707w, https:\/\/liked.hu\/old\/wp-content\/uploads\/2020\/10\/Nevetojarvany-300x184.jpg 300w, https:\/\/liked.hu\/old\/wp-content\/uploads\/2020\/10\/Nevetojarvany-500x306.jpg 500w, https:\/\/liked.hu\/old\/wp-content\/uploads\/2020\/10\/Nevetojarvany-360x220.jpg 360w\" alt=\"Nevetojarvany\" width=\"707\" height=\"433\"><\/div>\n<\/div>\n<\/div><figcaption class=\"zf-figcaption\"><cite><\/cite><\/figcaption><\/figure>\n<div class=\"zf-countdown_description\">\n<p>Az eg\u00e9sz janu\u00e1r 30-\u00e1n kezd\u0151d\u00f6tt a kashasai le\u00e1nyiskol\u00e1ban; a kis falu a mai Tanz\u00e1nia ter\u00fclet\u00e9n, a Vikt\u00f3ria-t\u00f3 partj\u00e1n fekszik. A nevet\u0151g\u00f6rcs el\u0151sz\u00f6r h\u00e1rom l\u00e1nyon t\u00f6rt ki, de vill\u00e1mgyorsan elterjedt; a feljegyz\u00e9sek szerint legal\u00e1bb 95, de legfeljebb 159, 12-18 \u00e9v k\u00f6zti di\u00e1kot \u00e9rintett. Akik elkapt\u00e1k a nevet\u0151g\u00f6rcs\u00f6t, ak\u00e1r \u00f3r\u00e1kon \u00e1t is folyamatosan nevettek; a rekorder 16 napon \u00e1t nem tudta abbahagyni a r\u00f6h\u00f6g\u00e9st.<\/p>\n<p>A nevet\u0151j\u00e1rv\u00e1ny egyes helyeken 6-18 h\u00f3napig tartott, \u00e9s t\u00f6bb ezer embert \u00e9rintett, miel\u0151tt v\u00e9gleg lecsengett. Ek\u00f6zben 14 iskol\u00e1t kellett ideiglenesen bez\u00e1rni. Az \u00e9rintettek testi t\u00fcnetekr\u0151l is besz\u00e1moltak: izzad\u00e1s, l\u00e9gz\u00e9si probl\u00e9m\u00e1k, kipirults\u00e1g, s\u00edr\u00f3g\u00f6rcs\u00f6k, f\u00e1jdalom\u00e9rzet. Ezekb\u0151l sajnos nem der\u00fcl ki, hogy mi okozhatta a lok\u00e1lis r\u00f6h\u00f6g\u0151g\u00f6rcs\u00f6t; m\u00e1ig a t\u00f6megpszich\u00f3zist tartj\u00e1k a legk\u00e9zenfekv\u0151bb magyar\u00e1zatnak.<\/p>\n<\/div>\n<\/li>\n<li class=\"zf-list_item\">\n<div class=\"zf-list_header\">\n<h3 id=\"9\" class=\"zf-list_title\"><span class=\"zf-number\">9<\/span>&nbsp;Nyos-t\u00f3: a gyilkos t\u00f3.<\/h3>\n<\/div>\n<figure class=\"zf-list_media zf-media-wrapper zf-image zf-type-image\">\n<div class=\"zf-media\" title=\"Nyos-t\u00f3: a gyilkos t\u00f3.\">\n<div class=\"zf-media\" title=\"Nyos-t\u00f3: a gyilkos t\u00f3.\">\n<div class=\"bb-media-placeholder\"><img loading=\"lazy\" class=\"\" src=\"https:\/\/liked.hu\/old\/wp-content\/uploads\/2018\/04\/14420815-Lake_nyos-1521117184-650-492368141d-1523017181.jpg\" sizes=\"(max-width: 650px) 100vw, 650px\" srcset=\"https:\/\/liked.hu\/old\/wp-content\/uploads\/2018\/04\/14420815-Lake_nyos-1521117184-650-492368141d-1523017181.jpg 650w, https:\/\/liked.hu\/old\/wp-content\/uploads\/2018\/04\/14420815-Lake_nyos-1521117184-650-492368141d-1523017181-300x202.jpg 300w, https:\/\/liked.hu\/old\/wp-content\/uploads\/2018\/04\/14420815-Lake_nyos-1521117184-650-492368141d-1523017181-545x366.jpg 545w\" alt=\"\" width=\"650\" height=\"437\"><\/div>\n<\/div>\n<\/div><figcaption class=\"zf-figcaption\"><cite><a class=\"zf-media_credit\" href=\"https:\/\/liked.hu\/old\/kimeno.php?https:\/\/hu.wikipedia.org\/wiki\/Nyos-t%C3%B3\" target=\"_blank\" rel=\"nofollow noopener\">wikipedia<\/a><\/cite><\/figcaption><\/figure>\n<div class=\"zf-countdown_description\">\n<p>1986. augusztus 21-\u00e9n egy limnikus kit\u00f6r\u00e9s hatalmas sz\u00e9n-dioxid felh\u0151t vetett fel a Nyos-t\u00f3b\u00f3l, amely megfojtott 1700-1800 embert \u00e9s mintegy 3500 h\u00e1zi\u00e1llatot. A tud\u00f3sok a vesz\u00e9ly cs\u00f6kkent\u00e9s\u00e9re \u00f6t cs\u00f6vet terveztek levezetni a t\u00f3 m\u00e9ly\u00e9be, hogy felsz\u00ednre hozz\u00e1k a felgy\u00fcleml\u0151 g\u00e1zok egy r\u00e9sz\u00e9t, de ezekb\u0151l csak egy k\u00e9sz\u00fclt el. Tov\u00e1bbi cs\u00f6vek elhelyez\u00e9s\u00e9t kock\u00e1zatosnak tartj\u00e1k, ugyanis f\u00e9l\u0151, hogy \u00fajabb kit\u00f6r\u00e9st ind\u00edthatn\u00e1nak el.<\/p>\n\n<div style=\"float:none;margin:0px 0 0px 0;text-align:center;\">\n<div class=\"mobileHideke8\"><div style=\"margin-top:25px;\"><div class=\"hirdeteshatter\"><div style=\"display: inline-block;width: 50%;min-width:340px;vertical-align: top;\"><div class=\"hirdetes\">HIRDET\u00c9S<\/div>\n<!-- Liked7Q1 -->\n<ins class=\"adsbygoogle\"\n     style=\"display:inline-block;width:336px;height:280px\"\n     data-ad-client=\"ca-pub-9424088931673893\"\n     data-ad-slot=\"3022062587\"><\/ins>\n<script async>\n     (adsbygoogle = window.adsbygoogle || []).push({});\n<\/script><\/div><div style=\"display: inline-block;width: 50%;min-width:340px;vertical-align: top;\"><div class=\"hirdetes\">HIRDET\u00c9S<\/div>\n<!-- Liked7Q2 -->\n<ins class=\"adsbygoogle\"\n     style=\"display:inline-block;width:336px;height:280px\"\n     data-ad-client=\"ca-pub-9424088931673893\"\n     data-ad-slot=\"3952000871\"><\/ins>\n<script async>\n     (adsbygoogle = window.adsbygoogle || []).push({});\n<\/script><\/div><\/div><\/div><\/div>\n<div style=\"display:flex;flex-direction:column;\"><div class=\"mobileShowka8\"><div style=\"padding-top:15px;margin-bottom:15px;min-height: 300px;\"><div class=\"hirdetes\">HIRDET\u00c9S<\/div>\n<!-- Liked7QMobil -->\n<ins class=\"adsbygoogle\"\n     style=\"display:inline-block;width:336px;height:280px\"\n     data-ad-client=\"ca-pub-9424088931673893\"\n     data-ad-slot=\"5073510857\"><\/ins>\n<script async>\n     (adsbygoogle = window.adsbygoogle || []).push({});\n<\/script><\/div><\/div><\/div><\/div>\n\n<\/div>\n<\/li>\n<li class=\"zf-list_item\">\n<div class=\"zf-list_header\">\n<h3 id=\"8\" class=\"zf-list_title\"><span class=\"zf-number\">8<\/span>&nbsp;A Norfolk-ezred rejt\u00e9lyes elt\u0171n\u00e9se.<\/h3>\n<\/div>\n<figure class=\"zf-list_media zf-media-wrapper zf-image zf-type-image\">\n<div class=\"zf-media\" title=\"A Norfolk-ezred rejt\u00e9lyes elt\u0171n\u00e9se.\">\n<div class=\"zf-media\" title=\"A Norfolk-ezred rejt\u00e9lyes elt\u0171n\u00e9se.\">\n<div class=\"bb-media-placeholder\"><img loading=\"lazy\" class=\"\" src=\"https:\/\/liked.hu\/old\/wp-content\/uploads\/2018\/04\/14420765-SandringhamBeckFR-1521117446-650-4f90dc75d2-1523017181.jpg\" sizes=\"(max-width: 650px) 100vw, 650px\" srcset=\"https:\/\/liked.hu\/old\/wp-content\/uploads\/2018\/04\/14420765-SandringhamBeckFR-1521117446-650-4f90dc75d2-1523017181.jpg 650w, https:\/\/liked.hu\/old\/wp-content\/uploads\/2018\/04\/14420765-SandringhamBeckFR-1521117446-650-4f90dc75d2-1523017181-233x300.jpg 233w, https:\/\/liked.hu\/old\/wp-content\/uploads\/2018\/04\/14420765-SandringhamBeckFR-1521117446-650-4f90dc75d2-1523017181-545x703.jpg 545w\" alt=\"\" width=\"650\" height=\"838\"><\/div>\n<\/div>\n<\/div><figcaption class=\"zf-figcaption\"><cite><a class=\"zf-media_credit\" href=\"https:\/\/liked.hu\/old\/kimeno.php?https:\/\/en.wikipedia.org\/wiki\/Frank_Beck_(British_Army_officer)\" target=\"_blank\" rel=\"nofollow noopener\">wikipedia<\/a><\/cite><\/figcaption><\/figure>\n<div class=\"zf-countdown_description\">\n<p>Az els\u0151 vil\u00e1gh\u00e1bor\u00fa idej\u00e9n 257, az angliai Sandringhamb\u00f3l \u00e9rkezett brit fiatalember, a Norfolk ezred \u00f6t\u00f6dik z\u00e1szl\u00f3alja 1915. j\u00falius 29-\u00e9n indult \u00fatnak Gallipoli fel\u00e9, hogy felvegy\u00e9k a harcot a t\u00f6r\u00f6k csapatokkal, melyek a n\u00e9metek oldal\u00e1n harcoltak. \u00datk\u00f6zben a katon\u00e1kra egy furcsa \u201ek\u00f6dfelh\u0151\u201d ereszkedett le, mely a besz\u00e1mol\u00f3k szerint 4-5 percig tartott \u00e9s amikor felsz\u00e1llt, 267 ember hirtelen sz\u00f3 szerint k\u00f6dd\u00e9 v\u00e1lt. M\u00e1ig nem lehet tudni, hogy mi t\u00f6rt\u00e9nhetett.<\/p>\n<\/div>\n<\/li>\n<li class=\"zf-list_item\">\n<div class=\"zf-list_header\">\n<h3 id=\"7\" class=\"zf-list_title\"><span class=\"zf-number\">7<\/span>&nbsp;Az \u00f6rd\u00f6g l\u00e1bnyomai Devonban.<\/h3>\n<\/div>\n<figure class=\"zf-list_media zf-media-wrapper zf-image zf-type-image\">\n<div class=\"zf-media\" title=\"Az \u00f6rd\u00f6g l\u00e1bnyomai Devonban.\">\n<div class=\"zf-media\" title=\"Az \u00f6rd\u00f6g l\u00e1bnyomai Devonban.\">\n<div class=\"bb-media-placeholder\"><img loading=\"lazy\" class=\"\" src=\"https:\/\/liked.hu\/old\/wp-content\/uploads\/2018\/04\/14420715-articles-3886710-77ebbcbc5d4b9c14574ec63b0bccd082-1522266170-650-bafc4f5921-1523017181.jpg\" sizes=\"(max-width: 650px) 100vw, 650px\" srcset=\"https:\/\/liked.hu\/old\/wp-content\/uploads\/2018\/04\/14420715-articles-3886710-77ebbcbc5d4b9c14574ec63b0bccd082-1522266170-650-bafc4f5921-1523017181.jpg 650w, https:\/\/liked.hu\/old\/wp-content\/uploads\/2018\/04\/14420715-articles-3886710-77ebbcbc5d4b9c14574ec63b0bccd082-1522266170-650-bafc4f5921-1523017181-229x300.jpg 229w, https:\/\/liked.hu\/old\/wp-content\/uploads\/2018\/04\/14420715-articles-3886710-77ebbcbc5d4b9c14574ec63b0bccd082-1522266170-650-bafc4f5921-1523017181-545x713.jpg 545w\" alt=\"\" width=\"650\" height=\"850\"><\/div>\n<\/div>\n<\/div><figcaption class=\"zf-figcaption\"><cite><a class=\"zf-media_credit\" href=\"https:\/\/liked.hu\/old\/kimeno.php?https:\/\/en.wikipedia.org\/wiki\/Devil%27s_Footprints\" target=\"_blank\" rel=\"nofollow noopener\">wikipedia<\/a><\/cite><\/figcaption><\/figure>\n<div class=\"zf-countdown_description\">\n<p>A d\u00e9l-angliai Devon megye lak\u00f3i \u00e9pp b\u00e9k\u00e9sen szund\u00edtottak \u00e1gyaikban, amikor 1855. febru\u00e1r 8-\u00e1nak \u00e9jjel\u00e9n egy titokzatos l\u00e9ny elsz\u00f3rta k\u00fcl\u00f6n\u00f6s l\u00e1bnyom\u00e1t szerte a k\u00f6rny\u00e9ken. Mivel eg\u00e9sz \u00e9jjel s\u0171r\u0171n havazott, a kor\u00e1n kel\u0151 gazd\u00e1knak azonnal felt\u0171ntek a h\u00f3ban hagyott fekete, patk\u00f3forma nyomok. A sosem l\u00e1tott jelens\u00e9g azonnal hiedelmek \u00e9s spekul\u00e1ci\u00f3k sor\u00e1t ind\u00edtotta el, az eset h\u00edre pedig nemcsak eg\u00e9sz Angli\u00e1t, de az eg\u00e9sz vil\u00e1got bej\u00e1rta.<\/p>\n<p>A rejt\u00e9lyes l\u00e1bnyomok t\u00f6bb mint 160 kilom\u00e9teren \u00e1t kanyarogtak szerte a megy\u00e9ben, az Exe-foly\u00f3t\u00f3l Totnesen \u00e1t eg\u00e9sz le a Dart-foly\u00f3ig. A megd\u00f6bbent helyiek \u00e9rtetlen\u00fcl \u00e1lltak az eset el\u0151tt, mivel a l\u00e1b tulajdonosa \u00fatja sor\u00e1n nemcsak hogy \u00e9szrev\u00e9tlen\u00fcl k\u00f6zlekedett, de \u00fagy t\u0171nt, teljesen akad\u00e1lytalanul haladt \u00e1t mindenen. A fura l\u00e9ny \u00faton, erd\u0151n, magas ker\u00edt\u00e9seken \u00e9s falakon, s\u0151t, m\u00e9g a h\u00f3f\u00f6dte h\u00e1ztet\u0151k\u00f6n is otthagyta l\u00e1bnyom\u00e1t.<\/p>\n<\/div>\n<\/li>\n<\/ol>\n<\/li>\n<\/ol>\n<p><!--nextpage--><\/p>\n<div id=\"zombify-main-section-front\" class=\"zombify-main-section-front zombify-screen zf-media-full zf-screen-sm\">\n<div class=\"zf-container\">\n<div id=\"zf-countdown\" class=\"zf-countdown zf-list zf-numbered\">\n<ol class=\"zf-structure-list\">\n<li class=\"zf-list_item\">\n<div class=\"zf-list_header\">\n<h3 id=\"6\" class=\"zf-list_title\"><span class=\"zf-number\">6<\/span>&nbsp;A v\u00e9rcsoportot v\u00e1lt\u00f3 ausztr\u00e1l l\u00e1ny.<\/h3>\n<\/div>\n<figure class=\"zf-list_media zf-media-wrapper zf-image zf-type-image\">\n<div class=\"zf-media\" title=\"A v\u00e9rcsoportot v\u00e1lt\u00f3 ausztr\u00e1l l\u00e1ny.\">\n<div class=\"zf-media\" title=\"A v\u00e9rcsoportot v\u00e1lt\u00f3 ausztr\u00e1l l\u00e1ny.\">\n<div class=\"bb-media-placeholder\"><img loading=\"lazy\" class=\"\" src=\"https:\/\/liked.hu\/old\/wp-content\/uploads\/2020\/10\/Vercsoportot-valtott-lany.jpg\" sizes=\"(max-width: 600px) 100vw, 600px\" srcset=\"https:\/\/liked.hu\/old\/wp-content\/uploads\/2020\/10\/Vercsoportot-valtott-lany.jpg 600w, https:\/\/liked.hu\/old\/wp-content\/uploads\/2020\/10\/Vercsoportot-valtott-lany-300x189.jpg 300w, https:\/\/liked.hu\/old\/wp-content\/uploads\/2020\/10\/Vercsoportot-valtott-lany-500x314.jpg 500w, https:\/\/liked.hu\/old\/wp-content\/uploads\/2020\/10\/Vercsoportot-valtott-lany-360x226.jpg 360w\" alt=\"Vercsoportot valtott lany\" width=\"600\" height=\"377\"><\/div>\n<\/div>\n<\/div><figcaption class=\"zf-figcaption\"><cite><\/cite><\/figcaption><\/figure>\n<div class=\"zf-countdown_description\">\n<p>2008-ban v\u00e9rcsoportot v\u00e1ltott \u00e9s \u00e1tvette a szervdonor immunrendszer\u00e9t egy ausztr\u00e1l l\u00e1ny. A vil\u00e1gon \u0151 az els\u0151 ismert szerv\u00e1t\u00fcltetett p\u00e1ciens, akinek ez siker\u00fclt. Demi-Lee Brennan, aki most 27 \u00e9ves, kilenc \u00e9vesen kapott \u00faj m\u00e1jat, amikor a saj\u00e1tja felmondta a szolg\u00e1latot.<\/p>\n<p>Brennan v\u00e9rcsoportja 0-\u00e1s RH negat\u00edvr\u00f3l 0-\u00e1s RH pozit\u00edvra v\u00e1ltozott, amikor beteg lett a gy\u00f3gyszerekt\u0151l, amelyeket a szervkil\u00f6k\u0151d\u00e9s megakad\u00e1lyoz\u00e1s\u00e1ra kapott. Az \u00e1t\u00fcltetett m\u00e1j v\u00e9rsejtjei behatoltak a csontvel\u0151be, majd az eg\u00e9sz immunrendszert el\u00e1rasztott\u00e1k, \u00edgy a kisl\u00e1ny nem szorul t\u00f6bb\u00e9 a kil\u00f6k\u0151d\u00e9st megakad\u00e1lyoz\u00f3 gy\u00f3gyszerekre.<\/p>\n<\/div>\n<\/li>\n<li class=\"zf-list_item\">\n<div class=\"zf-list_header\">\n<h3 id=\"5\" class=\"zf-list_title\"><span class=\"zf-number\">5<\/span>&nbsp;Az \u00f3lommaszkok esete.<\/h3>\n<\/div>\n<figure class=\"zf-list_media zf-media-wrapper zf-image zf-type-image\">\n<div class=\"zf-media\" title=\"Az \u00f3lommaszkok esete.\">\n<div class=\"zf-media\" title=\"Az \u00f3lommaszkok esete.\">\n<div class=\"bb-media-placeholder\"><img loading=\"lazy\" class=\"\" src=\"https:\/\/liked.hu\/old\/wp-content\/uploads\/2018\/04\/14420665-Mascara7-1521576686-650-3842996c49-1523017181.jpg\" sizes=\"(max-width: 650px) 100vw, 650px\" srcset=\"https:\/\/liked.hu\/old\/wp-content\/uploads\/2018\/04\/14420665-Mascara7-1521576686-650-3842996c49-1523017181.jpg 650w, https:\/\/liked.hu\/old\/wp-content\/uploads\/2018\/04\/14420665-Mascara7-1521576686-650-3842996c49-1523017181-222x300.jpg 222w, https:\/\/liked.hu\/old\/wp-content\/uploads\/2018\/04\/14420665-Mascara7-1521576686-650-3842996c49-1523017181-545x738.jpg 545w\" alt=\"\" width=\"650\" height=\"880\"><\/div>\n<\/div>\n<\/div><figcaption class=\"zf-figcaption\"><cite><a class=\"zf-media_credit\" href=\"https:\/\/liked.hu\/old\/kimeno.php?https:\/\/en.wikipedia.org\/wiki\/Lead_Masks_Case\" target=\"_blank\" rel=\"nofollow noopener\">wikipedia<\/a><\/cite><\/figcaption><\/figure>\n<div class=\"zf-countdown_description\">\n<p>1966. augusztus 20.-\u00e1n a k\u00e9t elektrotechnikus f\u00e9rfi holttest\u00e9t tal\u00e1lt\u00e1k meg teljesen egyforma \u00f6lt\u00f6nyben \u00e9s \u00f3lommaszkban a Brazil Vint\u00e9n dombon. Az egyik\u00fcknek a zseb\u00e9ben egy cetli volt, ami el\u0151z\u0151 napi tal\u00e1lkoz\u00f3t \u00edrt le valamint a megjel\u00f6lt id\u0151ben (18:30) a maszkok felv\u00e9tel\u00e9t \u00e9s egy kapszula lenyel\u00e9s\u00e9t. A szemtan\u00fak szerint siet\u0151sen v\u00e1s\u00e1roltak egy k\u00f6zeli boltban, majd elt\u0171ntek a domb ir\u00e1ny\u00e1ba. Tudnival\u00f3, hogy mindketten \u00e9rdekl\u0151dtek az UFO-k ir\u00e1nt, \u00e9s felvet\u0151d\u00f6tt a nyomoz\u00e1s alatt, hogy valami titokra bukkantak \u00e9s emiatt \u00f6lt\u00e9k meg \u0151ket. M\u00e1s elm\u00e9letek szerint csatlakozni akartak a MIB-hez, de balul s\u00fclt el, vagy t\u0151rbe csalt\u00e1k \u0151ket az idegenek. Mindenesetre m\u00e1ig rejt\u00e9ly, hogy mi t\u00f6rt\u00e9nhetett.<\/p>\n\n<div style=\"float:none;margin:0px 0 0px 0;text-align:center;\">\n<div class=\"mobileHideke8\"><div class=\"hirdeteshatter\"><div style=\"display: inline-block;width: 50%;min-width:340px;vertical-align: top;\"><div class=\"hirdetes\">HIRDET\u00c9S<\/div>\n<!-- LikedQ81 -->\n<ins class=\"adsbygoogle\"\n     style=\"display:inline-block;width:336px;height:280px\"\n     data-ad-client=\"ca-pub-9424088931673893\"\n     data-ad-slot=\"2436840276\"><\/ins>\n<script async>\n     (adsbygoogle = window.adsbygoogle || []).push({});\n<\/script><\/div><div style=\"display: inline-block;width: 50%;min-width:340px;vertical-align: top;\"><div class=\"hirdetes\">HIRDET\u00c9S<\/div>\n<!-- LikedQ82 -->\n<ins class=\"adsbygoogle\"\n     style=\"display:inline-block;width:336px;height:280px\"\n     data-ad-client=\"ca-pub-9424088931673893\"\n     data-ad-slot=\"3558350253\"><\/ins>\n<script async>\n     (adsbygoogle = window.adsbygoogle || []).push({});\n<\/script><\/div><\/div><\/div>\n<div style=\"display:flex;flex-direction:column;\"><div class=\"mobileShowka8 nyolc\"><div style=\"padding-top:15px;padding-bottom:5px;min-height: 300px;\"><div class=\"hirdetes\">HIRDET\u00c9S<\/div>\n<!-- LikedQ8M -->\n<ins class=\"adsbygoogle\"\n     style=\"display:inline-block;width:336px;height:280px\"\n     data-ad-client=\"ca-pub-9424088931673893\"\n     data-ad-slot=\"4679860235\"><\/ins>\n<script async>\n     (adsbygoogle = window.adsbygoogle || []).push({});\n<\/script><\/div><\/div><\/div><\/div>\n\n<\/div>\n<\/li>\n<li class=\"zf-list_item\">\n<div class=\"zf-list_header\">\n<h3 id=\"4\" class=\"zf-list_title\"><span class=\"zf-number\">4<\/span>&nbsp;Ricky McCormick jegyzete.<\/h3>\n<\/div>\n<figure class=\"zf-list_media zf-media-wrapper zf-image zf-type-image\">\n<div class=\"zf-media\" title=\"Ricky McCormick jegyzete.\">\n<div class=\"zf-media\" title=\"Ricky McCormick jegyzete.\">\n<div class=\"bb-media-placeholder\"><img loading=\"lazy\" class=\"\" src=\"https:\/\/liked.hu\/old\/wp-content\/uploads\/2018\/04\/14420615-articles-3886710-15e45bed5f178fa80645dbf1c7ef53e1-1522266311-650-787db54fa0-1523017181.jpg\" sizes=\"(max-width: 650px) 100vw, 650px\" srcset=\"https:\/\/liked.hu\/old\/wp-content\/uploads\/2018\/04\/14420615-articles-3886710-15e45bed5f178fa80645dbf1c7ef53e1-1522266311-650-787db54fa0-1523017181.jpg 650w, https:\/\/liked.hu\/old\/wp-content\/uploads\/2018\/04\/14420615-articles-3886710-15e45bed5f178fa80645dbf1c7ef53e1-1522266311-650-787db54fa0-1523017181-300x252.jpg 300w, https:\/\/liked.hu\/old\/wp-content\/uploads\/2018\/04\/14420615-articles-3886710-15e45bed5f178fa80645dbf1c7ef53e1-1522266311-650-787db54fa0-1523017181-545x458.jpg 545w\" alt=\"\" width=\"650\" height=\"546\"><\/div>\n<\/div>\n<\/div><figcaption class=\"zf-figcaption\"><cite><a class=\"zf-media_credit\" href=\"https:\/\/liked.hu\/old\/kimeno.php?http:\/\/en.wikipedia.org\/wiki\/Ricky_McCormick_murder_notes\" target=\"_blank\" rel=\"nofollow noopener\">wikipedia<\/a><\/cite><\/figcaption><\/figure>\n<div class=\"zf-countdown_description\">\n<p>999. j\u00fanius harmincadik\u00e1n tal\u00e1tak r\u00e1 a 41 \u00e9ves Ricky McCormick elf\u00f6ldelt holttest\u00e9re, zseb\u00e9ben egy 30 soros, k\u00f3dolt \u00fczenetnek t\u0171n\u0151 feljegyz\u00e9ssel. A n\u00e9hair\u00f3l csal\u00e1dja \u00e9s k\u00f6rnyezete gyermekkora \u00f3ta tudta, hogy im\u00e1dja a fejt\u00f6r\u0151ket \u00e9s saj\u00e1t, k\u00fcl\u00f6n bej\u00e1rat\u00fa titkos\u00edr\u00e1st dolgozott ki mag\u00e1nak, amivel napl\u00f3t is \u00edrt. A nyomoz\u00f3k v\u00e9leked\u00e9se szerint a rejt\u00e9lyes dokumentum jelentheti a gyilkoss\u00e1g k\u00f3dj\u00e1t, illetve tartalmazhatja az ind\u00edt\u00e9kot, esetleg az elk\u00f6vet\u0151 szem\u00e9ly\u00e9re utal\u00f3 inform\u00e1ci\u00f3kat.<\/p>\n<p>A sheriffhivatal \u00e9s az FBI mindent megpr\u00f3b\u00e1lt: ig\u00e9nybe vette a saj\u00e1t profi k\u00f3dfejt\u0151it, a hadsereg \u00e9s a titkosszolg\u00e1latok legpall\u00e9rozottabb elm\u00e9ihez is fordult, az Amerikai K\u00f3dfejt\u0151k Sz\u00f6vets\u00e9g\u00e9t is felk\u00e9rte a desifr\u00edroz\u00e1sra, de mindeddig eredm\u00e9nytelen\u00fcl. Az amerikai illet\u00e9kesek egyben biztosak: a titkos\u00edr\u00e1s \u00e9rdemi inform\u00e1ci\u00f3t hordoz, \u00e1tver\u00e9sr\u0151l, hoaxr\u00f3l vagy po\u00e9nb\u00f3l \u00e9s tal\u00e1lomra odafirk\u00e1lt jelekr\u0151l sz\u00f3 sincs.<\/p>\n<\/div>\n<\/li>\n<li class=\"zf-list_item\">\n<div class=\"zf-list_header\">\n<h3 id=\"3\" class=\"zf-list_title\"><span class=\"zf-number\">3<\/span>&nbsp;D. B. Cooper<\/h3>\n<\/div>\n<figure class=\"zf-list_media zf-media-wrapper zf-image zf-type-image\">\n<div class=\"zf-media\" title=\"D. B. Cooper\">\n<div class=\"zf-media\" title=\"D. B. Cooper\">\n<div class=\"bb-media-placeholder\"><img loading=\"lazy\" class=\"\" src=\"https:\/\/liked.hu\/old\/wp-content\/uploads\/2018\/04\/14420565-DB_Cooper_Wanted_Poster-1522266538-650-66c06252e8-1523017181.jpg\" sizes=\"(max-width: 650px) 100vw, 650px\" srcset=\"https:\/\/liked.hu\/old\/wp-content\/uploads\/2018\/04\/14420565-DB_Cooper_Wanted_Poster-1522266538-650-66c06252e8-1523017181.jpg 650w, https:\/\/liked.hu\/old\/wp-content\/uploads\/2018\/04\/14420565-DB_Cooper_Wanted_Poster-1522266538-650-66c06252e8-1523017181-300x207.jpg 300w, https:\/\/liked.hu\/old\/wp-content\/uploads\/2018\/04\/14420565-DB_Cooper_Wanted_Poster-1522266538-650-66c06252e8-1523017181-545x376.jpg 545w\" alt=\"\" width=\"650\" height=\"448\"><\/div>\n<\/div>\n<\/div><figcaption class=\"zf-figcaption\"><cite><a class=\"zf-media_credit\" href=\"https:\/\/liked.hu\/old\/kimeno.php?https:\/\/hu.wikipedia.org\/wiki\/D._B._Cooper\" target=\"_blank\" rel=\"nofollow noopener\">wikipedia<\/a><\/cite><\/figcaption><\/figure>\n<div class=\"zf-countdown_description\">\n<p>D. B. Cooper (Dan Cooperk\u00e9nt is ismert) a t\u00f6rt\u00e9nelem egyik legh\u00edresebb b\u0171n\u00f6z\u0151je, egyben egy rep\u00fcl\u0151g\u00e9p-elt\u00e9r\u00edt\u0151, aki 1971. november 24-\u00e9n 200 000 doll\u00e1rral egy\u00fctt kiugrott egy Boeing 727-es rep\u00fcl\u0151g\u00e9pb\u0151l az Amerikai Egyes\u00fclt \u00c1llamok Pacific Northwest r\u00e9sze felett, valahol a Cascade hegys\u00e9gn\u00e9l \u00e9s t\u00f6bb\u00e9 sosem l\u00e1tta \u0151t senki. Az FBI val\u00f3sz\u00edn\u0171s\u00edti, hogy f\u00f6ldet\u00e9r\u00e9skor meghalt.<\/p>\n\n<div style=\"float:none;margin:0px 0 0px 0;text-align:center;\">\n<div class=\"mobileHideke5\"><div style=\"margin-top:25px;\"><div class=\"hirdeteshatter\"><div style=\"display: inline-block;width: 50%;min-width:305px;vertical-align: top;\"><div class=\"hirdetes\">HIRDET\u00c9S<\/div>\n<!-- LikedQ51 -->\n<ins class=\"adsbygoogle\"\n     style=\"display:inline-block;width:300px;height:250px\"\n     data-ad-client=\"ca-pub-9424088931673893\"\n     data-ad-slot=\"8284063326\"><\/ins>\n<script async>\n     (adsbygoogle = window.adsbygoogle || []).push({});\n<\/script><\/div><div style=\"display: inline-block;width: 50%;min-width:305px;vertical-align: top;\"><div class=\"hirdetes\">HIRDET\u00c9S<\/div>\n<!-- LikedQ52 -->\n<ins class=\"adsbygoogle\"\n     style=\"display:inline-block;width:300px;height:250px\"\n     data-ad-client=\"ca-pub-9424088931673893\"\n     data-ad-slot=\"2840164950\"><\/ins>\n<script async>\n     (adsbygoogle = window.adsbygoogle || []).push({});\n<\/script><\/div><\/div><\/div><\/div>\n<div style=\"display:flex;flex-direction:column;\"><div class=\"mobileShowka5\"><div style=\"padding-top:10px;padding-bottom:10px;min-height: 300px;\"><div class=\"hirdetes\">HIRDET\u00c9S<\/div>\n<!-- LikedQ5M -->\n<ins class=\"adsbygoogle\"\n     style=\"display:inline-block;width:300px;height:250px\"\n     data-ad-client=\"ca-pub-9424088931673893\"\n     data-ad-slot=\"9022429928\"><\/ins>\n<script async>\n     (adsbygoogle = window.adsbygoogle || []).push({});\n<\/script><\/div><\/div><\/div><\/div>\n\n<\/div>\n<\/li>\n<li class=\"zf-list_item\">\n<div class=\"zf-list_header\">\n<h3 id=\"2\" class=\"zf-list_title\"><span class=\"zf-number\">2<\/span>&nbsp;Edgar Allan Poe titkos csod\u00e1l\u00f3ja.<\/h3>\n<\/div>\n<figure class=\"zf-list_media zf-media-wrapper zf-image zf-type-image\">\n<div class=\"zf-media\" title=\"Edgar Allan Poe titkos csod\u00e1l\u00f3ja.\">\n<div class=\"zf-media\" title=\"Edgar Allan Poe titkos csod\u00e1l\u00f3ja.\">\n<div class=\"bb-media-placeholder\"><img loading=\"lazy\" class=\"\" src=\"https:\/\/liked.hu\/old\/wp-content\/uploads\/2018\/04\/14420515-Edgar_allan_poes_grave-1521583908-650-96373cc6bb-1523017181.jpg\" sizes=\"(max-width: 650px) 100vw, 650px\" srcset=\"https:\/\/liked.hu\/old\/wp-content\/uploads\/2018\/04\/14420515-Edgar_allan_poes_grave-1521583908-650-96373cc6bb-1523017181.jpg 650w, https:\/\/liked.hu\/old\/wp-content\/uploads\/2018\/04\/14420515-Edgar_allan_poes_grave-1521583908-650-96373cc6bb-1523017181-225x300.jpg 225w, https:\/\/liked.hu\/old\/wp-content\/uploads\/2018\/04\/14420515-Edgar_allan_poes_grave-1521583908-650-96373cc6bb-1523017181-545x726.jpg 545w\" alt=\"\" width=\"650\" height=\"866\"><\/div>\n<\/div>\n<\/div><figcaption class=\"zf-figcaption\"><cite><a class=\"zf-media_credit\" href=\"https:\/\/liked.hu\/old\/kimeno.php?https:\/\/en.wikipedia.org\/wiki\/Poe_Toaster\" target=\"_blank\" rel=\"nofollow noopener\">wikipedia<\/a><\/cite><\/figcaption><\/figure>\n<div class=\"zf-countdown_description\">\n<p>Edgar Allan Poe titkos csod\u00e1l\u00f3ja egy ismeretlen ember, aki minden \u00e9vben megl\u00e1togatja az \u00edr\u00f3 s\u00edrj\u00e1t a sz\u00fclet\u00e9snapj\u00e1n. Nem csak egyszer\u0171 gyertyagy\u00fajt\u00e1sr\u00f3l van sz\u00f3, val\u00f3di szertart\u00e1st v\u00e9gez: kora reggel, fekete ruh\u00e1ban \u00e9s s\u00e1l m\u00f6g\u00e9 rejtett arccal \u00e9rkezik, majd eg\u00e9szen estig egy \u00fcveg Brandy mellett v\u00e1rja, hogy teljen az id\u0151. V\u00e9g\u00fcl h\u00e1rom piros r\u00f3zs\u00e1t hagy a s\u00edrn\u00e1l.<\/p>\n<p>A dolog \u00e9rdekess\u00e9ge, hogy 50 \u00e9ven kereszt\u00fcl minden \u00e9vben elj\u00f6tt ez a titokzatos idegen, hogy ler\u00f3ja tisztelet\u00e9t Edgar Allan Poe s\u00edrj\u00e1n\u00e1l. 2010 volt az els\u0151 olyan \u00e9v, amikor az ismeretlen csod\u00e1l\u00f3 nem jelent meg, felt\u00e9telezhet\u0151en az\u00e9rt, mert az \u00edr\u00f3 sz\u00fclet\u00e9snapj\u00e1nak 200. \u00e9vfordul\u00f3ja alkalm\u00e1b\u00f3l megsz\u0171nt a hagyom\u00e1ny, vagy az\u00e9rt, mert a titokzatos idegen maga is elhal\u00e1lozott.<\/p>\n<\/div>\n<\/li>\n<li class=\"zf-list_item\">\n<div class=\"zf-list_header\">\n<h3 id=\"1\" class=\"zf-list_title\"><span class=\"zf-number\">1<\/span>&nbsp;A vas\u00e1larcos f\u00e9rfi legend\u00e1ja.<\/h3>\n<\/div>\n<figure class=\"zf-list_media zf-media-wrapper zf-image zf-type-image\">\n<div class=\"zf-media\" title=\"A vas\u00e1larcos f\u00e9rfi legend\u00e1ja.\">\n<div class=\"zf-media\" title=\"A vas\u00e1larcos f\u00e9rfi legend\u00e1ja.\">\n<div class=\"bb-media-placeholder\"><img loading=\"lazy\" class=\"\" src=\"https:\/\/liked.hu\/old\/wp-content\/uploads\/2018\/04\/14420415-1200px-Man_in_the_Iron_Masque_crop-1521584015-650-263f5d13f0-1523017181.jpg\" sizes=\"(max-width: 650px) 100vw, 650px\" srcset=\"https:\/\/liked.hu\/old\/wp-content\/uploads\/2018\/04\/14420415-1200px-Man_in_the_Iron_Masque_crop-1521584015-650-263f5d13f0-1523017181.jpg 650w, https:\/\/liked.hu\/old\/wp-content\/uploads\/2018\/04\/14420415-1200px-Man_in_the_Iron_Masque_crop-1521584015-650-263f5d13f0-1523017181-300x217.jpg 300w, https:\/\/liked.hu\/old\/wp-content\/uploads\/2018\/04\/14420415-1200px-Man_in_the_Iron_Masque_crop-1521584015-650-263f5d13f0-1523017181-545x395.jpg 545w\" alt=\"\" width=\"650\" height=\"471\"><\/div>\n<\/div>\n<\/div><figcaption class=\"zf-figcaption\"><cite><a class=\"zf-media_credit\" href=\"https:\/\/liked.hu\/old\/kimeno.php?http:\/\/www.ng.hu\/Civilizacio\/2010\/04\/A_vasalarcos_ferfi_legendaja\" target=\"_blank\" rel=\"nofollow noopener\">nationalgeographic<\/a><\/cite><\/figcaption><\/figure>\n<div class=\"zf-countdown_description\">\n<p>Franciaorsz\u00e1gban a 17\u201318. sz\u00e1zad fordul\u00f3j\u00e1n XIV. Lajos att\u00f3l val\u00f3 f\u00e9lelem\u00e9ben, hogy ikertestv\u00e9re megszerzi helyette a tr\u00f3nt, sz\u00f6rny\u0171 sorsra \u00edt\u00e9lte \u0151t: fej\u00e9t vas\u00e1larc m\u00f6g\u00e9 szor\u00edtotta. Legal\u00e1bbis a sz\u00f3besz\u00e9dek szerint &#8211; a t\u00f6rt\u00e9n\u00e9szek ugyanis az\u00f3ta is, majd 300 \u00e9ve vitatkoznak azon, hogy vajon igaz-e ez a t\u00f6rt\u00e9net. Ami biztos, hogy a vas\u00e1larcos rab l\u00e9tezett, \u00e1m a mai napig senki sem tudja biztosan, hogy kit is rejtett val\u00f3j\u00e1ban a titokzatos f\u00e9m maszk.<\/p>\n<\/div>\n<\/li>\n<\/ol>\n<\/div>\n<\/div>\n<\/div>\n<\/div>\n<\/div>\n<\/div>\n","protected":false},"excerpt":{"rendered":"<p>Nem mindennap l\u00e1that ilyet az ember.<\/p>\n","protected":false},"author":13,"featured_media":319424,"comment_status":"open","ping_status":"closed","sticky":false,"template":"","format":"standard","meta":{"buzzeditor_post_format":""},"categories":[23],"tags":[648,856,1225,2170,2657],"yoast_head":"<!-- This site is optimized with the Yoast SEO plugin v19.6.1 - https:\/\/yoast.com\/wordpress\/plugins\/seo\/ -->\n<title>12 hihetetlen esem\u00e9ny, ami csak egyszer t\u00f6rt\u00e9nt meg az id\u0151k sor\u00e1n<\/title>\n<meta name=\"description\" content=\"Nem mindennap l\u00e1that ilyet az ember.\" \/>\n<meta name=\"robots\" content=\"index, follow, max-snippet:-1, max-image-preview:large, max-video-preview:-1\" \/>\n<link rel=\"canonical\" href=\"https:\/\/liked.hu\/old\/erdekes\/12-hihetetlen-esemeny-ami-csak-egyszer-tortent-meg-az-idok-soran\/\" \/>\n<link rel=\"next\" href=\"https:\/\/liked.hu\/old\/erdekes\/12-hihetetlen-esemeny-ami-csak-egyszer-tortent-meg-az-idok-soran\/2\/\" \/>\n<meta property=\"og:locale\" content=\"hu_HU\" \/>\n<meta property=\"og:type\" content=\"article\" \/>\n<meta property=\"og:title\" content=\"12 hihetetlen esem\u00e9ny, ami csak egyszer t\u00f6rt\u00e9nt meg az id\u0151k sor\u00e1n\" \/>\n<meta property=\"og:description\" content=\"Nem mindennap l\u00e1that ilyet az ember.\" \/>\n<meta property=\"og:url\" content=\"https:\/\/liked.hu\/old\/erdekes\/12-hihetetlen-esemeny-ami-csak-egyszer-tortent-meg-az-idok-soran\/\" \/>\n<meta property=\"og:site_name\" content=\"Liked.hu\" \/>\n<meta property=\"article:publisher\" content=\"https:\/\/www.facebook.com\/liked.hu\" \/>\n<meta property=\"article:published_time\" content=\"2023-11-26T20:25:00+00:00\" \/>\n<meta property=\"article:modified_time\" content=\"2023-11-26T20:30:17+00:00\" \/>\n<meta property=\"og:image\" content=\"https:\/\/liked.hu\/old\/wp-content\/uploads\/2021\/01\/Egyszer-tortent-esemenyek.jpg\" \/>\n\t<meta property=\"og:image:width\" content=\"1200\" \/>\n\t<meta property=\"og:image:height\" content=\"630\" \/>\n\t<meta property=\"og:image:type\" content=\"image\/jpeg\" \/>\n<meta name=\"author\" content=\"Klingstrom\" \/>\n<meta name=\"twitter:card\" content=\"summary\" \/>\n<meta name=\"twitter:creator\" content=\"@LikedHu\" \/>\n<meta name=\"twitter:site\" content=\"@LikedHu\" \/>\n<meta name=\"twitter:label1\" content=\"Szerz\u0151:\" \/>\n\t<meta name=\"twitter:data1\" content=\"Klingstrom\" \/>\n\t<meta name=\"twitter:label2\" content=\"Becs\u00fclt olvas\u00e1si id\u0151\" \/>\n\t<meta name=\"twitter:data2\" content=\"9 perc\" \/>\n<script type=\"application\/ld+json\" class=\"yoast-schema-graph\">{\"@context\":\"https:\/\/schema.org\",\"@graph\":[{\"@type\":\"Article\",\"@id\":\"https:\/\/liked.hu\/old\/erdekes\/12-hihetetlen-esemeny-ami-csak-egyszer-tortent-meg-az-idok-soran\/#article\",\"isPartOf\":{\"@id\":\"https:\/\/liked.hu\/old\/erdekes\/12-hihetetlen-esemeny-ami-csak-egyszer-tortent-meg-az-idok-soran\/\"},\"author\":{\"name\":\"Klingstrom\",\"@id\":\"https:\/\/liked.hu\/old\/#\/schema\/person\/1c8d3f8764991e8dcd6572a7de72da8a\"},\"headline\":\"12 hihetetlen esem\u00e9ny, ami csak egyszer t\u00f6rt\u00e9nt meg az id\u0151k sor\u00e1n\",\"datePublished\":\"2023-11-26T20:25:00+00:00\",\"dateModified\":\"2023-11-26T20:30:17+00:00\",\"mainEntityOfPage\":{\"@id\":\"https:\/\/liked.hu\/old\/erdekes\/12-hihetetlen-esemeny-ami-csak-egyszer-tortent-meg-az-idok-soran\/\"},\"wordCount\":1736,\"commentCount\":8,\"publisher\":{\"@id\":\"https:\/\/liked.hu\/old\/#organization\"},\"keywords\":[\"\u00e9rdekess\u00e9g\",\"furcsa\",\"izgalmas\",\"rejt\u00e9ly\",\"t\u00f6rt\u00e9net\"],\"articleSection\":[\"\u00c9rdekess\u00e9gek\"],\"inLanguage\":\"hu\",\"potentialAction\":[{\"@type\":\"CommentAction\",\"name\":\"Comment\",\"target\":[\"https:\/\/liked.hu\/old\/erdekes\/12-hihetetlen-esemeny-ami-csak-egyszer-tortent-meg-az-idok-soran\/#respond\"]}]},{\"@type\":\"WebPage\",\"@id\":\"https:\/\/liked.hu\/old\/erdekes\/12-hihetetlen-esemeny-ami-csak-egyszer-tortent-meg-az-idok-soran\/\",\"url\":\"https:\/\/liked.hu\/old\/erdekes\/12-hihetetlen-esemeny-ami-csak-egyszer-tortent-meg-az-idok-soran\/\",\"name\":\"12 hihetetlen esem\u00e9ny, ami csak egyszer t\u00f6rt\u00e9nt meg az id\u0151k sor\u00e1n\",\"isPartOf\":{\"@id\":\"https:\/\/liked.hu\/old\/#website\"},\"datePublished\":\"2023-11-26T20:25:00+00:00\",\"dateModified\":\"2023-11-26T20:30:17+00:00\",\"description\":\"Nem mindennap l\u00e1that ilyet az ember.\",\"breadcrumb\":{\"@id\":\"https:\/\/liked.hu\/old\/erdekes\/12-hihetetlen-esemeny-ami-csak-egyszer-tortent-meg-az-idok-soran\/#breadcrumb\"},\"inLanguage\":\"hu\",\"potentialAction\":[{\"@type\":\"ReadAction\",\"target\":[\"https:\/\/liked.hu\/old\/erdekes\/12-hihetetlen-esemeny-ami-csak-egyszer-tortent-meg-az-idok-soran\/\"]}]},{\"@type\":\"BreadcrumbList\",\"@id\":\"https:\/\/liked.hu\/old\/erdekes\/12-hihetetlen-esemeny-ami-csak-egyszer-tortent-meg-az-idok-soran\/#breadcrumb\",\"itemListElement\":[{\"@type\":\"ListItem\",\"position\":1,\"name\":\"Kezd\u0151lap\"}]},{\"@type\":\"WebSite\",\"@id\":\"https:\/\/liked.hu\/old\/#website\",\"url\":\"https:\/\/liked.hu\/old\/\",\"name\":\"Liked.hu\",\"description\":\"\",\"publisher\":{\"@id\":\"https:\/\/liked.hu\/old\/#organization\"},\"potentialAction\":[{\"@type\":\"SearchAction\",\"target\":{\"@type\":\"EntryPoint\",\"urlTemplate\":\"https:\/\/liked.hu\/old\/?s={search_term_string}\"},\"query-input\":\"required name=search_term_string\"}],\"inLanguage\":\"hu\"},{\"@type\":\"Organization\",\"@id\":\"https:\/\/liked.hu\/old\/#organization\",\"name\":\"Liked.hu\",\"url\":\"https:\/\/liked.hu\/old\/\",\"sameAs\":[\"https:\/\/hu.pinterest.com\/likedhungary\/\",\"https:\/\/www.youtube.com\/channel\/UCPv91dbMoIukYcM9b9nHN6Q\",\"https:\/\/www.facebook.com\/liked.hu\",\"https:\/\/twitter.com\/LikedHu\"],\"logo\":{\"@type\":\"ImageObject\",\"inLanguage\":\"hu\",\"@id\":\"https:\/\/liked.hu\/old\/#\/schema\/logo\/image\/\",\"url\":\"https:\/\/liked.hu\/wp-content\/uploads\/2018\/08\/Liked-icon.png\",\"contentUrl\":\"https:\/\/liked.hu\/wp-content\/uploads\/2018\/08\/Liked-icon.png\",\"width\":512,\"height\":512,\"caption\":\"Liked.hu\"},\"image\":{\"@id\":\"https:\/\/liked.hu\/old\/#\/schema\/logo\/image\/\"}},{\"@type\":\"Person\",\"@id\":\"https:\/\/liked.hu\/old\/#\/schema\/person\/1c8d3f8764991e8dcd6572a7de72da8a\",\"name\":\"Klingstrom\",\"image\":{\"@type\":\"ImageObject\",\"inLanguage\":\"hu\",\"@id\":\"https:\/\/liked.hu\/old\/#\/schema\/person\/image\/\",\"url\":\"https:\/\/liked.hu\/old\/wp-content\/uploads\/avatars\/13\/604de88bd578a-bpfull.jpg\",\"contentUrl\":\"https:\/\/liked.hu\/old\/wp-content\/uploads\/avatars\/13\/604de88bd578a-bpfull.jpg\",\"caption\":\"Klingstrom\"},\"url\":\"https:\/\/liked.hu\/old\/u\/klingstrom\/\"}]}<\/script>\n<!-- \/ Yoast SEO plugin. -->","yoast_head_json":{"title":"12 hihetetlen esem\u00e9ny, ami csak egyszer t\u00f6rt\u00e9nt meg az id\u0151k sor\u00e1n","description":"Nem mindennap l\u00e1that ilyet az ember.","robots":{"index":"index","follow":"follow","max-snippet":"max-snippet:-1","max-image-preview":"max-image-preview:large","max-video-preview":"max-video-preview:-1"},"canonical":"https:\/\/liked.hu\/old\/erdekes\/12-hihetetlen-esemeny-ami-csak-egyszer-tortent-meg-az-idok-soran\/","next":"https:\/\/liked.hu\/old\/erdekes\/12-hihetetlen-esemeny-ami-csak-egyszer-tortent-meg-az-idok-soran\/2\/","og_locale":"hu_HU","og_type":"article","og_title":"12 hihetetlen esem\u00e9ny, ami csak egyszer t\u00f6rt\u00e9nt meg az id\u0151k sor\u00e1n","og_description":"Nem mindennap l\u00e1that ilyet az ember.","og_url":"https:\/\/liked.hu\/old\/erdekes\/12-hihetetlen-esemeny-ami-csak-egyszer-tortent-meg-az-idok-soran\/","og_site_name":"Liked.hu","article_publisher":"https:\/\/www.facebook.com\/liked.hu","article_published_time":"2023-11-26T20:25:00+00:00","article_modified_time":"2023-11-26T20:30:17+00:00","og_image":[{"width":1200,"height":630,"url":"https:\/\/liked.hu\/old\/wp-content\/uploads\/2021\/01\/Egyszer-tortent-esemenyek.jpg","type":"image\/jpeg"}],"author":"Klingstrom","twitter_card":"summary","twitter_creator":"@LikedHu","twitter_site":"@LikedHu","twitter_misc":{"Szerz\u0151:":"Klingstrom","Becs\u00fclt olvas\u00e1si id\u0151":"9 perc"},"schema":{"@context":"https:\/\/schema.org","@graph":[{"@type":"Article","@id":"https:\/\/liked.hu\/old\/erdekes\/12-hihetetlen-esemeny-ami-csak-egyszer-tortent-meg-az-idok-soran\/#article","isPartOf":{"@id":"https:\/\/liked.hu\/old\/erdekes\/12-hihetetlen-esemeny-ami-csak-egyszer-tortent-meg-az-idok-soran\/"},"author":{"name":"Klingstrom","@id":"https:\/\/liked.hu\/old\/#\/schema\/person\/1c8d3f8764991e8dcd6572a7de72da8a"},"headline":"12 hihetetlen esem\u00e9ny, ami csak egyszer t\u00f6rt\u00e9nt meg az id\u0151k sor\u00e1n","datePublished":"2023-11-26T20:25:00+00:00","dateModified":"2023-11-26T20:30:17+00:00","mainEntityOfPage":{"@id":"https:\/\/liked.hu\/old\/erdekes\/12-hihetetlen-esemeny-ami-csak-egyszer-tortent-meg-az-idok-soran\/"},"wordCount":1736,"commentCount":8,"publisher":{"@id":"https:\/\/liked.hu\/old\/#organization"},"keywords":["\u00e9rdekess\u00e9g","furcsa","izgalmas","rejt\u00e9ly","t\u00f6rt\u00e9net"],"articleSection":["\u00c9rdekess\u00e9gek"],"inLanguage":"hu","potentialAction":[{"@type":"CommentAction","name":"Comment","target":["https:\/\/liked.hu\/old\/erdekes\/12-hihetetlen-esemeny-ami-csak-egyszer-tortent-meg-az-idok-soran\/#respond"]}]},{"@type":"WebPage","@id":"https:\/\/liked.hu\/old\/erdekes\/12-hihetetlen-esemeny-ami-csak-egyszer-tortent-meg-az-idok-soran\/","url":"https:\/\/liked.hu\/old\/erdekes\/12-hihetetlen-esemeny-ami-csak-egyszer-tortent-meg-az-idok-soran\/","name":"12 hihetetlen esem\u00e9ny, ami csak egyszer t\u00f6rt\u00e9nt meg az id\u0151k sor\u00e1n","isPartOf":{"@id":"https:\/\/liked.hu\/old\/#website"},"datePublished":"2023-11-26T20:25:00+00:00","dateModified":"2023-11-26T20:30:17+00:00","description":"Nem mindennap l\u00e1that ilyet az ember.","breadcrumb":{"@id":"https:\/\/liked.hu\/old\/erdekes\/12-hihetetlen-esemeny-ami-csak-egyszer-tortent-meg-az-idok-soran\/#breadcrumb"},"inLanguage":"hu","potentialAction":[{"@type":"ReadAction","target":["https:\/\/liked.hu\/old\/erdekes\/12-hihetetlen-esemeny-ami-csak-egyszer-tortent-meg-az-idok-soran\/"]}]},{"@type":"BreadcrumbList","@id":"https:\/\/liked.hu\/old\/erdekes\/12-hihetetlen-esemeny-ami-csak-egyszer-tortent-meg-az-idok-soran\/#breadcrumb","itemListElement":[{"@type":"ListItem","position":1,"name":"Kezd\u0151lap"}]},{"@type":"WebSite","@id":"https:\/\/liked.hu\/old\/#website","url":"https:\/\/liked.hu\/old\/","name":"Liked.hu","description":"","publisher":{"@id":"https:\/\/liked.hu\/old\/#organization"},"potentialAction":[{"@type":"SearchAction","target":{"@type":"EntryPoint","urlTemplate":"https:\/\/liked.hu\/old\/?s={search_term_string}"},"query-input":"required name=search_term_string"}],"inLanguage":"hu"},{"@type":"Organization","@id":"https:\/\/liked.hu\/old\/#organization","name":"Liked.hu","url":"https:\/\/liked.hu\/old\/","sameAs":["https:\/\/hu.pinterest.com\/likedhungary\/","https:\/\/www.youtube.com\/channel\/UCPv91dbMoIukYcM9b9nHN6Q","https:\/\/www.facebook.com\/liked.hu","https:\/\/twitter.com\/LikedHu"],"logo":{"@type":"ImageObject","inLanguage":"hu","@id":"https:\/\/liked.hu\/old\/#\/schema\/logo\/image\/","url":"https:\/\/liked.hu\/wp-content\/uploads\/2018\/08\/Liked-icon.png","contentUrl":"https:\/\/liked.hu\/wp-content\/uploads\/2018\/08\/Liked-icon.png","width":512,"height":512,"caption":"Liked.hu"},"image":{"@id":"https:\/\/liked.hu\/old\/#\/schema\/logo\/image\/"}},{"@type":"Person","@id":"https:\/\/liked.hu\/old\/#\/schema\/person\/1c8d3f8764991e8dcd6572a7de72da8a","name":"Klingstrom","image":{"@type":"ImageObject","inLanguage":"hu","@id":"https:\/\/liked.hu\/old\/#\/schema\/person\/image\/","url":"https:\/\/liked.hu\/old\/wp-content\/uploads\/avatars\/13\/604de88bd578a-bpfull.jpg","contentUrl":"https:\/\/liked.hu\/old\/wp-content\/uploads\/avatars\/13\/604de88bd578a-bpfull.jpg","caption":"Klingstrom"},"url":"https:\/\/liked.hu\/old\/u\/klingstrom\/"}]}},"publishpress_future_action":{"enabled":false,"date":"1970-01-01 01:00:00","action":"","terms":[],"taxonomy":"","browser_timezone_offset":0},"_links":{"self":[{"href":"https:\/\/liked.hu\/old\/wp-json\/wp\/v2\/posts\/100099"}],"collection":[{"href":"https:\/\/liked.hu\/old\/wp-json\/wp\/v2\/posts"}],"about":[{"href":"https:\/\/liked.hu\/old\/wp-json\/wp\/v2\/types\/post"}],"author":[{"embeddable":true,"href":"https:\/\/liked.hu\/old\/wp-json\/wp\/v2\/users\/13"}],"replies":[{"embeddable":true,"href":"https:\/\/liked.hu\/old\/wp-json\/wp\/v2\/comments?post=100099"}],"version-history":[{"count":0,"href":"https:\/\/liked.hu\/old\/wp-json\/wp\/v2\/posts\/100099\/revisions"}],"wp:featuredmedia":[{"embeddable":true,"href":"https:\/\/liked.hu\/old\/wp-json\/wp\/v2\/media\/319424"}],"wp:attachment":[{"href":"https:\/\/liked.hu\/old\/wp-json\/wp\/v2\/media?parent=100099"}],"wp:term":[{"taxonomy":"category","embeddable":true,"href":"https:\/\/liked.hu\/old\/wp-json\/wp\/v2\/categories?post=100099"},{"taxonomy":"post_tag","embeddable":true,"href":"https:\/\/liked.hu\/old\/wp-json\/wp\/v2\/tags?post=100099"}],"curies":[{"name":"wp","href":"https:\/\/api.w.org\/{rel}","templated":true}]}}